{"id":7804,"date":"1996-06-19T00:00:00","date_gmt":"1996-06-18T22:00:00","guid":{"rendered":"https:\/\/master.greenpeace.ch\/beitrag\/7804\/schweizer-lebensmittelhandel-lehnt-gen-soja-ab\/"},"modified":"2019-05-30T08:15:46","modified_gmt":"2019-05-30T06:15:46","slug":"schweizer-lebensmittelhandel-lehnt-gen-soja-ab","status":"publish","type":"post","link":"https:\/\/www.greenpeace.ch\/de\/medienmitteilung\/7804\/schweizer-lebensmittelhandel-lehnt-gen-soja-ab\/","title":{"rendered":"Schweizer Lebensmittelhandel lehnt Gen-Soja ab"},"content":{"rendered":"<p><b>Schweizer Lebensmittel-Grossverteiler treten gegen gentechnisch manipulierte Nahrungsmittel ein. Dies ergab ein Umfrage der Umweltorganisation Greenpeace. Dabei steht f\u00fcr den Lebensmittelhandel einiges auf dem Spiel. Im Herbst soll die erste gentechnisch manipulierte Soja in Schweizer Verkaufsregalen auftauchen. Um dies zu verhindern haben grosse KonsumentInnen-, Umwelt- und Landwirtschaftsorganisationen gemeinsam eine Petition lanciert. Diese verlangt vom Bundesrat, ein Importverbot f\u00fcr gentechnisch manipulierte Lebens- und Futtermittel zu verh\u00e4ngen. Ganz wie es dem Willen der Mehrheit der Schweizer Bev\u00f6lkerung und auch jenem der Grossverteiler entspricht. Die \u00f6sterreichischen Supermarktketten &#171;Billa&#187; und &#171;Spar&#187; deklarieren ihr Sortiment inzwischen ebenfalls &#171;gentech-frei&#187; und in Amerika ist die &#171;Flavr Savr&#187;-Gen-Tomate &#8211; nach Riesenverlusten &#8211; vom Markt genommen worden.<\/b><\/p>\n<div>\n<p class=\"bodytext\"><span class=\"date\">Z\u00fcrich. <\/span><span class=\"text\"> Durch die Hintert\u00fcr und mit unglaublicher Arroganz wird im Herbst genmanipuliertes Soja undeklariert und im grossen Stil nach Europa importiert werden. Zahlreiche Meinungsumfragen unter europ\u00e4ischen und schweizerischen VerbraucherInnen haben allerdings klar ergeben: Die KonsumentInnen lehnen genmanipulierte Nahrungsmittel entschieden ab. Das k\u00fcmmert den amerikanischen Chemiekonzern Monsanto aber ebensowenig, wie sich der Konzern um Schweizer Gesetze schert: Die Gen-Soja ist laut Lebensmittelverordnung in der Schweiz zulassungs- und deklarationspflichtig. Allerdings liegt bis heute kein Zulassungsantrag vor und Monsanto will die Gentech-Soja mit normalen Sojabohnen vermischen und so unkontrollierbar machen und undeklariert importieren. Soja wird in verschiedensten Formen in unz\u00e4hligen Nahrungsmitteln wie Schokolade, Glace, Backwaren, Mayonnaise, Fertiggerichten oder Margarine verwendet, als Tofu oder Sojamilch direkt konsumiert und auch an Tiere verf\u00fcttert. Der Soja-Markt erf\u00e4hrt derzeit einen Boom, nachdem der Rinderwahn (BSE) offensichtlich auf Menschen \u00fcbertragbar ist und die Missst\u00e4nde in der Fleisch- und Fleischmehlproduktion bekannt wurden. Das Vertrauen der VerbraucherInnen ist massiv ersch\u00fcttert &#8211; sie greifen nun vermehrt auf pflanzliches Eiweiss zur\u00fcck. Eine Greenpeace-Umfrage beim Schweizer Lebensmittelhandel zeigt, dass die giftresistente Monsanto-Soja auch dort nicht erw\u00fcnscht ist: Alle angefragten Grossverteiler lehnen die Gentech-Soja ab. Damit ist die Infiltration der US-Soja zwar noch nicht gestoppt, doch die KonsumentInnen-, Umwelt- und Landwirtschaftsorganisationen nehmen mit Befriedigung zur Kenntnis, dass sich die Grossverteiler verbindlich auf die Seite der KonsumentInnen stellen. Bei Coop in Basel degustierten vor wenigen Tagen Testpersonen hinter verschlossenen T\u00fcren neue Fleischersatzprodukte der Firma Bell auf Sojabasis, die im Herbst in die Regale sollen &#8211; nat\u00fcrlich gentech-frei. Nach dem Rindfleisch-Skandal ist bei der Nr.2 im Schweizer Lebensmittelhandel grosse Zur\u00fcckhaltung eingekehrt. Auf den drohenden Import von gentechnisch manipulierter Soja aus den USA angesprochen, l\u00e4sst der Coop-Konsumentendienst verlauten: &#171;Coop hat nicht die Absicht, selber aus den USA gentechnisch ver\u00e4nderte Sojabohnen und daraus hergestellte Produkte zu importieren&#187;. Hauptgrund: Die Kundschaft habe davon keinerlei Nutzen und eine klare Deklaration sei nicht m\u00f6glich. Coop will deshalb seine Lieferanten in die Pflicht nehmen. Auch Monika Weber von der Abteilung Wirtschaftspolitik der Migros spricht sich gegen manipulierte Soja aus: &#171;Die Migros will keine Gen-Soja. Wir nehmen unsere KonsumentInnen ernst&#187;.<\/p>\n<p>                               <\/span><br \/>\n<span class=\"text\"><strong>Kontakt:<\/strong><br \/>   Stefan Weber, Koordinator Genschutz-Kampagne, 01 \/ 447 41 41<br \/><\/span><\/p>\n<\/div>\n","protected":false},"excerpt":{"rendered":"<p>Schweizer Lebensmittel-Grossverteiler treten gegen gentechnisch manipulierte Nahrungsmittel ein. Dies ergab ein Umfrage der Umweltorganisation Greenpeace. Dabei steht f\u00fcr den Lebensmittelhandel einiges auf dem Spiel. Im Herbst soll die erste gentechnisch&hellip;<\/p>\n","protected":false},"author":23,"featured_media":0,"comment_status":"closed","ping_status":"open","sticky":false,"template":"","format":"standard","meta":{"_acf_changed":false,"_planet4_optimize_post_is_variant":false,"_planet4_optimize_experiment_name":"","_planet4_optimize_variant_name":"","ep_exclude_from_search":false,"p4_og_title":"","p4_og_description":"","p4_og_image":"","p4_og_image_id":"","p4_seo_canonical_url":"","p4_campaign_name":"","p4_local_project":"","p4_basket_name":"","p4_department":"","footnotes":""},"categories":[1],"tags":[],"p4-page-type":[71],"gpch-article-type":[],"class_list":["post-7804","post","type-post","status-publish","format-standard","hentry","category-unkategorisiert","p4-page-type-medienmitteilung"],"acf":[],"_links":{"self":[{"href":"https:\/\/www.greenpeace.ch\/de\/wp-json\/wp\/v2\/posts\/7804","targetHints":{"allow":["GET"]}}],"collection":[{"href":"https:\/\/www.greenpeace.ch\/de\/wp-json\/wp\/v2\/posts"}],"about":[{"href":"https:\/\/www.greenpeace.ch\/de\/wp-json\/wp\/v2\/types\/post"}],"author":[{"embeddable":true,"href":"https:\/\/www.greenpeace.ch\/de\/wp-json\/wp\/v2\/users\/23"}],"replies":[{"embeddable":true,"href":"https:\/\/www.greenpeace.ch\/de\/wp-json\/wp\/v2\/comments?post=7804"}],"version-history":[{"count":0,"href":"https:\/\/www.greenpeace.ch\/de\/wp-json\/wp\/v2\/posts\/7804\/revisions"}],"wp:attachment":[{"href":"https:\/\/www.greenpeace.ch\/de\/wp-json\/wp\/v2\/media?parent=7804"}],"wp:term":[{"taxonomy":"category","embeddable":true,"href":"https:\/\/www.greenpeace.ch\/de\/wp-json\/wp\/v2\/categories?post=7804"},{"taxonomy":"post_tag","embeddable":true,"href":"https:\/\/www.greenpeace.ch\/de\/wp-json\/wp\/v2\/tags?post=7804"},{"taxonomy":"p4-page-type","embeddable":true,"href":"https:\/\/www.greenpeace.ch\/de\/wp-json\/wp\/v2\/p4-page-type?post=7804"},{"taxonomy":"gpch-article-type","embeddable":true,"href":"https:\/\/www.greenpeace.ch\/de\/wp-json\/wp\/v2\/gpch-article-type?post=7804"}],"curies":[{"name":"wp","href":"https:\/\/api.w.org\/{rel}","templated":true}]}}