{"id":7822,"date":"1996-06-10T00:00:00","date_gmt":"1996-06-09T22:00:00","guid":{"rendered":"https:\/\/master.greenpeace.ch\/beitrag\/7822\/greenpeace-fordert-unverzuegliche-stillegung-des-akw-muehleberg\/"},"modified":"2019-05-30T08:16:16","modified_gmt":"2019-05-30T06:16:16","slug":"greenpeace-fordert-unverzuegliche-stillegung-des-akw-muehleberg","status":"publish","type":"post","link":"https:\/\/www.greenpeace.ch\/de\/medienmitteilung\/7822\/greenpeace-fordert-unverzuegliche-stillegung-des-akw-muehleberg\/","title":{"rendered":"Greenpeace fordert unverz\u00fcgliche Stillegung des AKW M\u00fchleberg"},"content":{"rendered":"<p><b>Greenpeace demonstriert heute mit einer Ballonaktion in M\u00fchleberg gegen die fortgesetzte Gef\u00e4hrdung der Umgebung durch das dortige AKW. Die Umweltorganisation fordert von Energieminister Moritz Leuenberger und der bernischen Energiedirektorin Dori Schaer die sofortige Stillegung des AKW und die Einleitung von Massnahmen f\u00fcr dessen Ersatz.<\/b><\/p>\n<div>\n<p class=\"bodytext\"><span class=\"date\">Bern\/M\u00fchleberg. <\/span><span class=\"text\"> Greenpeace hat heute vor dem AKW M\u00fchleberg einen Heissluftballon mit der Aufschrift &#171;Jetzt M\u00fchleberg stillegen&#187; steigen lassen. Mit der friedlichen Aktion verleiht Greenpeace der Forderung Nachdruck, das altersschwache und gef\u00e4hrliche AKW abzustellen. &#171;Nachdem Anfang Juni die Europ\u00e4ische Menschenrechts-Kommission in Strassburg die Beschwerde von uns M\u00fchleberg-GegnerInnen gutgeheissen hat, besteht keine Rechtsgrundlage f\u00fcr den Weiterbetrieb von M\u00fchleberg&#187;, f\u00fchrte Greenpeace-Mitarbeiter Ueli M\u00fcller aus. Bereits 1990 hat ein unabh\u00e4ngiges Gutachten des \u00d6ko-Instituts in Darmstadt enth\u00fcllt, dass das AKW M\u00fchleberg gravierende Konzeptionsm\u00e4ngel aufweist. So besitzt der Reaktor kein vollst\u00e4ndig unabh\u00e4ngiges Notk\u00fchlsystem und hat schwere M\u00e4ngel beim Brandschutz. Seit 1990 ist zudem bekannt, dass die Umh\u00fcllung des Reaktorkerns, der Kernmantel, Risse aufweist, die j\u00e4hrlich wachsen. &#171;Bundesrat Leuenberger muss deshalb die Stillegung von M\u00fchleberg verf\u00fcgen&#187;, verlangte M\u00fcller. Gefahr von M\u00fchleberg erneut best\u00e4tigt Die Forderung nach Stillegung \u2013 so M\u00fcller weiter \u2013 sei zus\u00e4tzlich gerechtfertigt, weil neue Details zur Gef\u00e4hrlichkeit von M\u00fchleberg ans Licht gekommen sind. In den letzten Tagen ist bekannt geworden, dass der Reaktor von M\u00fchleberg seit der Leistungserh\u00f6hung die thermischen Grenzwerte zu \u00fcberschreiten droht, weshalb die M\u00fchleberg-Betreiber h\u00e4ufig die Leistung reduzieren m\u00fcssen. Diese Leistungs-Unregelm\u00e4ssigkeiten stellen nach Ansicht von Greenpeace eine schwere Gefahr f\u00fcr den Betrieb des Reaktors dar und sind eine unzul\u00e4ssige Gef\u00e4hrdung der Bev\u00f6lkerung.<\/p>\n<p> <\/span> <span class=\"text\"><strong>Kontakt:<\/strong><br \/> Ueli M\u00fcller, Koordinator der Atomkampagne 01 \/ 447 41 41<br \/><\/span><\/p>\n<\/div>\n","protected":false},"excerpt":{"rendered":"<p>Greenpeace demonstriert heute mit einer Ballonaktion in M\u00fchleberg gegen die fortgesetzte Gef\u00e4hrdung der Umgebung durch das dortige AKW. Die Umweltorganisation fordert von Energieminister Moritz Leuenberger und der bernischen Energiedirektorin Dori&hellip;<\/p>\n","protected":false},"author":23,"featured_media":0,"comment_status":"closed","ping_status":"open","sticky":false,"template":"","format":"standard","meta":{"_acf_changed":false,"_planet4_optimize_post_is_variant":false,"_planet4_optimize_experiment_name":"","_planet4_optimize_variant_name":"","ep_exclude_from_search":false,"p4_og_title":"","p4_og_description":"","p4_og_image":"","p4_og_image_id":"","p4_seo_canonical_url":"","p4_campaign_name":"","p4_local_project":"","p4_basket_name":"","p4_department":"","footnotes":""},"categories":[1],"tags":[42],"p4-page-type":[71],"gpch-article-type":[],"class_list":["post-7822","post","type-post","status-publish","format-standard","hentry","category-unkategorisiert","tag-energie","p4-page-type-medienmitteilung"],"acf":[],"_links":{"self":[{"href":"https:\/\/www.greenpeace.ch\/de\/wp-json\/wp\/v2\/posts\/7822","targetHints":{"allow":["GET"]}}],"collection":[{"href":"https:\/\/www.greenpeace.ch\/de\/wp-json\/wp\/v2\/posts"}],"about":[{"href":"https:\/\/www.greenpeace.ch\/de\/wp-json\/wp\/v2\/types\/post"}],"author":[{"embeddable":true,"href":"https:\/\/www.greenpeace.ch\/de\/wp-json\/wp\/v2\/users\/23"}],"replies":[{"embeddable":true,"href":"https:\/\/www.greenpeace.ch\/de\/wp-json\/wp\/v2\/comments?post=7822"}],"version-history":[{"count":0,"href":"https:\/\/www.greenpeace.ch\/de\/wp-json\/wp\/v2\/posts\/7822\/revisions"}],"wp:attachment":[{"href":"https:\/\/www.greenpeace.ch\/de\/wp-json\/wp\/v2\/media?parent=7822"}],"wp:term":[{"taxonomy":"category","embeddable":true,"href":"https:\/\/www.greenpeace.ch\/de\/wp-json\/wp\/v2\/categories?post=7822"},{"taxonomy":"post_tag","embeddable":true,"href":"https:\/\/www.greenpeace.ch\/de\/wp-json\/wp\/v2\/tags?post=7822"},{"taxonomy":"p4-page-type","embeddable":true,"href":"https:\/\/www.greenpeace.ch\/de\/wp-json\/wp\/v2\/p4-page-type?post=7822"},{"taxonomy":"gpch-article-type","embeddable":true,"href":"https:\/\/www.greenpeace.ch\/de\/wp-json\/wp\/v2\/gpch-article-type?post=7822"}],"curies":[{"name":"wp","href":"https:\/\/api.w.org\/{rel}","templated":true}]}}