{"id":79384,"date":"2021-12-23T16:01:56","date_gmt":"2021-12-23T15:01:56","guid":{"rendered":"https:\/\/www.greenpeace.ch\/?p=79384"},"modified":"2023-10-11T12:25:22","modified_gmt":"2023-10-11T10:25:22","slug":"greenpeace-magazin-04-21","status":"publish","type":"post","link":"https:\/\/www.greenpeace.ch\/de\/magazin\/79384\/greenpeace-magazin-04-21\/","title":{"rendered":"In der Tiefe"},"content":{"rendered":"\n<p>Da war immer dieser eine, ganz spezielle Moment, fr\u00fcher, als ich mir mit 10 Jahren am Strand meine Taucherbrille schnappte, mit meinen Flossen ins Meer watschelte und abtauchte. Diese pl\u00f6tzliche Ruhe unter Wasser. Nur das Ger\u00e4usch der Wellen. Schwapp. Ich mochte den Moment so sehr, dass ich immer wieder auf- und abtauchte. Fr\u00f6hliches Kindergekreische. Schwapp. Beachballschl\u00e4ger. Schwapp. \u00abCocco bello!\u00bb Schwapp, schwapp.<\/p>\n\n<p>H\u00e4tte man meinem 10-j\u00e4hrigen Ich damals gesagt, dass die Ruhe unter der Meeresoberfl\u00e4che eines Tages durch Bohrger\u00e4usche gest\u00f6rt werden k\u00f6nnte, w\u00e4re ich wohl heulend zur\u00fcck zum Strand gerannt. Dort aber h\u00e4tte mich meine Mama getr\u00f6stet, mir erkl\u00e4rt, dass man doch unter Wasser nicht bohren kann, und f\u00fcnf Minuten sp\u00e4ter beim Glace w\u00e4re alles wieder vergessen gewesen.<\/p>\n\n<p>Heute, 20 Jahre sp\u00e4ter, ist Bohren unter der Meeresoberfl\u00e4che kein schlechtes M\u00e4rchen mehr. Tiefseebergbau droht zur Realit\u00e4t zu werden (S.28). Die Korallenbleiche ist das schon l\u00e4ngst (S. 16). Unsere Ozeane werden tagt\u00e4glich saurer (S. 15). Und die Worte unseres Bundesrates zum Meeresschutzabkommen machen uns sauer (S.33). Unsere Meere stehen kurz vor dem Kollaps. Die Zeiten von Glaceessen und Vergessen sind definitiv vorbei. Wir m\u00fcssen handeln. Jetzt.<\/p>\n\n<p>Also, tauchen Sie ein mit mir in unsere Meeres-Ausgabe, geniessen Sie das Schwappen \u2013 und lesen Sie, was es zu bewahren gilt.<\/p>\n\n<p>Danielle M\u00fcller, Redaktionsleitung<\/p>\n\n<figure class=\"wp-block-embed is-type-rich is-provider-issuu wp-block-embed-issuu\"><div class=\"wp-block-embed__wrapper\">\n<div data-url=\"https:\/\/issuu.com\/greenpeace-switzerland\/docs\/gp_magazin_04_2021_de_es\" style=\"width: 500px; height: 355px;\" class=\"issuuembed\"><\/div><script type=\"text\/javascript\" src=\"\/\/e.issuu.com\/embed.js\" async=\"true\"><\/script>\n<\/div><\/figure>\n\n<div class=\"wp-block-buttons is-layout-flex wp-block-buttons-is-layout-flex\">\n<div class=\"wp-block-button is-style-secondary\"><a class=\"wp-block-button__link wp-element-button\" href=\"https:\/\/www.greenpeace.ch\/static\/planet4-switzerland-stateless\/2021\/12\/80945535-gp_magazin_04_2021_de_ds.pdf\" target=\"_blank\" rel=\"noreferrer noopener\">PDF herunterladen<\/a><\/div>\n<\/div>\n","protected":false},"excerpt":{"rendered":"<p>Unsere Meere stehen kurz vor dem Kollaps. Wir m\u00fcssen handeln. Und zwar jetzt.<\/p>\n","protected":false},"author":49,"featured_media":79385,"comment_status":"closed","ping_status":"closed","sticky":false,"template":"","format":"standard","meta":{"_acf_changed":false,"_planet4_optimize_post_is_variant":false,"_planet4_optimize_experiment_name":"","_planet4_optimize_variant_name":"","ep_exclude_from_search":false,"p4_og_title":"","p4_og_description":"","p4_og_image":"","p4_og_image_id":"","p4_seo_canonical_url":"","p4_campaign_name":"not set","p4_local_project":"not set","p4_basket_name":"not set","p4_department":"","footnotes":""},"categories":[1],"tags":[41],"p4-page-type":[240],"gpch-article-type":[],"class_list":["post-79384","post","type-post","status-publish","format-standard","has-post-thumbnail","hentry","category-unkategorisiert","tag-meer","p4-page-type-magazin"],"acf":[],"_links":{"self":[{"href":"https:\/\/www.greenpeace.ch\/de\/wp-json\/wp\/v2\/posts\/79384","targetHints":{"allow":["GET"]}}],"collection":[{"href":"https:\/\/www.greenpeace.ch\/de\/wp-json\/wp\/v2\/posts"}],"about":[{"href":"https:\/\/www.greenpeace.ch\/de\/wp-json\/wp\/v2\/types\/post"}],"author":[{"embeddable":true,"href":"https:\/\/www.greenpeace.ch\/de\/wp-json\/wp\/v2\/users\/49"}],"replies":[{"embeddable":true,"href":"https:\/\/www.greenpeace.ch\/de\/wp-json\/wp\/v2\/comments?post=79384"}],"version-history":[{"count":0,"href":"https:\/\/www.greenpeace.ch\/de\/wp-json\/wp\/v2\/posts\/79384\/revisions"}],"wp:featuredmedia":[{"embeddable":true,"href":"https:\/\/www.greenpeace.ch\/de\/wp-json\/wp\/v2\/media\/79385"}],"wp:attachment":[{"href":"https:\/\/www.greenpeace.ch\/de\/wp-json\/wp\/v2\/media?parent=79384"}],"wp:term":[{"taxonomy":"category","embeddable":true,"href":"https:\/\/www.greenpeace.ch\/de\/wp-json\/wp\/v2\/categories?post=79384"},{"taxonomy":"post_tag","embeddable":true,"href":"https:\/\/www.greenpeace.ch\/de\/wp-json\/wp\/v2\/tags?post=79384"},{"taxonomy":"p4-page-type","embeddable":true,"href":"https:\/\/www.greenpeace.ch\/de\/wp-json\/wp\/v2\/p4-page-type?post=79384"},{"taxonomy":"gpch-article-type","embeddable":true,"href":"https:\/\/www.greenpeace.ch\/de\/wp-json\/wp\/v2\/gpch-article-type?post=79384"}],"curies":[{"name":"wp","href":"https:\/\/api.w.org\/{rel}","templated":true}]}}