{"id":80761,"date":"2022-02-09T15:08:31","date_gmt":"2022-02-09T14:08:31","guid":{"rendered":"https:\/\/www.greenpeace.ch\/?p=80761"},"modified":"2022-02-10T08:58:53","modified_gmt":"2022-02-10T07:58:53","slug":"greenpeace-aktivistinnen-fuer-den-meeresschutz-mit-einem-tiefseebagger-auf-dem-berner-bundesplatz","status":"publish","type":"post","link":"https:\/\/www.greenpeace.ch\/de\/story\/80761\/greenpeace-aktivistinnen-fuer-den-meeresschutz-mit-einem-tiefseebagger-auf-dem-berner-bundesplatz\/","title":{"rendered":"Greenpeace-Aktivist:innen f\u00fcr den Meeresschutz: mit einem Tiefseebagger auf dem Berner Bundesplatz"},"content":{"rendered":"\n<p><strong>Heute fr\u00fchmorgens machten 14 Greenpeace-Aktivist:innen mit einem Tiefseebagger und grossen Bildern der Tiefseefauna auf die drohende Ausbeutung der Tiefsee aufmerksam.<\/strong> <strong>Die Forderung ist klar: Sie verlangen vom Bundesrat, sich international f\u00fcr ein ambitioniertes Hochseeschutzabkommen und f\u00fcr ein Tiefseebergbau-Moratorium einzusetzen<\/strong><\/p>\n\n<h2 class=\"wp-block-heading\"><strong>Der Tiefseebagger als Symbol der Zerst\u00f6rung<\/strong><\/h2>\n\n<p>Noch vor Sonnenaufgang begannen die Greenpeace-Aktivist:innen, den rund sechs mal zweieinhalb mal f\u00fcnf Meter grossen Tiefseebagger auf dem Bundesplatz aufzubauen. W\u00e4hrend die Nachbildung auf dem Bundesplatz vier Tonnen schwer ist, wiegt das Originalger\u00e4t mit 400 Tonnen das hundertfache. Tiefseebagger sind eines der Ger\u00e4te, mit dem Rohstoffkonzerne in Zukunft in den Meeren, in einer Tiefe von mehr als 4\u2019000 Metern, Manganknollen abbauen m\u00f6chten. Manganknollen enthalten unter anderem Mangan, Kobalt und Nickel \u2013 Rohstoffe, die zum Beispiel in der Elektronikbranche verwendet werden. Ein solcher Eingriff in bisher unber\u00fchrte Lebensr\u00e4ume h\u00e4tte katastrophale Folgen f\u00fcr die Artenvielfalt in den Ozeanen.&nbsp;<\/p>\n\n<figure class=\"wp-block-embed is-type-video is-provider-youtube wp-block-embed-youtube\"><div class=\"wp-block-embed__wrapper\">\n<lite-youtube style=\"background-image: url('https:\/\/i.ytimg.com\/vi\/hiHLkOe2N5Y\/hqdefault.jpg');\" videoid=\"hiHLkOe2N5Y\" params=\"rel=0&#038;enablejsapi=1&#038;origin=https%3A%2F%2Fwww.greenpeace.ch&#038;cc_load_policy=1\"><\/lite-youtube>\n<\/div><figcaption>Greenpeace-Aktivist:innen auf dem Berner Bundesplatz am 9. Februar 2022<\/figcaption><\/figure>\n\n<h2 class=\"wp-block-heading\"><strong>Die Schweiz muss Flagge zeigen<\/strong><\/h2>\n\n<p>W\u00e4hrend bereits grosse Konzerne wie Samsung, Google und BMW ein Moratorium f\u00fcr den Tiefseebergbau fordern, z\u00f6gert die Schweiz. Der Bundesrat konnte sich bisher noch nicht dazu durchringen, eine klare Position gegen die Zerst\u00f6rung der Tiefsee zu beziehen. Auch bez\u00fcglich eines internationalen Abkommens zum Schutz der Hohen See legte\u00a0der Bundesrat in seiner letzten Meldung kein klares Bekenntnis zu echten Meeresschutzgebieten ab. Dieses Abkommen ist eine historische Chance f\u00fcr umfassenden Meeresschutz: Es soll den Schutz und die nachhaltige Nutzung der sogenannten Hohen See rechtsverbindlich regeln. Die finalen Verhandlungen finden in New York vom 7. &#8211; 18. M\u00e4rz 2022 statt \u2013 und auch die Schweiz verhandelt mit.\u00a0<\/p>\n<div class=\"EmptyMessage\">Block content is empty. Check the block&#8217;s settings or remove it.<\/div>","protected":false},"excerpt":{"rendered":"<p>Heute fr\u00fchmorgens machten 14 Greenpeace-Aktivist:innen mit einem Tiefseebagger und grossen Bildern der Tiefseefauna auf die drohende Ausbeutung der Tiefsee aufmerksam.<\/p>\n","protected":false},"author":89,"featured_media":80803,"comment_status":"closed","ping_status":"closed","sticky":false,"template":"","format":"standard","meta":{"_acf_changed":false,"_planet4_optimize_post_is_variant":false,"_planet4_optimize_experiment_name":"","_planet4_optimize_variant_name":"","ep_exclude_from_search":false,"p4_og_title":"","p4_og_description":"","p4_og_image":"","p4_og_image_id":"","p4_seo_canonical_url":"","p4_campaign_name":"not set","p4_local_project":"not set","p4_basket_name":"not set","p4_department":"","footnotes":""},"categories":[119],"tags":[41],"p4-page-type":[75],"gpch-article-type":[],"class_list":["post-80761","post","type-post","status-publish","format-standard","has-post-thumbnail","hentry","category-meer","tag-meer","p4-page-type-story"],"acf":[],"_links":{"self":[{"href":"https:\/\/www.greenpeace.ch\/de\/wp-json\/wp\/v2\/posts\/80761","targetHints":{"allow":["GET"]}}],"collection":[{"href":"https:\/\/www.greenpeace.ch\/de\/wp-json\/wp\/v2\/posts"}],"about":[{"href":"https:\/\/www.greenpeace.ch\/de\/wp-json\/wp\/v2\/types\/post"}],"author":[{"embeddable":true,"href":"https:\/\/www.greenpeace.ch\/de\/wp-json\/wp\/v2\/users\/89"}],"replies":[{"embeddable":true,"href":"https:\/\/www.greenpeace.ch\/de\/wp-json\/wp\/v2\/comments?post=80761"}],"version-history":[{"count":0,"href":"https:\/\/www.greenpeace.ch\/de\/wp-json\/wp\/v2\/posts\/80761\/revisions"}],"wp:featuredmedia":[{"embeddable":true,"href":"https:\/\/www.greenpeace.ch\/de\/wp-json\/wp\/v2\/media\/80803"}],"wp:attachment":[{"href":"https:\/\/www.greenpeace.ch\/de\/wp-json\/wp\/v2\/media?parent=80761"}],"wp:term":[{"taxonomy":"category","embeddable":true,"href":"https:\/\/www.greenpeace.ch\/de\/wp-json\/wp\/v2\/categories?post=80761"},{"taxonomy":"post_tag","embeddable":true,"href":"https:\/\/www.greenpeace.ch\/de\/wp-json\/wp\/v2\/tags?post=80761"},{"taxonomy":"p4-page-type","embeddable":true,"href":"https:\/\/www.greenpeace.ch\/de\/wp-json\/wp\/v2\/p4-page-type?post=80761"},{"taxonomy":"gpch-article-type","embeddable":true,"href":"https:\/\/www.greenpeace.ch\/de\/wp-json\/wp\/v2\/gpch-article-type?post=80761"}],"curies":[{"name":"wp","href":"https:\/\/api.w.org\/{rel}","templated":true}]}}