{"id":81103,"date":"2022-02-14T13:39:11","date_gmt":"2022-02-14T12:39:11","guid":{"rendered":"https:\/\/www.greenpeace.ch\/?p=81103"},"modified":"2022-02-17T10:58:10","modified_gmt":"2022-02-17T09:58:10","slug":"die-geschaeftsfuehrerin-von-greenpeace-international-tritt-zurueck-und-wird-klimabeauftragte-der-deutschen-bundesregierung","status":"publish","type":"post","link":"https:\/\/www.greenpeace.ch\/de\/story\/81103\/die-geschaeftsfuehrerin-von-greenpeace-international-tritt-zurueck-und-wird-klimabeauftragte-der-deutschen-bundesregierung\/","title":{"rendered":"Die Gesch\u00e4ftsf\u00fchrerin von Greenpeace International tritt zur\u00fcck und wird Klimabeauftragte der deutschen Bundesregierung"},"content":{"rendered":"\n<p><strong>Greenpeace International best\u00e4tigt, dass die Gesch\u00e4ftsf\u00fchrerin der Organisation, Jennifer Morgan, eine neue Position als Sonderbeauftragte f\u00fcr internationale Klimaschutzmassnahmen in der deutschen Bundesregierung \u00fcbernimmt. Morgan hat mit sofortiger Wirkung alle Verantwortlichkeiten und Aufgaben niedergelegt.\u00a0Norma Torres, ehemals Chief Operating Officer von Greenpeace International, wurde zur Interimsgesch\u00e4ftsf\u00fchrerin ernannt.<\/strong><\/p>\n\n<p>Morgan kam vor sechs Jahren zu Greenpeace und hat sich unerm\u00fcdlich daf\u00fcr eingesetzt, dass die Organisation ihre Schwerpunkte weiterhin auf die sich st\u00e4ndig versch\u00e4rfende Klimakrise und die Krise der biologischen Vielfalt legt.<\/p>\n\n<p>Sie hat die Organisation ebenso dabei unterst\u00fctzt, dass Gerechtigkeit, Gleichberechtigung, Vielfalt und Inklusion in ihre Arbeit integriert ist. Denn ohne soziale Gerechtigkeit und Vielfalt werden wir die Klima- und Biodiversit\u00e4tskrise gemeinsam nicht bew\u00e4ltigen k\u00f6nnen.<\/p>\n\n<p>Morgan vertrat die Organisation bei vielen internationalen Veranstaltungen, darunter auch bei Klimakonferenzen. Dort konnte sie mit ihrer langj\u00e4hrigen und fundierten Kenntnis \u00fcber die Klimapolitik im Namen von Greenpeace Politiker:innen in die Pflicht nehmen und die internationalen Bestrebungen f\u00f6rdern, den globalen Temperaturanstieg unter 1,5 Grad Celsius zu halten.<\/p>\n\n<p>Morgan sagte: &#171;W\u00e4hrend wir immer tiefer in den Klimanotstand geraten, ist es klarer denn je, dass die Macht der Menschen den Regierungen den Raum schaffen wird, ihre Komfortzone zu verlassen und den Mut zu finden, das Richtige zu tun. Ich hoffe nur, dass ich in dieser neuen Rolle und Herausforderung den gleichen Mut aufbringen kann, den ich in den letzten sechs intensiven Jahren bei Greenpeace gefunden habe, gemeinsam mit den mutigen und unerm\u00fcdlichen Mitarbeiter:innen, den Netzwerken, Verb\u00fcndeten und Freiwilligen.&#187;<\/p>\n\n<p>Die Vorsitzende des Aufsichtsrates von Greenpeace International, Ayesha Imam, begl\u00fcckw\u00fcnschte Morgan zu ihrer neuen Aufgabe: &#171;Ich m\u00f6chte Jennifer f\u00fcr ihre harte Arbeit und ihr Engagement f\u00fcr die Mission von Greenpeace danken und ihr zu ihrer aufregenden und wichtigen neuen Rolle als Sonderbotschafterin f\u00fcr internationale Klimaschutzmassnahmen im deutschen Aussenministerium gratulieren. In solchen Zeiten brauchen wir Menschen wie Jennifer, die die Dringlichkeit der Klimabedrohung verstehen, in unseren Regierungen und Institutionen. Menschen, die den Zusammenhang zwischen Klimagerechtigkeit und sozialer Gerechtigkeit verstehen und daf\u00fcr k\u00e4mpfen werden.&#187;<\/p>\n\n<p>Iris Menn, Gesch\u00e4ftsleiterin von Greenpeace Schweiz, begr\u00fcsst die Nachricht ebenfalls: \u201cDie Berufung von Jennifer in diese Rolle ist eine Anerkennung f\u00fcr sie pers\u00f6nlich, ebenso wie f\u00fcr das jahrzehntelange Engagement von Greenpeace f\u00fcr den Klimaschutz. Ich w\u00fcnsche Ihr alles Gute und viel Erfolg in diesem neuen Lebensabschnitt.\u201d<\/p>\n\n<p>Greenpeace ist, war und wird immer eine unabh\u00e4ngige Kampagnenorganisation sein, die weder mit Unternehmen noch mit Regierungen verbunden ist. Wir suchen die Zusammenarbeit mit Verb\u00fcndeten, wo wir gemeinsame Anliegen finden. Wir werden weiterhin diejenigen zur Rechenschaft ziehen, die ihrer Verantwortung nicht gerecht werden.<\/p>\n","protected":false},"excerpt":{"rendered":"<p>Greenpeace International best\u00e4tigt, dass die Gesch\u00e4ftsf\u00fchrerin der Organisation, Jennifer Morgan, eine neue Position als Sonderbeauftragte f\u00fcr internationale Klimaschutzmassnahmen in der deutschen Bundesregierung \u00fcbernimmt. Morgan hat mit sofortiger Wirkung alle Verantwortlichkeiten und Aufgaben niedergelegt.\u00a0Norma Torres, ehemals Chief Operating Officer von Greenpeace International, wurde zur Interimsgesch\u00e4ftsf\u00fchrerin ernannt.<\/p>\n","protected":false},"author":89,"featured_media":81105,"comment_status":"closed","ping_status":"closed","sticky":false,"template":"","format":"standard","meta":{"_acf_changed":false,"_planet4_optimize_post_is_variant":false,"_planet4_optimize_experiment_name":"","_planet4_optimize_variant_name":"","ep_exclude_from_search":false,"p4_og_title":"","p4_og_description":"","p4_og_image":"","p4_og_image_id":"","p4_seo_canonical_url":"","p4_campaign_name":"not set","p4_local_project":"not set","p4_basket_name":"not set","p4_department":"","footnotes":""},"categories":[1],"tags":[46],"p4-page-type":[75],"gpch-article-type":[],"class_list":["post-81103","post","type-post","status-publish","format-standard","has-post-thumbnail","hentry","category-unkategorisiert","tag-ueber-uns","p4-page-type-story"],"acf":[],"_links":{"self":[{"href":"https:\/\/www.greenpeace.ch\/de\/wp-json\/wp\/v2\/posts\/81103","targetHints":{"allow":["GET"]}}],"collection":[{"href":"https:\/\/www.greenpeace.ch\/de\/wp-json\/wp\/v2\/posts"}],"about":[{"href":"https:\/\/www.greenpeace.ch\/de\/wp-json\/wp\/v2\/types\/post"}],"author":[{"embeddable":true,"href":"https:\/\/www.greenpeace.ch\/de\/wp-json\/wp\/v2\/users\/89"}],"replies":[{"embeddable":true,"href":"https:\/\/www.greenpeace.ch\/de\/wp-json\/wp\/v2\/comments?post=81103"}],"version-history":[{"count":0,"href":"https:\/\/www.greenpeace.ch\/de\/wp-json\/wp\/v2\/posts\/81103\/revisions"}],"wp:featuredmedia":[{"embeddable":true,"href":"https:\/\/www.greenpeace.ch\/de\/wp-json\/wp\/v2\/media\/81105"}],"wp:attachment":[{"href":"https:\/\/www.greenpeace.ch\/de\/wp-json\/wp\/v2\/media?parent=81103"}],"wp:term":[{"taxonomy":"category","embeddable":true,"href":"https:\/\/www.greenpeace.ch\/de\/wp-json\/wp\/v2\/categories?post=81103"},{"taxonomy":"post_tag","embeddable":true,"href":"https:\/\/www.greenpeace.ch\/de\/wp-json\/wp\/v2\/tags?post=81103"},{"taxonomy":"p4-page-type","embeddable":true,"href":"https:\/\/www.greenpeace.ch\/de\/wp-json\/wp\/v2\/p4-page-type?post=81103"},{"taxonomy":"gpch-article-type","embeddable":true,"href":"https:\/\/www.greenpeace.ch\/de\/wp-json\/wp\/v2\/gpch-article-type?post=81103"}],"curies":[{"name":"wp","href":"https:\/\/api.w.org\/{rel}","templated":true}]}}