{"id":81284,"date":"2022-02-17T14:25:45","date_gmt":"2022-02-17T13:25:45","guid":{"rendered":"https:\/\/www.greenpeace.ch\/?p=81284"},"modified":"2022-02-17T14:34:17","modified_gmt":"2022-02-17T13:34:17","slug":"strommangel-schweiz-braucht-raschen-ausbau-der-solarenergie-und-keine-neuen-gaskraftwerke","status":"publish","type":"post","link":"https:\/\/www.greenpeace.ch\/de\/medienmitteilung\/81284\/strommangel-schweiz-braucht-raschen-ausbau-der-solarenergie-und-keine-neuen-gaskraftwerke\/","title":{"rendered":"Strommangel: Schweiz braucht raschen Ausbau der Solarenergie und keine neuen Gaskraftwerke!"},"content":{"rendered":"\n<p><strong>Der Bundesrat hat heute eine <a href=\"https:\/\/www.admin.ch\/gov\/de\/start\/dokumentation\/medienmitteilungen.msg-id-87202.html\" target=\"_blank\" rel=\"noreferrer noopener\">Reihe von Massnahmen angek\u00fcndigt,<\/a> um die Schweiz vor einem drohenden Strommangel in den kommenden Monaten zu sch\u00fctzen. Die Massnahmen basieren auf drei S\u00e4ulen: der Bereitstellung von Wasserkraftreserven, der verst\u00e4rkten Nutzung des Potenzials der Energieeffizienz und der M\u00f6glichkeit, Gaskraftwerke zu betreiben. Neben der Wasserkraft und der Energieeffizienz muss sich der Bundesrat auf einen schnellen und starken Ausbau der Solarenergie in unserem Land konzentrieren. Durch die Kombination dieser drei S\u00e4ulen kann der Einsatz von Gaskraftwerken vermieden werden, die eindeutig nicht mit den Klimazielen des Bundes in Einklang zu bringen sind.<\/strong><\/p>\n\n<p>Georg Klingler, Experte f\u00fcr Energie- und Klimafragen bei Greenpeace Schweiz, kommentiert wie folgt:<\/p>\n\n<p>\u00abWieder einmal hat der Bundesrat vergessen, <a href=\"https:\/\/www.greenpeace.ch\/de\/publikation\/79839\/versorgungssicherheit-und-klimaschutz\/\" target=\"_blank\" rel=\"noreferrer noopener\">welche entscheidende Rolle die Solarenergie spielen kann und muss<\/a>, um f\u00fcr unser Land eine sichere Energieversorgung zu gew\u00e4hrleisten, die mit den Klimazielen des Bundes vereinbar ist. Ein schneller Ausbau der Solarenergie bedeutet, dass Gas nur als letztes Mittel eingesetzt werden muss. Die wissenschaftlichen Analysen sind eindeutig: Wir m\u00fcssen unsere Treibhausgasemissionen rasch reduzieren. Der Einsatz von Gaskraftwerken f\u00fchrt zu einem Anstieg der Emissionen, unabh\u00e4ngig von den Massnahmen, die ergriffen werden, um sie zu kompensieren.\u00bb<\/p>\n\n<p>\u00abDer Bundesrat vergisst auch das grosse Potenzial, das in einem strategischen Management der Stromnachfrage von Grossverbrauchern liegt. Solange die Gesamtenergiestrategie durch grosse L\u00fccken bei der Solarenergie und der Energieeffizienz gekennzeichnet ist, muss der Bundesrat mit starkem Widerstand in Bezug auf Gaskraftwerke rechnen.\u00bb<\/p>\n\n<h2 class=\"wp-block-heading\"><strong>Kontakte<\/strong><\/h2>\n\n<ul class=\"wp-block-list\"><li>Georg Klingler, Energie- und Klimaexperte bei Greenpeace Schweiz, +41 79 785 07 38,\u00a0<a href=\"mailto:georg.klingler@greenpeace.org\">georg.klingler@greenpeace.org<\/a><\/li><li>Medienstelle Greenpeace Schweiz: +41 44 447 41 11,\u00a0<a href=\"mailto:pressestelle.ch@greenpeace.org\">pressestelle.ch@greenpeace.org<\/a><\/li><\/ul>\n","protected":false},"excerpt":{"rendered":"<p>Wieder einmal hat der Bundesrat vergessen, welche entscheidende Rolle die Solarenergie spielen kann und muss, um f\u00fcr unser Land eine sichere Energieversorgung zu gew\u00e4hrleisten, die mit den Klimazielen des Bundes vereinbar ist.<\/p>\n","protected":false},"author":39,"featured_media":81286,"comment_status":"closed","ping_status":"closed","sticky":false,"template":"","format":"standard","meta":{"_acf_changed":false,"_planet4_optimize_post_is_variant":false,"_planet4_optimize_experiment_name":"","_planet4_optimize_variant_name":"","ep_exclude_from_search":false,"p4_og_title":"","p4_og_description":"","p4_og_image":"","p4_og_image_id":"","p4_seo_canonical_url":"","p4_campaign_name":"not set","p4_local_project":"not set","p4_basket_name":"not set","p4_department":"","footnotes":""},"categories":[47],"tags":[42,50],"p4-page-type":[71],"gpch-article-type":[],"class_list":["post-81284","post","type-post","status-publish","format-standard","has-post-thumbnail","hentry","category-greenpeace","tag-energie","tag-klima","p4-page-type-medienmitteilung"],"acf":[],"_links":{"self":[{"href":"https:\/\/www.greenpeace.ch\/de\/wp-json\/wp\/v2\/posts\/81284","targetHints":{"allow":["GET"]}}],"collection":[{"href":"https:\/\/www.greenpeace.ch\/de\/wp-json\/wp\/v2\/posts"}],"about":[{"href":"https:\/\/www.greenpeace.ch\/de\/wp-json\/wp\/v2\/types\/post"}],"author":[{"embeddable":true,"href":"https:\/\/www.greenpeace.ch\/de\/wp-json\/wp\/v2\/users\/39"}],"replies":[{"embeddable":true,"href":"https:\/\/www.greenpeace.ch\/de\/wp-json\/wp\/v2\/comments?post=81284"}],"version-history":[{"count":0,"href":"https:\/\/www.greenpeace.ch\/de\/wp-json\/wp\/v2\/posts\/81284\/revisions"}],"wp:featuredmedia":[{"embeddable":true,"href":"https:\/\/www.greenpeace.ch\/de\/wp-json\/wp\/v2\/media\/81286"}],"wp:attachment":[{"href":"https:\/\/www.greenpeace.ch\/de\/wp-json\/wp\/v2\/media?parent=81284"}],"wp:term":[{"taxonomy":"category","embeddable":true,"href":"https:\/\/www.greenpeace.ch\/de\/wp-json\/wp\/v2\/categories?post=81284"},{"taxonomy":"post_tag","embeddable":true,"href":"https:\/\/www.greenpeace.ch\/de\/wp-json\/wp\/v2\/tags?post=81284"},{"taxonomy":"p4-page-type","embeddable":true,"href":"https:\/\/www.greenpeace.ch\/de\/wp-json\/wp\/v2\/p4-page-type?post=81284"},{"taxonomy":"gpch-article-type","embeddable":true,"href":"https:\/\/www.greenpeace.ch\/de\/wp-json\/wp\/v2\/gpch-article-type?post=81284"}],"curies":[{"name":"wp","href":"https:\/\/api.w.org\/{rel}","templated":true}]}}