{"id":81319,"date":"2022-02-18T12:43:49","date_gmt":"2022-02-18T11:43:49","guid":{"rendered":"https:\/\/www.greenpeace.ch\/?p=81319"},"modified":"2025-06-25T14:32:55","modified_gmt":"2025-06-25T12:32:55","slug":"svp-chef-marco-chiesa-verschliesst-die-augen-vor-echten-loesungen","status":"publish","type":"post","link":"https:\/\/www.greenpeace.ch\/de\/story\/81319\/svp-chef-marco-chiesa-verschliesst-die-augen-vor-echten-loesungen\/","title":{"rendered":"SVP-Chef Marco Chiesa verschliesst die Augen vor echten L\u00f6sungen"},"content":{"rendered":"\n<p><strong>Mit einem schnellen und massiven Ausbau der Solarenergie kann die Schweiz ihre Energieversorgung sicherer und klimafreundlicher gestalten. Darum fordert Greenpeace Schweiz die St\u00e4nder\u00e4t:innen auf, einen <a href=\"https:\/\/www.greenpeace.ch\/solar-sprint\" target=\"_blank\" rel=\"noreferrer noopener\">Solar-Sprint<\/a> hinzulegen. Auch SVP-St\u00e4nderat und -Parteichef Marco Chiesa haben wir freundlich dazu aufgerufen, sich f\u00fcr eine atom- und CO2-freie Schweizer Energieversorgung einzusetzen. Doch unter Androhung von rechtlichen Schritten verbietet uns die Partei nun die weitere Verwendung seines Bildes. Marco Chiesa verschliesst die Augen vor echten L\u00f6sungen.\u00a0<\/strong><\/p>\n\n<h2 class=\"wp-block-heading\"><strong>Marco Chiesa verschliesst die Augen vor dem Potenzial der Photovoltaik<\/strong><\/h2>\n\n<p>Mit der Kraft der Sonne kann die Schweiz ihre Klimaziele erreichen und die Versorgungssicherheit in unserem Land sicherstellen. Daf\u00fcr braucht es weder neue Gaskraftwerke noch l\u00e4ngere Laufzeiten f\u00fcr die bestehenden Atomkraftwerke \u2013 und schon gar keinen Ausbau der Atomenergie. Das haben wir j\u00fcngst in einer Studie aufgezeigt. Doch statt auf die Sonnenkraft zu setzen, fordert die SVP, dass die Laufzeiten der AKW verl\u00e4ngert werden und dazu Kernkraftwerke der neuesten Generation gebaut werden. Diese werden aber garantiert nichts zur sicheren Energieversorgung in den n\u00e4chsten Jahre, wenn nicht Jahrzehnte beitragen.&nbsp;<\/p>\n\n<h2 class=\"wp-block-heading\"><strong>Marco Chiesa verschliesst die Augen vor den Interessen der Strombranche<\/strong><\/h2>\n\n<p>Die Strombranche setzt nicht mehr auf die Atomenergie. <a href=\"https:\/\/www.watson.ch\/!858120672\" target=\"_blank\" rel=\"noreferrer noopener\">Die Kernkraft sei \u00abschlicht zu teuer\u00bb,<\/a> sagte j\u00fcngst Axpo-CEO Christoph Brand in einem Interview. Selbst den Weiterbetrieb der bestehenden Kraftwerke stellte er in Frage, denn daf\u00fcr sind permanente Nachr\u00fcstungen erforderlich. Die Strombranche setzt vielmehr auf Solar, j\u00fcngst hat ebenso Christoph Brand <a href=\"https:\/\/www.nzz.ch\/wirtschaft\/christoph-brand-axpo-langfristig-fehlt-der-schweiz-massiv-strom-ld.1667767\" target=\"_blank\" rel=\"noreferrer noopener\">einen gewaltigen Zubau von Photovoltaik gefordert<\/a>.\u00a0<\/p>\n\n<h2 class=\"wp-block-heading\"><strong>Marco Chiesa verschliesst die Augen vor einer L\u00f6sung, die im Inland Arbeitspl\u00e4tze und Wertsch\u00f6pfung generiert<\/strong><\/h2>\n\n<p>Setzt die Schweiz auf eine atom- und CO2-freie Energieversorgung, wie wir sie in unserer <a href=\"htttps:\/\/www.greenpeace.ch\/energieversorgung\" target=\"_blank\" rel=\"noreferrer noopener\">neuesten Studie<\/a> skizzieren, gehen wir von zus\u00e4tzlichen Investitionen von rund 105 Milliarden Franken bis 2050 aus. Die Investitionen werden bis 2030 bis zu 30\u2019000 neue Arbeitspl\u00e4tze im Cleantech-Bereich schaffen, fast die H\u00e4lfte davon in der Photovoltaik-Branche. Der dadurch gesamtwirtschaftlich ausgel\u00f6ste Arbeitsplatzeffekt f\u00fchrt insgesamt zu rund 60\u2019000 neuen Arbeitspl\u00e4tzen. Vom in der Studie vorgeschlagenen Schweizer Klimaschutzprogramm profitieren Firmen in der Schweiz statt Erd\u00f6l- und Erdgasl\u00e4nder.\u00a0<\/p>\n\n<h2 class=\"wp-block-heading\"><strong>Marco Chiesa verschliesst die Augen vor einer unabh\u00e4ngigen Energieversorgung in der Schweiz\u00a0<\/strong><\/h2>\n\n<p>Das f\u00fcr eine klimafreundliche und sichere Energiewende eingesetzte Geld st\u00e4rkt die&nbsp; inl\u00e4ndische Versorgung und erh\u00f6ht die Unabh\u00e4ngigkeit von ausl\u00e4ndischen Energielieferanten und Preiskartellen. Der Umbau der Energieversorgung wird unter anderem dazu f\u00fchren, dass Geld, welches heute f\u00fcr den Import von Erd\u00f6l und Erdgas in L\u00e4nder wie Libyen, Kasachstan, Nigeria oder Russland abfliesst, in Zukunft in der Schweiz investiert wird.&nbsp;&nbsp;<\/p>\n\n<p><strong>Lieber Marco Chiesa. Die Atomenergie ist ein alter Hut, der Photovoltaik geh\u00f6rt die Zukunft.<\/strong> Setzen Sie sich zusammen mit uns f\u00fcr eine atom- und CO2-freie Energieversorgung ein \u2013 um die Versorgungssicherheit zu gew\u00e4hrleisten sowie die Klimakrise einzud\u00e4mmen und damit die Lebensgrundlage von uns allen zu bewahren.<\/p>\n<div class=\"action-divider\">\n\t\t\t<p class=\"action-divider-text\"><span class=\"dashicons-before dashicons-megaphone\"><\/span> Hilf mit den St\u00e4nder\u00e4t:innen Beine zu machen und einen raschen Solarausbau voranzutreiben.<\/p>\n\t\t<div class=\"wp-block-buttons is-content-justification-center is-layout-flex wp-container-core-buttons-is-layout-1 wp-block-buttons-is-layout-flex\">\n\t\t\t<div class=\"wp-block-button is-style-cta\"><a class=\"wp-block-button__link wp-element-button\" href=\"https:\/\/www.greenpeace.ch\/solar-sprint\" target=\"_self\">Jetzt Petition unterzeichnen!<\/a><\/div>\n\t\t<\/div>\n\t<\/div>\n\n<p>P.S. Auch der Bundesrat verkennt das Potenzial der Sonnenenergie. Um die Schweiz vor einem drohenden Strommangel in den kommenden Monaten zu sch\u00fctzen, tr\u00e4umt er von neuen Gaskraftwerken. <a href=\"https:\/\/www.greenpeace.ch\/de\/medienmitteilung\/81284\/strommangel-schweiz-braucht-raschen-ausbau-der-solarenergie-und-keine-neuen-gaskraftwerke\/\" target=\"_blank\" rel=\"noreferrer noopener\">Das geht gar nicht.<\/a> Wir m\u00fcssen unsere Treibhausgasemissionen rasch reduzieren. Der Einsatz von Gaskraftwerken f\u00fchrt zu einem Anstieg der Emissionen, unabh\u00e4ngig der Massnahmen, die ergriffen werden, um die Emissionen zu kompensieren.<\/p>\n","protected":false},"excerpt":{"rendered":"<p>Mit einem schnellen Ausbau der Solarenergie kann die Schweiz ihre Energieversorgung sicherer und klimafreundlicher gestalten. <\/p>\n","protected":false},"author":48,"featured_media":81354,"comment_status":"closed","ping_status":"closed","sticky":false,"template":"","format":"standard","meta":{"_acf_changed":false,"_planet4_optimize_post_is_variant":false,"_planet4_optimize_experiment_name":"","_planet4_optimize_variant_name":"","ep_exclude_from_search":false,"p4_og_title":"","p4_og_description":"","p4_og_image":"","p4_og_image_id":"","p4_seo_canonical_url":"","p4_campaign_name":"not set","p4_local_project":"not set","p4_basket_name":"not set","p4_department":"","footnotes":""},"categories":[1],"tags":[42,50],"p4-page-type":[75],"gpch-article-type":[],"class_list":["post-81319","post","type-post","status-publish","format-standard","has-post-thumbnail","hentry","category-unkategorisiert","tag-energie","tag-klima","p4-page-type-story"],"acf":[],"_links":{"self":[{"href":"https:\/\/www.greenpeace.ch\/de\/wp-json\/wp\/v2\/posts\/81319","targetHints":{"allow":["GET"]}}],"collection":[{"href":"https:\/\/www.greenpeace.ch\/de\/wp-json\/wp\/v2\/posts"}],"about":[{"href":"https:\/\/www.greenpeace.ch\/de\/wp-json\/wp\/v2\/types\/post"}],"author":[{"embeddable":true,"href":"https:\/\/www.greenpeace.ch\/de\/wp-json\/wp\/v2\/users\/48"}],"replies":[{"embeddable":true,"href":"https:\/\/www.greenpeace.ch\/de\/wp-json\/wp\/v2\/comments?post=81319"}],"version-history":[{"count":1,"href":"https:\/\/www.greenpeace.ch\/de\/wp-json\/wp\/v2\/posts\/81319\/revisions"}],"predecessor-version":[{"id":121299,"href":"https:\/\/www.greenpeace.ch\/de\/wp-json\/wp\/v2\/posts\/81319\/revisions\/121299"}],"wp:featuredmedia":[{"embeddable":true,"href":"https:\/\/www.greenpeace.ch\/de\/wp-json\/wp\/v2\/media\/81354"}],"wp:attachment":[{"href":"https:\/\/www.greenpeace.ch\/de\/wp-json\/wp\/v2\/media?parent=81319"}],"wp:term":[{"taxonomy":"category","embeddable":true,"href":"https:\/\/www.greenpeace.ch\/de\/wp-json\/wp\/v2\/categories?post=81319"},{"taxonomy":"post_tag","embeddable":true,"href":"https:\/\/www.greenpeace.ch\/de\/wp-json\/wp\/v2\/tags?post=81319"},{"taxonomy":"p4-page-type","embeddable":true,"href":"https:\/\/www.greenpeace.ch\/de\/wp-json\/wp\/v2\/p4-page-type?post=81319"},{"taxonomy":"gpch-article-type","embeddable":true,"href":"https:\/\/www.greenpeace.ch\/de\/wp-json\/wp\/v2\/gpch-article-type?post=81319"}],"curies":[{"name":"wp","href":"https:\/\/api.w.org\/{rel}","templated":true}]}}