{"id":83158,"date":"2022-04-01T08:33:50","date_gmt":"2022-04-01T06:33:50","guid":{"rendered":"https:\/\/www.greenpeace.ch\/?p=83158"},"modified":"2022-04-01T09:32:05","modified_gmt":"2022-04-01T07:32:05","slug":"wie-greenpeace-fluechtenden-aus-der-ukraine-hilft","status":"publish","type":"post","link":"https:\/\/www.greenpeace.ch\/de\/story\/83158\/wie-greenpeace-fluechtenden-aus-der-ukraine-hilft\/","title":{"rendered":"Wie Greenpeace Fl\u00fcchtenden aus der Ukraine hilft"},"content":{"rendered":"\n<p><strong>Seit dem 24. Februar 2022 sind rund 3,6 Millionen Menschen aus der Ukraine in die Slowakei, nach Rum\u00e4nien, Moldawien, Polen und Ungarn geflohen, was diese Krise zur am schnellsten wachsenden Fl\u00fcchtlingskrise in Europa seit dem Zweiten Weltkrieg macht. Die Greenpeace-B\u00fcros in den Nachbarl\u00e4ndern zur Ukraine unterst\u00fctzen Fl\u00fcchtende wo immer m\u00f6glich.<\/strong><\/p>\n\n<p>Allein Polen hat rund 2,15 Millionen Menschen aufgenommen, vor allem M\u00fctter mit Kindern, die zum Teil lange Wartezeiten an der Grenze in Kauf nehmen mussten. Viele Orte berichten, dass sie an ihre Kapazit\u00e4tsgrenzen stossen. In den an die Ukraine angrenzenden L\u00e4ndern k\u00f6nnen die Fl\u00fcchtlinge in Aufnahmezentren untergebracht werden, wenn sie nicht bei Freunden oder Verwandten unterkommen k\u00f6nnen. Sie erhalten dort Lebensmittel, medizinische Versorgung und Informationen \u00fcber die Weiterreise. Die EU hat Ukrainer:innen, die vor dem Krieg fliehen, ein pauschales Aufenthalts- und Arbeitsrecht in ihren 27 Mitgliedstaaten f\u00fcr bis zu drei Jahre gew\u00e4hrt. Ausserdem erhalten sie Sozialhilfe und Zugang zu Wohnraum, medizinischer Versorgung und Schulen.<\/p>\n\n<p>Doch nicht alle, die wollen, k\u00f6nnen die Flucht antreten. Bed\u00fcrftige Menschen sitzen in der Ukraine fest, einige von ihnen haben im Moment keine M\u00f6glichkeit zu fliehen. Doch es werden ab und zu humanit\u00e4re Korridore eingerichtet. Die Wartezeiten an den Grenzen sind auf ukrainischer Seite sehr lang, manchmal bis zu 20-30 Stunden, manchmal sogar noch l\u00e4nger. Wir stehen mit unseren Kontakten vor Ort in allen L\u00e4ndern in Verbindung, um abzukl\u00e4ren, welche Art von Ausr\u00fcstung oder Ressourcen ben\u00f6tigt werden. Unsere B\u00fcros in Mittel- und Osteuropa geben ihr bestes, um Hilfe f\u00fcr Fl\u00fcchtende zur Verf\u00fcgung zu stellen:<\/p>\n\n<h2 class=\"wp-block-heading\"><strong>Greenpeace Rum\u00e4nien<\/strong><\/h2>\n\n<p>Das B\u00fcro von Greenpeace Rum\u00e4nien \u00f6ffnete seine R\u00e4ume f\u00fcr die Unterbringung ukrainischer M\u00fctter mit Kindern in Zusammenarbeit mit einer lokalen Hilfsgruppe namens &#171;M\u00fctter f\u00fcr M\u00fctter&#187;. Bis auf den Keller und den Verwaltungsraum wurden alle R\u00e4ume mit Matratzen, einem Spielplatz, Lebensmitteln, Hygieneartikeln, Internet usw. ausgestattet. Dutzende von Menschen nutzten diesen Raum entweder auf der Durchreise oder auf der Suche nach einer langfristigen Unterkunft in Rum\u00e4nien.&nbsp;<\/p>\n<div data-render=\"planet4-blocks\/gallery\" data-attributes=\"{&quot;attributes&quot;:{&quot;multiple_image&quot;:&quot;83159,83162,83165,83168,83171&quot;,&quot;image_data&quot;:[{&quot;url&quot;:&quot;https:\\\/\\\/www.greenpeace.ch\\\/static\\\/planet4-switzerland-stateless\\\/2022\\\/03\\\/27c32e01-gpro-receving-mothers-with-children-2.jpg&quot;,&quot;focalPoint&quot;:{&quot;x&quot;:0.5,&quot;y&quot;:0.5},&quot;id&quot;:83159},{&quot;url&quot;:&quot;https:\\\/\\\/www.greenpeace.ch\\\/static\\\/planet4-switzerland-stateless\\\/2022\\\/03\\\/4b73f7bc-gpro-receving-mothers-with-children-5.jpg&quot;,&quot;focalPoint&quot;:{&quot;x&quot;:0.5,&quot;y&quot;:0.5},&quot;id&quot;:83162},{&quot;url&quot;:&quot;https:\\\/\\\/www.greenpeace.ch\\\/static\\\/planet4-switzerland-stateless\\\/2022\\\/03\\\/e68ad2cb-gpro-receving-mothers-with-children-7.jpg&quot;,&quot;focalPoint&quot;:{&quot;x&quot;:0.5,&quot;y&quot;:0.5},&quot;id&quot;:83165},{&quot;url&quot;:&quot;https:\\\/\\\/www.greenpeace.ch\\\/static\\\/planet4-switzerland-stateless\\\/2022\\\/03\\\/012fd9f3-gpro-receving-mothers-with-children-8.jpg&quot;,&quot;focalPoint&quot;:{&quot;x&quot;:0.5,&quot;y&quot;:0.5},&quot;id&quot;:83168},{&quot;url&quot;:&quot;https:\\\/\\\/www.greenpeace.ch\\\/static\\\/planet4-switzerland-stateless\\\/2022\\\/03\\\/a52540df-gpro-receving-mothers-with-children-9.jpg&quot;,&quot;focalPoint&quot;:{&quot;x&quot;:0.5,&quot;y&quot;:0.5},&quot;id&quot;:83171}],&quot;gallery_block_style&quot;:0,&quot;gallery_block_title&quot;:&quot;&quot;,&quot;gallery_block_description&quot;:&quot;&quot;,&quot;gallery_block_focus_points&quot;:&quot;&quot;,&quot;images&quot;:[{&quot;image_src&quot;:&quot;https:\\\/\\\/www.greenpeace.ch\\\/static\\\/planet4-switzerland-stateless\\\/2022\\\/03\\\/27c32e01-gpro-receving-mothers-with-children-2.jpg&quot;,&quot;image_srcset&quot;:&quot;https:\\\/\\\/www.greenpeace.ch\\\/static\\\/planet4-switzerland-stateless\\\/2022\\\/03\\\/27c32e01-gpro-receving-mothers-with-children-2.jpg 2048w, https:\\\/\\\/www.greenpeace.ch\\\/static\\\/planet4-switzerland-stateless\\\/2022\\\/03\\\/27c32e01-gpro-receving-mothers-with-children-2-300x225.jpg 300w, https:\\\/\\\/www.greenpeace.ch\\\/static\\\/planet4-switzerland-stateless\\\/2022\\\/03\\\/27c32e01-gpro-receving-mothers-with-children-2-1024x768.jpg 1024w, https:\\\/\\\/www.greenpeace.ch\\\/static\\\/planet4-switzerland-stateless\\\/2022\\\/03\\\/27c32e01-gpro-receving-mothers-with-children-2-768x576.jpg 768w, https:\\\/\\\/www.greenpeace.ch\\\/static\\\/planet4-switzerland-stateless\\\/2022\\\/03\\\/27c32e01-gpro-receving-mothers-with-children-2-1536x1152.jpg 1536w, https:\\\/\\\/www.greenpeace.ch\\\/static\\\/planet4-switzerland-stateless\\\/2022\\\/03\\\/27c32e01-gpro-receving-mothers-with-children-2-1821x1366.jpg 1821w, https:\\\/\\\/www.greenpeace.ch\\\/static\\\/planet4-switzerland-stateless\\\/2022\\\/03\\\/27c32e01-gpro-receving-mothers-with-children-2-453x340.jpg 453w&quot;,&quot;image_sizes&quot;:false,&quot;alt_text&quot;:&quot;&quot;,&quot;caption&quot;:&quot;Das B\\u00fcro von Greenpeace Rum\\u00e4nien steht ukrainischen M\\u00fcttern mit Kindern zur Verf\\u00fcgung&quot;,&quot;focus_image&quot;:&quot;&quot;,&quot;credits&quot;:&quot;\\u00a9 Greenpeace Rum\\u00e4nien&quot;},{&quot;image_src&quot;:&quot;https:\\\/\\\/www.greenpeace.ch\\\/static\\\/planet4-switzerland-stateless\\\/2022\\\/03\\\/4b73f7bc-gpro-receving-mothers-with-children-5.jpg&quot;,&quot;image_srcset&quot;:&quot;https:\\\/\\\/www.greenpeace.ch\\\/static\\\/planet4-switzerland-stateless\\\/2022\\\/03\\\/4b73f7bc-gpro-receving-mothers-with-children-5.jpg 1536w, https:\\\/\\\/www.greenpeace.ch\\\/static\\\/planet4-switzerland-stateless\\\/2022\\\/03\\\/4b73f7bc-gpro-receving-mothers-with-children-5-225x300.jpg 225w, https:\\\/\\\/www.greenpeace.ch\\\/static\\\/planet4-switzerland-stateless\\\/2022\\\/03\\\/4b73f7bc-gpro-receving-mothers-with-children-5-768x1024.jpg 768w, https:\\\/\\\/www.greenpeace.ch\\\/static\\\/planet4-switzerland-stateless\\\/2022\\\/03\\\/4b73f7bc-gpro-receving-mothers-with-children-5-1152x1536.jpg 1152w, https:\\\/\\\/www.greenpeace.ch\\\/static\\\/planet4-switzerland-stateless\\\/2022\\\/03\\\/4b73f7bc-gpro-receving-mothers-with-children-5-1025x1366.jpg 1025w, https:\\\/\\\/www.greenpeace.ch\\\/static\\\/planet4-switzerland-stateless\\\/2022\\\/03\\\/4b73f7bc-gpro-receving-mothers-with-children-5-255x340.jpg 255w&quot;,&quot;image_sizes&quot;:false,&quot;alt_text&quot;:&quot;&quot;,&quot;caption&quot;:&quot;Lebensmittelvorr\\u00e4te im Greenpeace-B\\u00fcro Rum\\u00e4nien&quot;,&quot;focus_image&quot;:&quot;&quot;,&quot;credits&quot;:&quot;\\u00a9 Greenpeace Rum\\u00e4nien&quot;},{&quot;image_src&quot;:&quot;https:\\\/\\\/www.greenpeace.ch\\\/static\\\/planet4-switzerland-stateless\\\/2022\\\/03\\\/e68ad2cb-gpro-receving-mothers-with-children-7.jpg&quot;,&quot;image_srcset&quot;:&quot;https:\\\/\\\/www.greenpeace.ch\\\/static\\\/planet4-switzerland-stateless\\\/2022\\\/03\\\/e68ad2cb-gpro-receving-mothers-with-children-7.jpg 1536w, https:\\\/\\\/www.greenpeace.ch\\\/static\\\/planet4-switzerland-stateless\\\/2022\\\/03\\\/e68ad2cb-gpro-receving-mothers-with-children-7-225x300.jpg 225w, https:\\\/\\\/www.greenpeace.ch\\\/static\\\/planet4-switzerland-stateless\\\/2022\\\/03\\\/e68ad2cb-gpro-receving-mothers-with-children-7-768x1024.jpg 768w, https:\\\/\\\/www.greenpeace.ch\\\/static\\\/planet4-switzerland-stateless\\\/2022\\\/03\\\/e68ad2cb-gpro-receving-mothers-with-children-7-1152x1536.jpg 1152w, https:\\\/\\\/www.greenpeace.ch\\\/static\\\/planet4-switzerland-stateless\\\/2022\\\/03\\\/e68ad2cb-gpro-receving-mothers-with-children-7-1025x1366.jpg 1025w, https:\\\/\\\/www.greenpeace.ch\\\/static\\\/planet4-switzerland-stateless\\\/2022\\\/03\\\/e68ad2cb-gpro-receving-mothers-with-children-7-255x340.jpg 255w&quot;,&quot;image_sizes&quot;:false,&quot;alt_text&quot;:&quot;&quot;,&quot;caption&quot;:&quot;Kleidung f\\u00fcr fl\\u00fcchtende M\\u00fctter mit Kindern&quot;,&quot;focus_image&quot;:&quot;&quot;,&quot;credits&quot;:&quot;\\u00a9 Greenpeace Rum\\u00e4nien&quot;},{&quot;image_src&quot;:&quot;https:\\\/\\\/www.greenpeace.ch\\\/static\\\/planet4-switzerland-stateless\\\/2022\\\/03\\\/012fd9f3-gpro-receving-mothers-with-children-8.jpg&quot;,&quot;image_srcset&quot;:&quot;https:\\\/\\\/www.greenpeace.ch\\\/static\\\/planet4-switzerland-stateless\\\/2022\\\/03\\\/012fd9f3-gpro-receving-mothers-with-children-8.jpg 2048w, https:\\\/\\\/www.greenpeace.ch\\\/static\\\/planet4-switzerland-stateless\\\/2022\\\/03\\\/012fd9f3-gpro-receving-mothers-with-children-8-300x225.jpg 300w, https:\\\/\\\/www.greenpeace.ch\\\/static\\\/planet4-switzerland-stateless\\\/2022\\\/03\\\/012fd9f3-gpro-receving-mothers-with-children-8-1024x768.jpg 1024w, https:\\\/\\\/www.greenpeace.ch\\\/static\\\/planet4-switzerland-stateless\\\/2022\\\/03\\\/012fd9f3-gpro-receving-mothers-with-children-8-768x576.jpg 768w, https:\\\/\\\/www.greenpeace.ch\\\/static\\\/planet4-switzerland-stateless\\\/2022\\\/03\\\/012fd9f3-gpro-receving-mothers-with-children-8-1536x1152.jpg 1536w, https:\\\/\\\/www.greenpeace.ch\\\/static\\\/planet4-switzerland-stateless\\\/2022\\\/03\\\/012fd9f3-gpro-receving-mothers-with-children-8-1821x1366.jpg 1821w, https:\\\/\\\/www.greenpeace.ch\\\/static\\\/planet4-switzerland-stateless\\\/2022\\\/03\\\/012fd9f3-gpro-receving-mothers-with-children-8-453x340.jpg 453w&quot;,&quot;image_sizes&quot;:false,&quot;alt_text&quot;:&quot;&quot;,&quot;caption&quot;:&quot;Das B\\u00fcro von Greenpeace Rum\\u00e4nien steht ukrainischen M\\u00fcttern mit Kindern zur Verf\\u00fcgung&quot;,&quot;focus_image&quot;:&quot;&quot;,&quot;credits&quot;:&quot;\\u00a9 Greenpeace Rum\\u00e4nien&quot;},{&quot;image_src&quot;:&quot;https:\\\/\\\/www.greenpeace.ch\\\/static\\\/planet4-switzerland-stateless\\\/2022\\\/03\\\/a52540df-gpro-receving-mothers-with-children-9.jpg&quot;,&quot;image_srcset&quot;:&quot;https:\\\/\\\/www.greenpeace.ch\\\/static\\\/planet4-switzerland-stateless\\\/2022\\\/03\\\/a52540df-gpro-receving-mothers-with-children-9.jpg 2048w, https:\\\/\\\/www.greenpeace.ch\\\/static\\\/planet4-switzerland-stateless\\\/2022\\\/03\\\/a52540df-gpro-receving-mothers-with-children-9-300x225.jpg 300w, https:\\\/\\\/www.greenpeace.ch\\\/static\\\/planet4-switzerland-stateless\\\/2022\\\/03\\\/a52540df-gpro-receving-mothers-with-children-9-1024x768.jpg 1024w, https:\\\/\\\/www.greenpeace.ch\\\/static\\\/planet4-switzerland-stateless\\\/2022\\\/03\\\/a52540df-gpro-receving-mothers-with-children-9-768x576.jpg 768w, https:\\\/\\\/www.greenpeace.ch\\\/static\\\/planet4-switzerland-stateless\\\/2022\\\/03\\\/a52540df-gpro-receving-mothers-with-children-9-1536x1152.jpg 1536w, https:\\\/\\\/www.greenpeace.ch\\\/static\\\/planet4-switzerland-stateless\\\/2022\\\/03\\\/a52540df-gpro-receving-mothers-with-children-9-1821x1366.jpg 1821w, https:\\\/\\\/www.greenpeace.ch\\\/static\\\/planet4-switzerland-stateless\\\/2022\\\/03\\\/a52540df-gpro-receving-mothers-with-children-9-453x340.jpg 453w&quot;,&quot;image_sizes&quot;:false,&quot;alt_text&quot;:&quot;&quot;,&quot;caption&quot;:&quot;Spielecke f\\u00fcr ukrainische Kinder im Greenpeace-B\\u00fcro Rum\\u00e4nien&quot;,&quot;focus_image&quot;:&quot;&quot;,&quot;credits&quot;:&quot;\\u00a9 Greenpeace Rum\\u00e4nien&quot;}]}}\"><\/div>\n<p>Greenpeace Rum\u00e4nien hat an zwei internationalen Busbahnh\u00f6fen, an denen Fl\u00fcchtlinge aus der Republik Moldau ankommen, Zelte aufgestellt, in denen Freiwillige sie mit heissem Tee, Snacks, Strom, Wasser, erster Hilfe, \u00dcbersetzungen und Informationen empfangen.&nbsp;<\/p>\n\n<h2 class=\"wp-block-heading\"><strong>Greenpeace Bulgarien<\/strong><\/h2>\n\n<p>An der Grenze zwischen Rum\u00e4nien und Bulgarien herrscht reger Betrieb. Viele Fl\u00fcchtende aus der Ukraine kommen mit Autos, Lieferwagen und Bussen \u00fcber die Grenze und es gibt lange Staus an den Grenzkontrollstellen. Auch in verschiedenen St\u00e4dten Bulgariens wurden Krisenzentren er\u00f6ffnet, um die Fl\u00fcchtlinge aufzunehmen. Das Lagerhaus von Greenpeace Bulgarien diente als Logistikzentrum f\u00fcr die Entgegennahme humanit\u00e4rer Hilfe und deren Transport in die Ukraine, doch nun wurde es in einen geeigneteren Raum verlegt, in dem Fl\u00fcchtlinge, die nach Sofia kommen, Lebensmittel, Kleidung, Decken, Hygienematerialien usw. erhalten k\u00f6nnen. Unterdessen besetzten Aktivist:innen das Energieministerium mit Forderungen nach Energieunabh\u00e4ngigkeit und &#171;Erneuerbare Energien, nicht Krieg&#187;.<\/p>\n\n<h2 class=\"wp-block-heading\"><strong>Greenpeace Slowakei<\/strong><\/h2>\n\n<p>Bisher haben wir zwei grosse, selbstaufblasbare Zelte mit Heizungen, zwei Generatoren, einige Schlafs\u00e4cke und kleinere Zelte, Feuerwehrausr\u00fcstung und Batteriespeicher gespendet. Es gibt zu viele Freiwillige und Hilfsorganisationen auf der slowakischen Seite der Grenze, sodass es keine weiteren Aktivit\u00e4ten an den Grenzen durch unser B\u00fcro gibt. Wir aber vorbereitet, wenn wieder Bedarf bestehen sollte. Unterdessen protestierten Greenpeace-AktivistInnen vor dem Wirtschaftsministerium und bei der slowakischen Gasindustrie gegen die Abh\u00e4ngigkeit der Slowakei von russischem Gas.<\/p>\n\n<h2 class=\"wp-block-heading\"><strong>Greenpeace Ungarn<\/strong><\/h2>\n\n<p>An den Grenzen sind gut organisierte humanit\u00e4re Organisationen und Zivilist:innen pr\u00e4sent (Rotes Kreuz, Baptisten, Caritas, Malta), die immer besser koordiniert werden. W\u00e4hrenddessen hat der Staat endlich seinen Ansatz ge\u00e4ndert und beginnt langsam, die Kontrolle zu \u00fcbernehmen. Das gesamte Verwaltungs- und B\u00fcrokratiesystem f\u00fcr Einwander:innen und Fl\u00fcchtlinge ist aufgrund der st\u00e4ndigen Hasskampagne seit 2014 in einem sehr schlechten Zustand. Der Staat sendet auf allen Kan\u00e4len russische Propaganda, aber die Reaktion der Gesellschaft ist meist sehr menschlich. Jeden Montag sammeln unsere Freiwilligen Hilfsg\u00fcter ein und verteilen sie dort, wo sie gebraucht werden. Sie schliessen sich dabei den Organisationen an, die an den Bahnh\u00f6fen pr\u00e4sent sind. N\u00e4chste Woche finden die ersten Gruppensitzungen mit einem Therapeuten statt, sowohl f\u00fcr die Mitarbeiter:innen als auch f\u00fcr die Aktivist:innen. Unsere Kampagne konzentriert sich weiterhin auf die Energieabh\u00e4ngigkeit von russischen Quellen.<\/p>\n\n<h2 class=\"wp-block-heading\"><strong>Greenpeace Polen<\/strong><\/h2>\n\n<p>Rund 2,15 Millionen Ukrainer:innen sind nach Polen gekommen. Einige von ihnen sind auf der Durchreise, aber die meisten von ihnen suchen eine Bleibe f\u00fcr l\u00e4ngere Zeit. Man kann die wachsende Dichte der Menschen in Warschau sp\u00fcren und sehen. Die erste landesweite Hilfswelle schw\u00e4cht ab, sodass die Hilfe immer noch gr\u00f6sstenteils von Freiwilligen abh\u00e4ngt. Die Regierung hat ein neues Gesetz zur Erleichterung der Rechtsangelegenheiten von Fl\u00fcchtlingen verabschiedet, das einige sinnvolle Hilfen enth\u00e4lt. Gleichzeitig setzt es aber auch mehrere Verordnungen durch, die die Macht der Milit\u00e4rpolizei st\u00e4rken, einschliesslich der Verletzung der b\u00fcrgerlichen Freiheiten, der \u00dcberwachung und des Zugangs zu pers\u00f6nlichen Daten.<\/p>\n","protected":false},"excerpt":{"rendered":"<p>Seit dem 24. Februar 2022 sind rund 3,6 Millionen Menschen aus der Ukraine in die Slowakei, nach Rum\u00e4nien, Moldawien, Polen und Ungarn geflohen, was diese Krise zur am schnellsten wachsenden Fl\u00fcchtlingskrise in Europa seit dem Zweiten Weltkrieg macht. Die Greenpeace-B\u00fcros in den Nachbarl\u00e4ndern zur Ukraine unterst\u00fctzen Fl\u00fcchtende wo immer m\u00f6glich.<\/p>\n","protected":false},"author":89,"featured_media":83175,"comment_status":"closed","ping_status":"closed","sticky":false,"template":"","format":"standard","meta":{"_acf_changed":false,"_planet4_optimize_post_is_variant":false,"_planet4_optimize_experiment_name":"","_planet4_optimize_variant_name":"","ep_exclude_from_search":false,"p4_og_title":"","p4_og_description":"","p4_og_image":"","p4_og_image_id":"","p4_seo_canonical_url":"","p4_campaign_name":"not set","p4_local_project":"not set","p4_basket_name":"not set","p4_department":"","footnotes":""},"categories":[1],"tags":[46,220],"p4-page-type":[75],"gpch-article-type":[],"class_list":["post-83158","post","type-post","status-publish","format-standard","has-post-thumbnail","hentry","category-unkategorisiert","tag-ueber-uns","tag-ukraine","p4-page-type-story"],"acf":[],"_links":{"self":[{"href":"https:\/\/www.greenpeace.ch\/de\/wp-json\/wp\/v2\/posts\/83158","targetHints":{"allow":["GET"]}}],"collection":[{"href":"https:\/\/www.greenpeace.ch\/de\/wp-json\/wp\/v2\/posts"}],"about":[{"href":"https:\/\/www.greenpeace.ch\/de\/wp-json\/wp\/v2\/types\/post"}],"author":[{"embeddable":true,"href":"https:\/\/www.greenpeace.ch\/de\/wp-json\/wp\/v2\/users\/89"}],"replies":[{"embeddable":true,"href":"https:\/\/www.greenpeace.ch\/de\/wp-json\/wp\/v2\/comments?post=83158"}],"version-history":[{"count":0,"href":"https:\/\/www.greenpeace.ch\/de\/wp-json\/wp\/v2\/posts\/83158\/revisions"}],"wp:featuredmedia":[{"embeddable":true,"href":"https:\/\/www.greenpeace.ch\/de\/wp-json\/wp\/v2\/media\/83175"}],"wp:attachment":[{"href":"https:\/\/www.greenpeace.ch\/de\/wp-json\/wp\/v2\/media?parent=83158"}],"wp:term":[{"taxonomy":"category","embeddable":true,"href":"https:\/\/www.greenpeace.ch\/de\/wp-json\/wp\/v2\/categories?post=83158"},{"taxonomy":"post_tag","embeddable":true,"href":"https:\/\/www.greenpeace.ch\/de\/wp-json\/wp\/v2\/tags?post=83158"},{"taxonomy":"p4-page-type","embeddable":true,"href":"https:\/\/www.greenpeace.ch\/de\/wp-json\/wp\/v2\/p4-page-type?post=83158"},{"taxonomy":"gpch-article-type","embeddable":true,"href":"https:\/\/www.greenpeace.ch\/de\/wp-json\/wp\/v2\/gpch-article-type?post=83158"}],"curies":[{"name":"wp","href":"https:\/\/api.w.org\/{rel}","templated":true}]}}