{"id":83565,"date":"2022-04-07T07:00:00","date_gmt":"2022-04-07T05:00:00","guid":{"rendered":"https:\/\/www.greenpeace.ch\/?p=83565"},"modified":"2022-04-05T16:59:50","modified_gmt":"2022-04-05T14:59:50","slug":"wann-wird-mehrweg-fuer-nestle-prioritaet","status":"publish","type":"post","link":"https:\/\/www.greenpeace.ch\/de\/story\/83565\/wann-wird-mehrweg-fuer-nestle-prioritaet\/","title":{"rendered":"Wann wird Mehrweg f\u00fcr Nestl\u00e9 Priorit\u00e4t?"},"content":{"rendered":"\n<p><strong>Anl\u00e4sslich der Generalversammlung von Nestl\u00e9 erinnert Greenpeace Schweiz die Aktion\u00e4r:innen und Manager:innen des multinationalen Konzerns: ihr Plastik wirkt sich katastrophal auf die Umwelt und das Klima aus. Der Coca-Cola-Konzern hat sich verpflichtet, bis 2030 25 Prozent der Verpackungen wiederverwendbar zu machen. Nun\u00a0 ist es f\u00fcr Nestl\u00e9 h\u00f6chste Zeit, in grossem Stil wiederverwendbare Vertriebssysteme einzuf\u00fchren und sich endlich ehrgeizige Ziele in diesem Bereich zu setzen. Ziele, die ihrer Rolle als f\u00fchrendes Unternehmen der Lebensmittelbranche gerecht werden.<\/strong><\/p>\n\n<p>Auch wenn sich die Ergebnisse, die Nestl\u00e9 den Aktion\u00e4r:innen vorlegt, von Jahr zu Jahr unterscheiden, gibt es eine Zahl, die sich leider nicht \u00e4ndert: der verschwindend geringe Anteil an wiederverwendbaren Verpackungen im Portfolio von Nestl\u00e9. <strong>\u00abMit nur einem\u00a0 Prozent wiederverwendbaren Plastikverpackungen zeigt Nestl\u00e9 keinen echten Willen, sein auf Einweg basierendes Gesch\u00e4ftsmodell zu \u00e4ndern. Nestl\u00e9 macht mit dieser Vertriebsart Gewinn auf Kosten der Umwelt und des Klimas\u00bb<\/strong>, sagt Florian Kasser, Konsumexperte bei Greenpeace Schweiz.<\/p>\n\n<h2 class=\"wp-block-heading\"><strong>Ehrgeiz f\u00fcr Mehrweg&nbsp;<\/strong><\/h2>\n\n<p>Nestl\u00e9 hat seine Unterst\u00fctzung f\u00fcr das internationale Plastikabkommen bekundet, das im letzten Monat von den Vereinten Nationen diskutiert wurde. Innerhalb des Unternehmens setzt der Schweizer Multi jedoch weiterhin mehrheitlich auf Scheinl\u00f6sungen, wie Papierverpackungen, die das Problem nur verlagern. Damit f\u00e4llt er heute im Kampf gegen die Plastikverschmutzung hinter andere Konzerne zur\u00fcck, wie zum Beispiel die Konkurrentin <a href=\"https:\/\/www.greenpeace.org\/usa\/news\/greenpeace-usa-welcomes-coca-cola-decision-to-make-25-of-their-packaging-reusable-by-2030\/\" target=\"_blank\" rel=\"noreferrer noopener\">Coca-Cola<\/a>, die nun klare Ziele f\u00fcr Mehrweg angek\u00fcndigt hat (25 Prozent Mehrweg bis 2030).\u00a0<\/p>\n\n<p>\u00abNestl\u00e9 hat die M\u00f6glichkeiten, in die Entwicklung und Umsetzung neuer Vertriebswege zu investieren. Um unsere Umwelt und das Klima zu sch\u00fctzen, muss die Plastikproduktion an der Quelle gestoppt und Einwegverpackungen ein Ende gesetzt werden. Deshalb fordern wir Nestl\u00e9 auf, ab sofort Vertriebssysteme einzuf\u00fchren, die auf Mehrweg basieren, und sich ehrgeizige Ziele zu setzen. Wir fordern die internationalen Konsumg\u00fcter-Konzerne auf, bis 2025 mindestens 25 Prozent und bis 2030 mindestens 50 Prozent der Verpackungen wiederverwendbar zu machen\u00bb, f\u00e4hrt Florian Kasser fort.&nbsp;<\/p>\n\n<h2 class=\"wp-block-heading\"><strong>Offenheit und Transparenz<\/strong><\/h2>\n\n<p>Nestl\u00e9 sagt, bis 2025 100 Prozent recycelbare oder wiederverwendbare Verpackungen erreichen zu wollen. Ohne Angaben, wie hoch der Anteil recycelbarer respektive wiederverwendbarer Verpackungen ist, sind diese Zusagen unzureichend und verwirrend. <strong>Denn recycelbar ist nicht gleich recycelt.<\/strong> Der im M\u00e4rz dieses Jahres ver\u00f6ffentlichte Nachhaltigkeitsbericht des Unternehmens enth\u00e4lt immer noch keine Angaben \u00fcber wiederverwendbare Verpackungen. Nestl\u00e9 muss den Fussabdruck von Einwegverpackungen transparent kommunizieren, einschliesslich der Wiederverwendungs- und Reduktionsniveaus (nach Artikel und Gewicht).<\/p>\n\n<p>Ein Beispiel hierf\u00fcr sind Sachets, kleine Einzelportionsbeutel, die vor allem in S\u00fcdostasien angeboten werden. Solange Nestl\u00e9 diese weiterhin verkauft, ist es unm\u00f6glich, die Versprechungen einzul\u00f6sen. Da die Beutel aus mehreren Schichten bestehen, sind sie nur schwer zu recyceln, insbesondere in Regionen, in denen die Infrastruktur f\u00fcr die Verarbeitung solcher Materialien nicht vorhanden ist. In St\u00e4dten, vor allem in Asien, werden Sachet-Abf\u00e4lle zunehmend in Zementwerken verbrannt, was das Problem der M\u00fclldeponien nur auf die Luftverschmutzung verlagert.&nbsp;<\/p>\n\n<h2 class=\"wp-block-heading\"><strong>Von Worten zu Taten<\/strong><\/h2>\n\n<p>Die Bewegung \u00abBreak Free From Plastic\u00bb identifizierte Nestl\u00e9 im Oktober letzten Jahres als den <a href=\"https:\/\/www.greenpeace.ch\/de\/medienmitteilung\/75375\/die-groessten-plastikverschmutzer-der-welt-coca-cola-pepsi-unilever-und-nestle-2\/\">viertgr\u00f6ssten Plastikverschmutzer der Welt<\/a>. Greenpeace ruft die Aktion\u00e4r:innen dazu auf, Nestl\u00e9 aufzufordern, ihre Verantwortung f\u00fcr die Plastik- und Klimakrise endlich wahrzunehmen. Plastik ist nicht nur ein Abfallproblem, sondern wird aus Erd\u00f6l gewonnen. Plastik tr\u00e4gt damit bei der Produktion, Nutzung sowie Entsorgung zur globalen Erw\u00e4rmung bei. Nestl\u00e9 muss Einwegverpackungen jeglicher Art abschaffen, in wiederverwendbare Systeme investieren und politische Massnahmen zur Umgestaltung der gesamten Industrie unterst\u00fctzen.<\/p>\n\n<hr class=\"wp-block-separator\"\/>\n\n<h2 class=\"wp-block-heading\">Aktivist:innen setzen sich weltweit f\u00fcr eine plastikfreie Zukunft ein<\/h2>\n\n<p>Greenpeace-Aktivist:innen setzen sich weltweit gegen die Plastikverschmutzung ein, welche von Nestl\u00e9 und weiteren multinationalen Konzernen verursacht wird. Eindr\u00fccke davon in dieser Bildergalerie<\/p>\n<div data-render=\"planet4-blocks\/gallery\" data-attributes=\"{&quot;attributes&quot;:{&quot;multiple_image&quot;:&quot;83569,83572,83575,83578,83582,83585,83594,83599,83604,83607,83610,83614,83617,83620&quot;,&quot;image_data&quot;:[{&quot;url&quot;:&quot;https:\\\/\\\/www.greenpeace.ch\\\/static\\\/planet4-switzerland-stateless\\\/2022\\\/04\\\/bbcc5fe5-gp0stt7fo_medium_res_with_credit_line.jpg&quot;,&quot;focalPoint&quot;:{&quot;x&quot;:0.5,&quot;y&quot;:0.5},&quot;id&quot;:83569},{&quot;url&quot;:&quot;https:\\\/\\\/www.greenpeace.ch\\\/static\\\/planet4-switzerland-stateless\\\/2022\\\/04\\\/7760fa99-gp0stt7yv_medium_res_with_credit_line.jpg&quot;,&quot;focalPoint&quot;:{&quot;x&quot;:0.5,&quot;y&quot;:0.5},&quot;id&quot;:83572},{&quot;url&quot;:&quot;https:\\\/\\\/www.greenpeace.ch\\\/static\\\/planet4-switzerland-stateless\\\/2022\\\/04\\\/75b7f377-gp0stt8n0_medium_res_with_credit_line.jpg&quot;,&quot;focalPoint&quot;:{&quot;x&quot;:0.5,&quot;y&quot;:0.5},&quot;id&quot;:83575},{&quot;url&quot;:&quot;https:\\\/\\\/www.greenpeace.ch\\\/static\\\/planet4-switzerland-stateless\\\/2022\\\/04\\\/b71a01aa-gp0stt7tl_medium_res_with_credit_line.jpg&quot;,&quot;focalPoint&quot;:{&quot;x&quot;:0.5,&quot;y&quot;:0.5},&quot;id&quot;:83578},{&quot;url&quot;:&quot;https:\\\/\\\/www.greenpeace.ch\\\/static\\\/planet4-switzerland-stateless\\\/2022\\\/04\\\/a81e6202-gp0stt74i_medium_res_with_credit_line.jpg&quot;,&quot;focalPoint&quot;:{&quot;x&quot;:0.5,&quot;y&quot;:0.5},&quot;id&quot;:83582},{&quot;url&quot;:&quot;https:\\\/\\\/www.greenpeace.ch\\\/static\\\/planet4-switzerland-stateless\\\/2022\\\/04\\\/60a5715c-gp0stt7vg_medium_res_with_credit_line.jpg&quot;,&quot;focalPoint&quot;:{&quot;x&quot;:0.5,&quot;y&quot;:0.5},&quot;id&quot;:83585},{&quot;url&quot;:&quot;https:\\\/\\\/www.greenpeace.ch\\\/static\\\/planet4-switzerland-stateless\\\/2022\\\/04\\\/b5003593-gp0stt7z0_medium_res_with_credit_line-1.jpg&quot;,&quot;focalPoint&quot;:{&quot;x&quot;:0.5,&quot;y&quot;:0.5},&quot;id&quot;:83594},{&quot;url&quot;:&quot;https:\\\/\\\/www.greenpeace.ch\\\/static\\\/planet4-switzerland-stateless\\\/2022\\\/04\\\/e640d1dc-gp0stt85a_medium_res_with_credit_line-1.jpg&quot;,&quot;focalPoint&quot;:{&quot;x&quot;:0.5,&quot;y&quot;:0.5},&quot;id&quot;:83599},{&quot;url&quot;:&quot;https:\\\/\\\/www.greenpeace.ch\\\/static\\\/planet4-switzerland-stateless\\\/2022\\\/04\\\/1b602d6c-gp0stt849_medium_res_with_credit_line.jpg&quot;,&quot;focalPoint&quot;:{&quot;x&quot;:0.5,&quot;y&quot;:0.5},&quot;id&quot;:83604},{&quot;url&quot;:&quot;https:\\\/\\\/www.greenpeace.ch\\\/static\\\/planet4-switzerland-stateless\\\/2022\\\/04\\\/69977e87-gp0stt87x_medium_res_with_credit_line.jpg&quot;,&quot;focalPoint&quot;:{&quot;x&quot;:0.5,&quot;y&quot;:0.5},&quot;id&quot;:83607},{&quot;url&quot;:&quot;https:\\\/\\\/www.greenpeace.ch\\\/static\\\/planet4-switzerland-stateless\\\/2022\\\/04\\\/5543a86b-gp0stt8sh_medium_res_with_credit_line.jpg&quot;,&quot;focalPoint&quot;:{&quot;x&quot;:0.5,&quot;y&quot;:0.5},&quot;id&quot;:83610},{&quot;url&quot;:&quot;https:\\\/\\\/www.greenpeace.ch\\\/static\\\/planet4-switzerland-stateless\\\/2022\\\/04\\\/fd52002b-gp0stt8tz_medium_res_with_credit_line-1.jpg&quot;,&quot;focalPoint&quot;:{&quot;x&quot;:0.5,&quot;y&quot;:0.5},&quot;id&quot;:83614},{&quot;url&quot;:&quot;https:\\\/\\\/www.greenpeace.ch\\\/static\\\/planet4-switzerland-stateless\\\/2022\\\/04\\\/c0621d7d-gp0stt80u_medium_res_with_credit_line.jpg&quot;,&quot;focalPoint&quot;:{&quot;x&quot;:0.5,&quot;y&quot;:0.5},&quot;id&quot;:83617},{&quot;url&quot;:&quot;https:\\\/\\\/www.greenpeace.ch\\\/static\\\/planet4-switzerland-stateless\\\/2022\\\/04\\\/015063a0-gp0stt7yo_medium_res_with_credit_line.jpg&quot;,&quot;focalPoint&quot;:{&quot;x&quot;:0.5,&quot;y&quot;:0.5},&quot;id&quot;:83620}],&quot;gallery_block_style&quot;:0,&quot;gallery_block_title&quot;:&quot;&quot;,&quot;gallery_block_description&quot;:&quot;&quot;,&quot;gallery_block_focus_points&quot;:&quot;&quot;,&quot;images&quot;:[{&quot;image_src&quot;:&quot;https:\\\/\\\/www.greenpeace.ch\\\/static\\\/planet4-switzerland-stateless\\\/2022\\\/04\\\/bbcc5fe5-gp0stt7fo_medium_res_with_credit_line.jpg&quot;,&quot;image_srcset&quot;:&quot;https:\\\/\\\/www.greenpeace.ch\\\/static\\\/planet4-switzerland-stateless\\\/2022\\\/04\\\/bbcc5fe5-gp0stt7fo_medium_res_with_credit_line.jpg 1200w, https:\\\/\\\/www.greenpeace.ch\\\/static\\\/planet4-switzerland-stateless\\\/2022\\\/04\\\/bbcc5fe5-gp0stt7fo_medium_res_with_credit_line-300x200.jpg 300w, https:\\\/\\\/www.greenpeace.ch\\\/static\\\/planet4-switzerland-stateless\\\/2022\\\/04\\\/bbcc5fe5-gp0stt7fo_medium_res_with_credit_line-1024x683.jpg 1024w, https:\\\/\\\/www.greenpeace.ch\\\/static\\\/planet4-switzerland-stateless\\\/2022\\\/04\\\/bbcc5fe5-gp0stt7fo_medium_res_with_credit_line-768x512.jpg 768w, https:\\\/\\\/www.greenpeace.ch\\\/static\\\/planet4-switzerland-stateless\\\/2022\\\/04\\\/bbcc5fe5-gp0stt7fo_medium_res_with_credit_line-510x340.jpg 510w&quot;,&quot;image_sizes&quot;:false,&quot;alt_text&quot;:&quot;&quot;,&quot;caption&quot;:&quot;Greenpeace-Aktivist:innen bei der Nestl\\u00e9-Generalversammlung 2019 in Lausanne&quot;,&quot;focus_image&quot;:&quot;&quot;,&quot;credits&quot;:&quot;&quot;},{&quot;image_src&quot;:&quot;https:\\\/\\\/www.greenpeace.ch\\\/static\\\/planet4-switzerland-stateless\\\/2022\\\/04\\\/7760fa99-gp0stt7yv_medium_res_with_credit_line.jpg&quot;,&quot;image_srcset&quot;:&quot;https:\\\/\\\/www.greenpeace.ch\\\/static\\\/planet4-switzerland-stateless\\\/2022\\\/04\\\/7760fa99-gp0stt7yv_medium_res_with_credit_line.jpg 1200w, https:\\\/\\\/www.greenpeace.ch\\\/static\\\/planet4-switzerland-stateless\\\/2022\\\/04\\\/7760fa99-gp0stt7yv_medium_res_with_credit_line-300x200.jpg 300w, https:\\\/\\\/www.greenpeace.ch\\\/static\\\/planet4-switzerland-stateless\\\/2022\\\/04\\\/7760fa99-gp0stt7yv_medium_res_with_credit_line-1024x683.jpg 1024w, https:\\\/\\\/www.greenpeace.ch\\\/static\\\/planet4-switzerland-stateless\\\/2022\\\/04\\\/7760fa99-gp0stt7yv_medium_res_with_credit_line-768x512.jpg 768w, https:\\\/\\\/www.greenpeace.ch\\\/static\\\/planet4-switzerland-stateless\\\/2022\\\/04\\\/7760fa99-gp0stt7yv_medium_res_with_credit_line-510x340.jpg 510w&quot;,&quot;image_sizes&quot;:false,&quot;alt_text&quot;:&quot;&quot;,&quot;caption&quot;:&quot;Greenpeace-Aktivist:innen beim Nestl\\u00e9-Hauptsitz in San Pellegrino, Italien&quot;,&quot;focus_image&quot;:&quot;&quot;,&quot;credits&quot;:&quot;&quot;},{&quot;image_src&quot;:&quot;https:\\\/\\\/www.greenpeace.ch\\\/static\\\/planet4-switzerland-stateless\\\/2022\\\/04\\\/75b7f377-gp0stt8n0_medium_res_with_credit_line.jpg&quot;,&quot;image_srcset&quot;:&quot;https:\\\/\\\/www.greenpeace.ch\\\/static\\\/planet4-switzerland-stateless\\\/2022\\\/04\\\/75b7f377-gp0stt8n0_medium_res_with_credit_line.jpg 1200w, https:\\\/\\\/www.greenpeace.ch\\\/static\\\/planet4-switzerland-stateless\\\/2022\\\/04\\\/75b7f377-gp0stt8n0_medium_res_with_credit_line-300x200.jpg 300w, https:\\\/\\\/www.greenpeace.ch\\\/static\\\/planet4-switzerland-stateless\\\/2022\\\/04\\\/75b7f377-gp0stt8n0_medium_res_with_credit_line-1024x683.jpg 1024w, https:\\\/\\\/www.greenpeace.ch\\\/static\\\/planet4-switzerland-stateless\\\/2022\\\/04\\\/75b7f377-gp0stt8n0_medium_res_with_credit_line-768x512.jpg 768w, https:\\\/\\\/www.greenpeace.ch\\\/static\\\/planet4-switzerland-stateless\\\/2022\\\/04\\\/75b7f377-gp0stt8n0_medium_res_with_credit_line-510x340.jpg 510w&quot;,&quot;image_sizes&quot;:false,&quot;alt_text&quot;:&quot;&quot;,&quot;caption&quot;:&quot;Greenpeace-Aktivist:innen beim Hauptsitz von Nestl\\u00e9 in Mexico City&quot;,&quot;focus_image&quot;:&quot;&quot;,&quot;credits&quot;:&quot;&quot;},{&quot;image_src&quot;:&quot;https:\\\/\\\/www.greenpeace.ch\\\/static\\\/planet4-switzerland-stateless\\\/2022\\\/04\\\/b71a01aa-gp0stt7tl_medium_res_with_credit_line.jpg&quot;,&quot;image_srcset&quot;:&quot;https:\\\/\\\/www.greenpeace.ch\\\/static\\\/planet4-switzerland-stateless\\\/2022\\\/04\\\/b71a01aa-gp0stt7tl_medium_res_with_credit_line.jpg 1200w, https:\\\/\\\/www.greenpeace.ch\\\/static\\\/planet4-switzerland-stateless\\\/2022\\\/04\\\/b71a01aa-gp0stt7tl_medium_res_with_credit_line-300x200.jpg 300w, https:\\\/\\\/www.greenpeace.ch\\\/static\\\/planet4-switzerland-stateless\\\/2022\\\/04\\\/b71a01aa-gp0stt7tl_medium_res_with_credit_line-1024x683.jpg 1024w, https:\\\/\\\/www.greenpeace.ch\\\/static\\\/planet4-switzerland-stateless\\\/2022\\\/04\\\/b71a01aa-gp0stt7tl_medium_res_with_credit_line-768x512.jpg 768w, https:\\\/\\\/www.greenpeace.ch\\\/static\\\/planet4-switzerland-stateless\\\/2022\\\/04\\\/b71a01aa-gp0stt7tl_medium_res_with_credit_line-510x340.jpg 510w&quot;,&quot;image_sizes&quot;:false,&quot;alt_text&quot;:&quot;&quot;,&quot;caption&quot;:&quot;Greenpeace Schiff \\&quot;Beluga II\\&quot; in Frankfurt, Deutschland&quot;,&quot;focus_image&quot;:&quot;&quot;,&quot;credits&quot;:&quot;&quot;},{&quot;image_src&quot;:&quot;https:\\\/\\\/www.greenpeace.ch\\\/static\\\/planet4-switzerland-stateless\\\/2022\\\/04\\\/a81e6202-gp0stt74i_medium_res_with_credit_line.jpg&quot;,&quot;image_srcset&quot;:&quot;https:\\\/\\\/www.greenpeace.ch\\\/static\\\/planet4-switzerland-stateless\\\/2022\\\/04\\\/a81e6202-gp0stt74i_medium_res_with_credit_line.jpg 1200w, https:\\\/\\\/www.greenpeace.ch\\\/static\\\/planet4-switzerland-stateless\\\/2022\\\/04\\\/a81e6202-gp0stt74i_medium_res_with_credit_line-300x200.jpg 300w, https:\\\/\\\/www.greenpeace.ch\\\/static\\\/planet4-switzerland-stateless\\\/2022\\\/04\\\/a81e6202-gp0stt74i_medium_res_with_credit_line-1024x683.jpg 1024w, https:\\\/\\\/www.greenpeace.ch\\\/static\\\/planet4-switzerland-stateless\\\/2022\\\/04\\\/a81e6202-gp0stt74i_medium_res_with_credit_line-768x512.jpg 768w, https:\\\/\\\/www.greenpeace.ch\\\/static\\\/planet4-switzerland-stateless\\\/2022\\\/04\\\/a81e6202-gp0stt74i_medium_res_with_credit_line-510x340.jpg 510w&quot;,&quot;image_sizes&quot;:false,&quot;alt_text&quot;:&quot;&quot;,&quot;caption&quot;:&quot;Greenpeace-Aktivist:innen protestieren in Manila (Philippines) gegen Sachets, kleine Einzelportionsbeutel, welche vor allem in S\\u00fcdostasien angeboten werden&quot;,&quot;focus_image&quot;:&quot;&quot;,&quot;credits&quot;:&quot;&quot;},{&quot;image_src&quot;:&quot;https:\\\/\\\/www.greenpeace.ch\\\/static\\\/planet4-switzerland-stateless\\\/2022\\\/04\\\/60a5715c-gp0stt7vg_medium_res_with_credit_line.jpg&quot;,&quot;image_srcset&quot;:&quot;https:\\\/\\\/www.greenpeace.ch\\\/static\\\/planet4-switzerland-stateless\\\/2022\\\/04\\\/60a5715c-gp0stt7vg_medium_res_with_credit_line.jpg 1200w, https:\\\/\\\/www.greenpeace.ch\\\/static\\\/planet4-switzerland-stateless\\\/2022\\\/04\\\/60a5715c-gp0stt7vg_medium_res_with_credit_line-300x200.jpg 300w, https:\\\/\\\/www.greenpeace.ch\\\/static\\\/planet4-switzerland-stateless\\\/2022\\\/04\\\/60a5715c-gp0stt7vg_medium_res_with_credit_line-1024x683.jpg 1024w, https:\\\/\\\/www.greenpeace.ch\\\/static\\\/planet4-switzerland-stateless\\\/2022\\\/04\\\/60a5715c-gp0stt7vg_medium_res_with_credit_line-768x512.jpg 768w, https:\\\/\\\/www.greenpeace.ch\\\/static\\\/planet4-switzerland-stateless\\\/2022\\\/04\\\/60a5715c-gp0stt7vg_medium_res_with_credit_line-510x340.jpg 510w&quot;,&quot;image_sizes&quot;:false,&quot;alt_text&quot;:&quot;&quot;,&quot;caption&quot;:&quot;Greenpeace-Aktivist:innen beim Nestl\\u00e9-Hauptsitz in Nairobi, Kenya&quot;,&quot;focus_image&quot;:&quot;&quot;,&quot;credits&quot;:&quot;&quot;},{&quot;image_src&quot;:&quot;https:\\\/\\\/www.greenpeace.ch\\\/static\\\/planet4-switzerland-stateless\\\/2022\\\/04\\\/b5003593-gp0stt7z0_medium_res_with_credit_line-1.jpg&quot;,&quot;image_srcset&quot;:&quot;https:\\\/\\\/www.greenpeace.ch\\\/static\\\/planet4-switzerland-stateless\\\/2022\\\/04\\\/b5003593-gp0stt7z0_medium_res_with_credit_line-1.jpg 1200w, https:\\\/\\\/www.greenpeace.ch\\\/static\\\/planet4-switzerland-stateless\\\/2022\\\/04\\\/b5003593-gp0stt7z0_medium_res_with_credit_line-1-300x225.jpg 300w, https:\\\/\\\/www.greenpeace.ch\\\/static\\\/planet4-switzerland-stateless\\\/2022\\\/04\\\/b5003593-gp0stt7z0_medium_res_with_credit_line-1-1024x768.jpg 1024w, https:\\\/\\\/www.greenpeace.ch\\\/static\\\/planet4-switzerland-stateless\\\/2022\\\/04\\\/b5003593-gp0stt7z0_medium_res_with_credit_line-1-768x576.jpg 768w, https:\\\/\\\/www.greenpeace.ch\\\/static\\\/planet4-switzerland-stateless\\\/2022\\\/04\\\/b5003593-gp0stt7z0_medium_res_with_credit_line-1-453x340.jpg 453w&quot;,&quot;image_sizes&quot;:false,&quot;alt_text&quot;:&quot;&quot;,&quot;caption&quot;:&quot;Greenpeace-Aktivist:innen beim Nestl\\u00e9-Hauptsitz in Ljubljana, Slovenia&quot;,&quot;focus_image&quot;:&quot;&quot;,&quot;credits&quot;:&quot;&quot;},{&quot;image_src&quot;:&quot;https:\\\/\\\/www.greenpeace.ch\\\/static\\\/planet4-switzerland-stateless\\\/2022\\\/04\\\/e640d1dc-gp0stt85a_medium_res_with_credit_line-1.jpg&quot;,&quot;image_srcset&quot;:&quot;https:\\\/\\\/www.greenpeace.ch\\\/static\\\/planet4-switzerland-stateless\\\/2022\\\/04\\\/e640d1dc-gp0stt85a_medium_res_with_credit_line-1.jpg 1200w, https:\\\/\\\/www.greenpeace.ch\\\/static\\\/planet4-switzerland-stateless\\\/2022\\\/04\\\/e640d1dc-gp0stt85a_medium_res_with_credit_line-1-300x200.jpg 300w, https:\\\/\\\/www.greenpeace.ch\\\/static\\\/planet4-switzerland-stateless\\\/2022\\\/04\\\/e640d1dc-gp0stt85a_medium_res_with_credit_line-1-1024x683.jpg 1024w, https:\\\/\\\/www.greenpeace.ch\\\/static\\\/planet4-switzerland-stateless\\\/2022\\\/04\\\/e640d1dc-gp0stt85a_medium_res_with_credit_line-1-768x512.jpg 768w, https:\\\/\\\/www.greenpeace.ch\\\/static\\\/planet4-switzerland-stateless\\\/2022\\\/04\\\/e640d1dc-gp0stt85a_medium_res_with_credit_line-1-510x340.jpg 510w&quot;,&quot;image_sizes&quot;:false,&quot;alt_text&quot;:&quot;&quot;,&quot;caption&quot;:&quot;Greenpeace-Aktivist:innen bei einer Nestl\\u00e9 Fabrik in Toronto, Canada&quot;,&quot;focus_image&quot;:&quot;&quot;,&quot;credits&quot;:&quot;&quot;},{&quot;image_src&quot;:&quot;https:\\\/\\\/www.greenpeace.ch\\\/static\\\/planet4-switzerland-stateless\\\/2022\\\/04\\\/1b602d6c-gp0stt849_medium_res_with_credit_line.jpg&quot;,&quot;image_srcset&quot;:&quot;https:\\\/\\\/www.greenpeace.ch\\\/static\\\/planet4-switzerland-stateless\\\/2022\\\/04\\\/1b602d6c-gp0stt849_medium_res_with_credit_line.jpg 1200w, https:\\\/\\\/www.greenpeace.ch\\\/static\\\/planet4-switzerland-stateless\\\/2022\\\/04\\\/1b602d6c-gp0stt849_medium_res_with_credit_line-300x222.jpg 300w, https:\\\/\\\/www.greenpeace.ch\\\/static\\\/planet4-switzerland-stateless\\\/2022\\\/04\\\/1b602d6c-gp0stt849_medium_res_with_credit_line-1024x759.jpg 1024w, https:\\\/\\\/www.greenpeace.ch\\\/static\\\/planet4-switzerland-stateless\\\/2022\\\/04\\\/1b602d6c-gp0stt849_medium_res_with_credit_line-768x569.jpg 768w, https:\\\/\\\/www.greenpeace.ch\\\/static\\\/planet4-switzerland-stateless\\\/2022\\\/04\\\/1b602d6c-gp0stt849_medium_res_with_credit_line-459x340.jpg 459w&quot;,&quot;image_sizes&quot;:false,&quot;alt_text&quot;:&quot;&quot;,&quot;caption&quot;:&quot;Greenpeace-Aktivist:innen beim Nestl\\u00e9-Hauptsitz in Arlington, Virginia &quot;,&quot;focus_image&quot;:&quot;&quot;,&quot;credits&quot;:&quot;&quot;},{&quot;image_src&quot;:&quot;https:\\\/\\\/www.greenpeace.ch\\\/static\\\/planet4-switzerland-stateless\\\/2022\\\/04\\\/69977e87-gp0stt87x_medium_res_with_credit_line.jpg&quot;,&quot;image_srcset&quot;:&quot;https:\\\/\\\/www.greenpeace.ch\\\/static\\\/planet4-switzerland-stateless\\\/2022\\\/04\\\/69977e87-gp0stt87x_medium_res_with_credit_line.jpg 1200w, https:\\\/\\\/www.greenpeace.ch\\\/static\\\/planet4-switzerland-stateless\\\/2022\\\/04\\\/69977e87-gp0stt87x_medium_res_with_credit_line-300x200.jpg 300w, https:\\\/\\\/www.greenpeace.ch\\\/static\\\/planet4-switzerland-stateless\\\/2022\\\/04\\\/69977e87-gp0stt87x_medium_res_with_credit_line-1024x683.jpg 1024w, https:\\\/\\\/www.greenpeace.ch\\\/static\\\/planet4-switzerland-stateless\\\/2022\\\/04\\\/69977e87-gp0stt87x_medium_res_with_credit_line-768x512.jpg 768w, https:\\\/\\\/www.greenpeace.ch\\\/static\\\/planet4-switzerland-stateless\\\/2022\\\/04\\\/69977e87-gp0stt87x_medium_res_with_credit_line-510x340.jpg 510w&quot;,&quot;image_sizes&quot;:false,&quot;alt_text&quot;:&quot;&quot;,&quot;caption&quot;:&quot; Greenpeace-Aktivist:innen protestieren auf den Strassen von Luxemburg&quot;,&quot;focus_image&quot;:&quot;&quot;,&quot;credits&quot;:&quot;&quot;},{&quot;image_src&quot;:&quot;https:\\\/\\\/www.greenpeace.ch\\\/static\\\/planet4-switzerland-stateless\\\/2022\\\/04\\\/5543a86b-gp0stt8sh_medium_res_with_credit_line.jpg&quot;,&quot;image_srcset&quot;:&quot;https:\\\/\\\/www.greenpeace.ch\\\/static\\\/planet4-switzerland-stateless\\\/2022\\\/04\\\/5543a86b-gp0stt8sh_medium_res_with_credit_line.jpg 1200w, https:\\\/\\\/www.greenpeace.ch\\\/static\\\/planet4-switzerland-stateless\\\/2022\\\/04\\\/5543a86b-gp0stt8sh_medium_res_with_credit_line-300x225.jpg 300w, https:\\\/\\\/www.greenpeace.ch\\\/static\\\/planet4-switzerland-stateless\\\/2022\\\/04\\\/5543a86b-gp0stt8sh_medium_res_with_credit_line-1024x768.jpg 1024w, https:\\\/\\\/www.greenpeace.ch\\\/static\\\/planet4-switzerland-stateless\\\/2022\\\/04\\\/5543a86b-gp0stt8sh_medium_res_with_credit_line-768x576.jpg 768w, https:\\\/\\\/www.greenpeace.ch\\\/static\\\/planet4-switzerland-stateless\\\/2022\\\/04\\\/5543a86b-gp0stt8sh_medium_res_with_credit_line-453x340.jpg 453w&quot;,&quot;image_sizes&quot;:false,&quot;alt_text&quot;:&quot;&quot;,&quot;caption&quot;:&quot;Greenpeace-Aktivist:innen protestieren auf den Strassen von Luxemburg&quot;,&quot;focus_image&quot;:&quot;&quot;,&quot;credits&quot;:&quot;&quot;},{&quot;image_src&quot;:&quot;https:\\\/\\\/www.greenpeace.ch\\\/static\\\/planet4-switzerland-stateless\\\/2022\\\/04\\\/fd52002b-gp0stt8tz_medium_res_with_credit_line-1.jpg&quot;,&quot;image_srcset&quot;:&quot;https:\\\/\\\/www.greenpeace.ch\\\/static\\\/planet4-switzerland-stateless\\\/2022\\\/04\\\/fd52002b-gp0stt8tz_medium_res_with_credit_line-1.jpg 1200w, https:\\\/\\\/www.greenpeace.ch\\\/static\\\/planet4-switzerland-stateless\\\/2022\\\/04\\\/fd52002b-gp0stt8tz_medium_res_with_credit_line-1-300x175.jpg 300w, https:\\\/\\\/www.greenpeace.ch\\\/static\\\/planet4-switzerland-stateless\\\/2022\\\/04\\\/fd52002b-gp0stt8tz_medium_res_with_credit_line-1-1024x596.jpg 1024w, https:\\\/\\\/www.greenpeace.ch\\\/static\\\/planet4-switzerland-stateless\\\/2022\\\/04\\\/fd52002b-gp0stt8tz_medium_res_with_credit_line-1-768x447.jpg 768w, https:\\\/\\\/www.greenpeace.ch\\\/static\\\/planet4-switzerland-stateless\\\/2022\\\/04\\\/fd52002b-gp0stt8tz_medium_res_with_credit_line-1-510x297.jpg 510w&quot;,&quot;image_sizes&quot;:false,&quot;alt_text&quot;:&quot;&quot;,&quot;caption&quot;:&quot;Greenpeace-Aktivist:innen beim Nestl\\u00e9-Hauptsitz in Malaysia &quot;,&quot;focus_image&quot;:&quot;&quot;,&quot;credits&quot;:&quot;&quot;},{&quot;image_src&quot;:&quot;https:\\\/\\\/www.greenpeace.ch\\\/static\\\/planet4-switzerland-stateless\\\/2022\\\/04\\\/c0621d7d-gp0stt80u_medium_res_with_credit_line.jpg&quot;,&quot;image_srcset&quot;:&quot;https:\\\/\\\/www.greenpeace.ch\\\/static\\\/planet4-switzerland-stateless\\\/2022\\\/04\\\/c0621d7d-gp0stt80u_medium_res_with_credit_line.jpg 1200w, https:\\\/\\\/www.greenpeace.ch\\\/static\\\/planet4-switzerland-stateless\\\/2022\\\/04\\\/c0621d7d-gp0stt80u_medium_res_with_credit_line-300x200.jpg 300w, https:\\\/\\\/www.greenpeace.ch\\\/static\\\/planet4-switzerland-stateless\\\/2022\\\/04\\\/c0621d7d-gp0stt80u_medium_res_with_credit_line-1024x683.jpg 1024w, https:\\\/\\\/www.greenpeace.ch\\\/static\\\/planet4-switzerland-stateless\\\/2022\\\/04\\\/c0621d7d-gp0stt80u_medium_res_with_credit_line-768x512.jpg 768w, https:\\\/\\\/www.greenpeace.ch\\\/static\\\/planet4-switzerland-stateless\\\/2022\\\/04\\\/c0621d7d-gp0stt80u_medium_res_with_credit_line-510x340.jpg 510w&quot;,&quot;image_sizes&quot;:false,&quot;alt_text&quot;:&quot;&quot;,&quot;caption&quot;:&quot;Greenpeace-Aktivist:innen auf dem Genfersee in Vevey, Schweiz&quot;,&quot;focus_image&quot;:&quot;&quot;,&quot;credits&quot;:&quot;&quot;},{&quot;image_src&quot;:&quot;https:\\\/\\\/www.greenpeace.ch\\\/static\\\/planet4-switzerland-stateless\\\/2022\\\/04\\\/015063a0-gp0stt7yo_medium_res_with_credit_line.jpg&quot;,&quot;image_srcset&quot;:&quot;https:\\\/\\\/www.greenpeace.ch\\\/static\\\/planet4-switzerland-stateless\\\/2022\\\/04\\\/015063a0-gp0stt7yo_medium_res_with_credit_line.jpg 1199w, https:\\\/\\\/www.greenpeace.ch\\\/static\\\/planet4-switzerland-stateless\\\/2022\\\/04\\\/015063a0-gp0stt7yo_medium_res_with_credit_line-300x200.jpg 300w, https:\\\/\\\/www.greenpeace.ch\\\/static\\\/planet4-switzerland-stateless\\\/2022\\\/04\\\/015063a0-gp0stt7yo_medium_res_with_credit_line-1024x683.jpg 1024w, https:\\\/\\\/www.greenpeace.ch\\\/static\\\/planet4-switzerland-stateless\\\/2022\\\/04\\\/015063a0-gp0stt7yo_medium_res_with_credit_line-768x512.jpg 768w, https:\\\/\\\/www.greenpeace.ch\\\/static\\\/planet4-switzerland-stateless\\\/2022\\\/04\\\/015063a0-gp0stt7yo_medium_res_with_credit_line-510x340.jpg 510w&quot;,&quot;image_sizes&quot;:false,&quot;alt_text&quot;:&quot;&quot;,&quot;caption&quot;:&quot;Greenpeace-Aktivist:innen beim Nestl\\u00e9-Hauptsitz in Vevey, Schweiz&quot;,&quot;focus_image&quot;:&quot;&quot;,&quot;credits&quot;:&quot;&quot;}]}}\"><\/div>","protected":false},"excerpt":{"rendered":"<p>Anl\u00e4sslich der Generalversammlung von Nestl\u00e9 erinnert Greenpeace Schweiz die Aktion\u00e4r:innen und Manager:innen des multinationalen Konzerns: ihr Plastik wirkt sich katastrophal auf die Umwelt und das Klima aus. <\/p>\n","protected":false},"author":50,"featured_media":83630,"comment_status":"closed","ping_status":"closed","sticky":false,"template":"","format":"standard","meta":{"_acf_changed":false,"_planet4_optimize_post_is_variant":false,"_planet4_optimize_experiment_name":"","_planet4_optimize_variant_name":"","ep_exclude_from_search":false,"p4_og_title":"","p4_og_description":"","p4_og_image":"","p4_og_image_id":"","p4_seo_canonical_url":"","p4_campaign_name":"not set","p4_local_project":"not set","p4_basket_name":"not set","p4_department":"","footnotes":""},"categories":[48],"tags":[217,37],"p4-page-type":[75],"gpch-article-type":[],"class_list":["post-83565","post","type-post","status-publish","format-standard","has-post-thumbnail","hentry","category-zero-waste","tag-konsum","tag-zero-waste","p4-page-type-story"],"acf":[],"_links":{"self":[{"href":"https:\/\/www.greenpeace.ch\/de\/wp-json\/wp\/v2\/posts\/83565","targetHints":{"allow":["GET"]}}],"collection":[{"href":"https:\/\/www.greenpeace.ch\/de\/wp-json\/wp\/v2\/posts"}],"about":[{"href":"https:\/\/www.greenpeace.ch\/de\/wp-json\/wp\/v2\/types\/post"}],"author":[{"embeddable":true,"href":"https:\/\/www.greenpeace.ch\/de\/wp-json\/wp\/v2\/users\/50"}],"replies":[{"embeddable":true,"href":"https:\/\/www.greenpeace.ch\/de\/wp-json\/wp\/v2\/comments?post=83565"}],"version-history":[{"count":0,"href":"https:\/\/www.greenpeace.ch\/de\/wp-json\/wp\/v2\/posts\/83565\/revisions"}],"wp:featuredmedia":[{"embeddable":true,"href":"https:\/\/www.greenpeace.ch\/de\/wp-json\/wp\/v2\/media\/83630"}],"wp:attachment":[{"href":"https:\/\/www.greenpeace.ch\/de\/wp-json\/wp\/v2\/media?parent=83565"}],"wp:term":[{"taxonomy":"category","embeddable":true,"href":"https:\/\/www.greenpeace.ch\/de\/wp-json\/wp\/v2\/categories?post=83565"},{"taxonomy":"post_tag","embeddable":true,"href":"https:\/\/www.greenpeace.ch\/de\/wp-json\/wp\/v2\/tags?post=83565"},{"taxonomy":"p4-page-type","embeddable":true,"href":"https:\/\/www.greenpeace.ch\/de\/wp-json\/wp\/v2\/p4-page-type?post=83565"},{"taxonomy":"gpch-article-type","embeddable":true,"href":"https:\/\/www.greenpeace.ch\/de\/wp-json\/wp\/v2\/gpch-article-type?post=83565"}],"curies":[{"name":"wp","href":"https:\/\/api.w.org\/{rel}","templated":true}]}}