{"id":84276,"date":"2022-05-12T13:00:00","date_gmt":"2022-05-12T11:00:00","guid":{"rendered":"https:\/\/www.greenpeace.ch\/?p=84276"},"modified":"2022-05-12T13:46:00","modified_gmt":"2022-05-12T11:46:00","slug":"die-ermutigende-bewegung-fuer-den-amazonas-schutz","status":"publish","type":"post","link":"https:\/\/www.greenpeace.ch\/de\/story\/84276\/die-ermutigende-bewegung-fuer-den-amazonas-schutz\/","title":{"rendered":"Die ermutigende Bewegung f\u00fcr den Amazonas-Schutz"},"content":{"rendered":"\n<p><strong>Die Entwaldungsgeschwindigkeit im Amazonasgebiet hat sich seit Bolsonaros Amtsantritt 2019 nahezu verdoppelt. Die Treibhausgas-Emissionen sind um 10 Prozent gestiegen. Indigene Gemeinden werden bedroht und vertrieben. Die Landkonflikte und die Anzahl Morde an Indigenen und anderen Waldsch\u00fctzer:innen haben massiv zugenommen. Doch trotz dieser erschreckenden Entwicklungen gibt es Hoffnung: Die Umweltbewegung w\u00e4chst n\u00e4mlich auch.<\/strong><\/p>\n\n<p>Die grosse Mehrheit der Brasilianer:innen &#8211; laut aktuellen Umfragen sind es 80 Prozent! &#8211; will den Amazonas sch\u00fctzen. F\u00fcr sie ist der gr\u00f6sste aller Regenw\u00e4lder eine Quelle des Stolzes. Immer mehr Menschen schliessen sich uns an, um die umwelt- und menschenfeindliche Politik der Regierung Bolsonaro zu stoppen. Die brasilianische Umweltbewegung ist so geeint und stark wie nie zuvor. Alleine bei Greenpeace engagieren sich mehrere Millionen Brasilianer:innen daf\u00fcr.<\/p>\n\n<ul class=\"is-style-accent-info wp-block-list\"><li><strong>2 Millionen Cyberaktivist:innen<\/strong> sind in den sozialen Medien aktiv, verbreiten Fakten zur Umweltzerst\u00f6rung, entlarven Fake News und mobilisieren auf Twitter, Facebook &amp; Co.<\/li><li><strong>6 Millionen Follower:innen <\/strong>erhalten Recherchen und Mobilisierungsaufrufe von Greenpeace und verbreiten diese weiter.<\/li><li><strong>16 Partnerorganisationen<\/strong> arbeiten koordiniert mit Greenpeace zusammen, darunter sowohl lokale wie auch internationale wie der WWF.<\/li><li><strong>4&#8217;000 aktive Freiwillige<\/strong> stehen in ganz Brasilien bereit f\u00fcr Aktionen sowie f\u00fcr die Organisation von Veranstaltungen und Demos in allen Regionen.<\/li><\/ul>\n\n<figure class=\"wp-block-embed is-type-video is-provider-youtube wp-block-embed-youtube wp-embed-aspect-16-9 wp-has-aspect-ratio\"><div class=\"wp-block-embed__wrapper\">\n<lite-youtube style=\"background-image: url('https:\/\/i.ytimg.com\/vi\/3ZhXZZbEQYo\/hqdefault.jpg');\" videoid=\"3ZhXZZbEQYo\" params=\"rel=0&#038;enablejsapi=1&#038;origin=https%3A%2F%2Fwww.greenpeace.ch&#038;cc_load_policy=1\"><\/lite-youtube>\n<\/div><\/figure>\n\n<h2 class=\"wp-block-heading\">Unser Einsatz f\u00fcr den Amazonas und seine Bewohner:innen<\/h2>\n\n<h3 class=\"wp-block-heading\"><strong>Ausbau der Bewegung zum Schutz des Amazonas und seiner Bewohner:innen<\/strong><\/h3>\n\n<p>Unser dringlichstes Ziel f\u00fcr 2022 ist die breite Mobilisierung der Bev\u00f6lkerung Brasiliens. Wir schaffen eine Bewegung, die den Schutz des Amazonas und ihrer Bewohner zur wichtigsten Priorit\u00e4t der B\u00fcrger:innen bei politischen Entscheiden machen soll. Indem wir aufkl\u00e4ren und inspirieren, k\u00f6nnen Millionen Menschen zu Akteur:innen des Wandels werden.<\/p>\n\n<h3 class=\"wp-block-heading\">Indigene V\u00f6lker sch\u00fctzen und unterst\u00fctzen<\/h3>\n\n<p>Greenpeace hat \u00fcber viele Jahre vertrauensvolle Partnerschaften zu \u00fcber 100 indigenen Gemeinschaften aufgebaut. Wir unterst\u00fctzen sie auf vielseitige Weise in ihrem Kampf um die Anerkennung und Durchsetzung ihrer Rechte. Es gibt keinen besseren Schutz f\u00fcr den Regenwald als verbindliche Landrechte f\u00fcr seine Ureinwohner:innen.<\/p>\n\n<h3 class=\"wp-block-heading\">\u00dcberwachen, dokumentieren, entlarven<\/h3>\n\n<p>Durch den Einsatz innovativer Technik wie Ortung, Drohnen und Satellitenbilder bauen wir unsere M\u00f6glichkeiten stetig aus, um illegalen Raubbau schnell zu entdecken, Lieferketten zu verfolgen und deren Akteur:innen zu identifizieren.<\/p>\n\n<h3 class=\"wp-block-heading\">Greenpeace B\u00fcro mitten im Amazonas<\/h3>\n\n<p>Dank unserer Pr\u00e4senz in der Stadt Manaus im Herzen des Amazonas haben wir als eine der wenigen Organisationen auch Zugang zu entlegenen Teilen des riesigen Regenwaldes. Forschende, Aktivist:innen und Kartierungspezialist:innen k\u00f6nnen von hier aus schnell an jene Orte gelangen, wo illegale Zerst\u00f6rung stattfindet.<\/p>\n\n<h3 class=\"wp-block-heading\">Druck auf Unternehmen, die Raubbau-Produkte beziehen<\/h3>\n\n<p>\u00dcber das weltweite Netzwerk der Greenpeace B\u00fcros wird rund um den Globus Druck auf die Abnehmer von Raubauprodukten ausge\u00fcbt.<\/p>\n\n<figure class=\"wp-block-image size-large\"><img loading=\"lazy\" decoding=\"async\" width=\"1024\" height=\"683\" src=\"https:\/\/www.greenpeace.ch\/static\/planet4-switzerland-stateless\/2022\/05\/f190c0e1-gp0sttyri_medium_res-1024x683.jpg\" alt=\"\" class=\"wp-image-85771\" srcset=\"https:\/\/www.greenpeace.ch\/static\/planet4-switzerland-stateless\/2022\/05\/f190c0e1-gp0sttyri_medium_res-1024x683.jpg 1024w, https:\/\/www.greenpeace.ch\/static\/planet4-switzerland-stateless\/2022\/05\/f190c0e1-gp0sttyri_medium_res-300x200.jpg 300w, https:\/\/www.greenpeace.ch\/static\/planet4-switzerland-stateless\/2022\/05\/f190c0e1-gp0sttyri_medium_res-768x512.jpg 768w, https:\/\/www.greenpeace.ch\/static\/planet4-switzerland-stateless\/2022\/05\/f190c0e1-gp0sttyri_medium_res-510x340.jpg 510w, https:\/\/www.greenpeace.ch\/static\/planet4-switzerland-stateless\/2022\/05\/f190c0e1-gp0sttyri_medium_res.jpg 1200w\" sizes=\"auto, (max-width: 1024px) 100vw, 1024px\" \/><figcaption>Greenpeace-Kletterer seilen sich vom Dach des Burger King-Restaurants am Londoner Leicester Square ab. Sie entrollen ein riesiges Banner, das den Fast-Food-Riesen mit den Br\u00e4nden im Amazonas-Regenwald und der Abholzung der W\u00e4lder in Verbindung bringt.<\/figcaption><\/figure>\n","protected":false},"excerpt":{"rendered":"<p>Immer mehr Menschen schliessen sich uns an, um die zerst\u00f6rerische Politik der Regierung Bolsonaro zu stoppen. Die brasilianische Umweltbewegung ist so geeint und stark wie nie zuvor. Alleine bei Greenpeace engagieren sich mehrere Millionen Brasilianer:innen daf\u00fcr.<\/p>\n","protected":false},"author":89,"featured_media":85768,"comment_status":"closed","ping_status":"closed","sticky":false,"template":"","format":"standard","meta":{"_acf_changed":false,"_planet4_optimize_post_is_variant":false,"_planet4_optimize_experiment_name":"","_planet4_optimize_variant_name":"","ep_exclude_from_search":false,"p4_og_title":"","p4_og_description":"","p4_og_image":"","p4_og_image_id":"","p4_seo_canonical_url":"","p4_campaign_name":"not set","p4_local_project":"not set","p4_basket_name":"not set","p4_department":"","footnotes":""},"categories":[1],"tags":[40],"p4-page-type":[75],"gpch-article-type":[],"class_list":["post-84276","post","type-post","status-publish","format-standard","has-post-thumbnail","hentry","category-unkategorisiert","tag-wald","p4-page-type-story"],"acf":[],"_links":{"self":[{"href":"https:\/\/www.greenpeace.ch\/de\/wp-json\/wp\/v2\/posts\/84276","targetHints":{"allow":["GET"]}}],"collection":[{"href":"https:\/\/www.greenpeace.ch\/de\/wp-json\/wp\/v2\/posts"}],"about":[{"href":"https:\/\/www.greenpeace.ch\/de\/wp-json\/wp\/v2\/types\/post"}],"author":[{"embeddable":true,"href":"https:\/\/www.greenpeace.ch\/de\/wp-json\/wp\/v2\/users\/89"}],"replies":[{"embeddable":true,"href":"https:\/\/www.greenpeace.ch\/de\/wp-json\/wp\/v2\/comments?post=84276"}],"version-history":[{"count":0,"href":"https:\/\/www.greenpeace.ch\/de\/wp-json\/wp\/v2\/posts\/84276\/revisions"}],"wp:featuredmedia":[{"embeddable":true,"href":"https:\/\/www.greenpeace.ch\/de\/wp-json\/wp\/v2\/media\/85768"}],"wp:attachment":[{"href":"https:\/\/www.greenpeace.ch\/de\/wp-json\/wp\/v2\/media?parent=84276"}],"wp:term":[{"taxonomy":"category","embeddable":true,"href":"https:\/\/www.greenpeace.ch\/de\/wp-json\/wp\/v2\/categories?post=84276"},{"taxonomy":"post_tag","embeddable":true,"href":"https:\/\/www.greenpeace.ch\/de\/wp-json\/wp\/v2\/tags?post=84276"},{"taxonomy":"p4-page-type","embeddable":true,"href":"https:\/\/www.greenpeace.ch\/de\/wp-json\/wp\/v2\/p4-page-type?post=84276"},{"taxonomy":"gpch-article-type","embeddable":true,"href":"https:\/\/www.greenpeace.ch\/de\/wp-json\/wp\/v2\/gpch-article-type?post=84276"}],"curies":[{"name":"wp","href":"https:\/\/api.w.org\/{rel}","templated":true}]}}