{"id":84395,"date":"2022-04-21T08:34:25","date_gmt":"2022-04-21T06:34:25","guid":{"rendered":"https:\/\/www.greenpeace.ch\/?p=84395"},"modified":"2022-04-25T12:49:47","modified_gmt":"2022-04-25T10:49:47","slug":"silke-langenberg-kreislauffaehige-architektur","status":"publish","type":"post","link":"https:\/\/www.greenpeace.ch\/de\/story\/84395\/silke-langenberg-kreislauffaehige-architektur\/","title":{"rendered":"Silke Langenberg: kreislauff\u00e4hige Architektur"},"content":{"rendered":"\n<p>\u00abWer weiss, wie schwierig es ist Dinge zu reparieren, die nicht daf\u00fcr konstruiert wurden, macht es selbst zuk\u00fcnftig besser.\u00bb<\/p>\n\n<p><strong>Im Rahmen unserer Kampagne f\u00fcr ein Recht zu Reparieren und einen umweltbewussten Konsum haben wir nach engagierten Menschen gesucht, die sich f\u00fcr den Schutz unserer Ressourcen einsetzen. Denn wir konsumieren zu viel \u2013 und werfen zu viel weg. Die Kreislaufwirtschaft ist ein wichtiger Ansatz, um aus dieser Wegwerfkultur auszubrechen. F\u00fcr dieses vierte Portr\u00e4t sprachen wir mit Silke Langenberg, ETH-Professorin f\u00fcr Konstruktionserbe und Denkmalpflege.&nbsp;<\/strong><\/p>\n\n<h2 class=\"wp-block-heading\"><strong>DREI FRAGEN AN SILKE<\/strong><\/h2>\n\n<ul class=\"is-style-accent-info wp-block-list\"><li>Was machst du im Bereich Reparaturen?<ul><li>\u00abIch biete f\u00fcr Architekturstudierende einen j\u00e4hrlichen Reparaturkurs an. Die Studierenden bringen defekte Gegenst\u00e4nde aus ihrem eigenen Besitz mit und reparieren diese unter fachlicher Anleitung selbst.\u00bb<\/li><\/ul><\/li><li>Warum?<ul><li>\u00abDie Studierenden erfahren dabei praktisch, wie schwierig es ist, einen Gegenstand zu reparieren, der daf\u00fcr nicht konstruiert wurde. Dieses Wissen wenden sie hoffentlich sp\u00e4ter in ihrer eigenen Baut\u00e4tigkeit an und konstruieren selbst besser. Denn auch auch bei Geb\u00e4uden m\u00fcssen wir die Reparaturf\u00e4higkeit von Anfang an mitdenken.\u00bb<\/li><\/ul><\/li><li>Was w\u00e4re deiner Meinung nach n\u00f6tig, um mehr Kreislaufwirtschaft zu erm\u00f6glichen?<ul><li>\u00abDas Bewusstsein, dass das Reduzieren und Wiederverwenden vor dem Recycling kommen m\u00fcssen. Und ein politisches Anreizsystem, dass Wiederverwendung, Kreislauff\u00e4higkeit und Reparaturen beg\u00fcnstigt.\u00bb<\/li><\/ul><\/li><\/ul>\n\n<p>Architektur und Bauten assoziieren die meisten Menschen nicht mit Reparaturen. Bei genauerer Betrachtung, wird die Bedeutung und das Potenzial von Reparaturen im Bauwesen aber deutlich. Denn: <strong>Die Baubranche verursacht ziemlich viel M\u00fcll.&nbsp;<\/strong><\/p>\n\n<p><strong>\u00abEs gibt viele Bestrebungen, Bauteile wiederzuverwenden. Das sind gute Ans\u00e4tze. Aber sie d\u00fcrfen nicht dazu f\u00fchren, dass wir mit gutem Gewissen noch mehr abreissen. Denn zumindest der Rohbau l\u00e4sst sich in den meisten F\u00e4llen noch nutzen\u00bb, sagt Silke Langenberg. <\/strong>Die Professorin f\u00fcr Konstruktionserbe und Denkmalpflege an der ETH Z\u00fcrich besucht uns in unserem B\u00fcro in der Kalkbreite. Obwohl wir uns relativ fr\u00fch morgens treffen, ist sie bereits voller Energie. Wenn Sie \u00fcber ihre Lehr- und Forschungst\u00e4tigkeit spricht, h\u00f6rt und sieht man ihr die Leidenschaft f\u00fcr das Fach an.&nbsp;<\/p>\n\n<p>Mit Ihrer Forschungs- und Lehrt\u00e4tigkeit m\u00f6chte sie die Reparaturf\u00e4higkeit von Bauten verbessern: \u00abIn der Denkmalpflege arbeiten wir soweit als m\u00f6glich mit der Originalsubstanz. Wenn Bauten nicht so konstruiert wurden, dass sie reparaturf\u00e4hig sind, erschwert das die Arbeit extrem.\u00bb&nbsp;<\/p>\n\n<h3 class=\"wp-block-heading\"><strong>Reparaturkonzepte f\u00fcr Erbst\u00fccke, Lampen und St\u00fchle<\/strong><\/h3>\n\n<p>Um das Bewusstsein daf\u00fcr zu sch\u00e4rfen, bietet Silke Langenberg einen j\u00e4hrlichen Reparaturkurs f\u00fcr die Architekturstudierenden der ETH an: \u00abReparatur. Anstiftung zum Denken und Machen.\u00bb. Die Studierenden bringen defekte Gegenst\u00e4nde mit und reparieren diese w\u00e4hrend eines Semesters. \u00abLampen und St\u00fchle haben wir sehr h\u00e4ufig; oder Erbst\u00fccke und andere Gegenst\u00e4nde mit ideellem Wert\u00bb, erz\u00e4hlt sie.&nbsp;<\/p>\n<div data-render=\"planet4-blocks\/gallery\" data-attributes=\"{&quot;attributes&quot;:{&quot;multiple_image&quot;:&quot;84405,84402,84408&quot;,&quot;image_data&quot;:[{&quot;url&quot;:&quot;https:\\\/\\\/www.greenpeace.ch\\\/static\\\/planet4-switzerland-stateless\\\/2022\\\/04\\\/55fe7c39-stuhl_cr_anna_staudacher2-scaled.jpg&quot;,&quot;focalPoint&quot;:{&quot;x&quot;:0.5,&quot;y&quot;:0.5},&quot;id&quot;:84405},{&quot;url&quot;:&quot;https:\\\/\\\/www.greenpeace.ch\\\/static\\\/planet4-switzerland-stateless\\\/2022\\\/04\\\/0216df41-bildschirmfoto-2022-03-09-um-09.05.39.png&quot;,&quot;focalPoint&quot;:{&quot;x&quot;:0.5,&quot;y&quot;:0.5},&quot;id&quot;:84402},{&quot;url&quot;:&quot;https:\\\/\\\/www.greenpeace.ch\\\/static\\\/planet4-switzerland-stateless\\\/2022\\\/04\\\/27d97cd0-lampe_cr_susanna_bier2.jpg&quot;,&quot;focalPoint&quot;:{&quot;x&quot;:0.5,&quot;y&quot;:0.5},&quot;id&quot;:84408}],&quot;className&quot;:&quot;is-style-grid&quot;,&quot;gallery_block_style&quot;:0,&quot;gallery_block_title&quot;:&quot;&quot;,&quot;gallery_block_description&quot;:&quot;&quot;,&quot;gallery_block_focus_points&quot;:&quot;&quot;,&quot;images&quot;:[{&quot;image_src&quot;:&quot;https:\\\/\\\/www.greenpeace.ch\\\/static\\\/planet4-switzerland-stateless\\\/2022\\\/04\\\/55fe7c39-stuhl_cr_anna_staudacher2-scaled.jpg&quot;,&quot;image_srcset&quot;:&quot;https:\\\/\\\/www.greenpeace.ch\\\/static\\\/planet4-switzerland-stateless\\\/2022\\\/04\\\/55fe7c39-stuhl_cr_anna_staudacher2-scaled.jpg 1700w, https:\\\/\\\/www.greenpeace.ch\\\/static\\\/planet4-switzerland-stateless\\\/2022\\\/04\\\/55fe7c39-stuhl_cr_anna_staudacher2-199x300.jpg 199w, https:\\\/\\\/www.greenpeace.ch\\\/static\\\/planet4-switzerland-stateless\\\/2022\\\/04\\\/55fe7c39-stuhl_cr_anna_staudacher2-680x1024.jpg 680w, https:\\\/\\\/www.greenpeace.ch\\\/static\\\/planet4-switzerland-stateless\\\/2022\\\/04\\\/55fe7c39-stuhl_cr_anna_staudacher2-768x1156.jpg 768w, https:\\\/\\\/www.greenpeace.ch\\\/static\\\/planet4-switzerland-stateless\\\/2022\\\/04\\\/55fe7c39-stuhl_cr_anna_staudacher2-1020x1536.jpg 1020w, https:\\\/\\\/www.greenpeace.ch\\\/static\\\/planet4-switzerland-stateless\\\/2022\\\/04\\\/55fe7c39-stuhl_cr_anna_staudacher2-1360x2048.jpg 1360w, https:\\\/\\\/www.greenpeace.ch\\\/static\\\/planet4-switzerland-stateless\\\/2022\\\/04\\\/55fe7c39-stuhl_cr_anna_staudacher2-907x1366.jpg 907w, https:\\\/\\\/www.greenpeace.ch\\\/static\\\/planet4-switzerland-stateless\\\/2022\\\/04\\\/55fe7c39-stuhl_cr_anna_staudacher2-226x340.jpg 226w&quot;,&quot;image_sizes&quot;:false,&quot;alt_text&quot;:&quot;&quot;,&quot;caption&quot;:&quot;Foto: Anna Staudacher&quot;,&quot;focus_image&quot;:&quot;&quot;,&quot;credits&quot;:&quot;&quot;},{&quot;image_src&quot;:&quot;https:\\\/\\\/www.greenpeace.ch\\\/static\\\/planet4-switzerland-stateless\\\/2022\\\/04\\\/0216df41-bildschirmfoto-2022-03-09-um-09.05.39.png&quot;,&quot;image_srcset&quot;:&quot;https:\\\/\\\/www.greenpeace.ch\\\/static\\\/planet4-switzerland-stateless\\\/2022\\\/04\\\/0216df41-bildschirmfoto-2022-03-09-um-09.05.39.png 1414w, https:\\\/\\\/www.greenpeace.ch\\\/static\\\/planet4-switzerland-stateless\\\/2022\\\/04\\\/0216df41-bildschirmfoto-2022-03-09-um-09.05.39-249x300.png 249w, https:\\\/\\\/www.greenpeace.ch\\\/static\\\/planet4-switzerland-stateless\\\/2022\\\/04\\\/0216df41-bildschirmfoto-2022-03-09-um-09.05.39-851x1024.png 851w, https:\\\/\\\/www.greenpeace.ch\\\/static\\\/planet4-switzerland-stateless\\\/2022\\\/04\\\/0216df41-bildschirmfoto-2022-03-09-um-09.05.39-768x924.png 768w, https:\\\/\\\/www.greenpeace.ch\\\/static\\\/planet4-switzerland-stateless\\\/2022\\\/04\\\/0216df41-bildschirmfoto-2022-03-09-um-09.05.39-1276x1536.png 1276w, https:\\\/\\\/www.greenpeace.ch\\\/static\\\/planet4-switzerland-stateless\\\/2022\\\/04\\\/0216df41-bildschirmfoto-2022-03-09-um-09.05.39-1135x1366.png 1135w, https:\\\/\\\/www.greenpeace.ch\\\/static\\\/planet4-switzerland-stateless\\\/2022\\\/04\\\/0216df41-bildschirmfoto-2022-03-09-um-09.05.39-282x340.png 282w&quot;,&quot;image_sizes&quot;:false,&quot;alt_text&quot;:&quot;&quot;,&quot;caption&quot;:&quot;&quot;,&quot;focus_image&quot;:&quot;&quot;,&quot;credits&quot;:&quot;&quot;},{&quot;image_src&quot;:&quot;https:\\\/\\\/www.greenpeace.ch\\\/static\\\/planet4-switzerland-stateless\\\/2022\\\/04\\\/27d97cd0-lampe_cr_susanna_bier2.jpg&quot;,&quot;image_srcset&quot;:&quot;https:\\\/\\\/www.greenpeace.ch\\\/static\\\/planet4-switzerland-stateless\\\/2022\\\/04\\\/27d97cd0-lampe_cr_susanna_bier2.jpg 1071w, https:\\\/\\\/www.greenpeace.ch\\\/static\\\/planet4-switzerland-stateless\\\/2022\\\/04\\\/27d97cd0-lampe_cr_susanna_bier2-214x300.jpg 214w, https:\\\/\\\/www.greenpeace.ch\\\/static\\\/planet4-switzerland-stateless\\\/2022\\\/04\\\/27d97cd0-lampe_cr_susanna_bier2-731x1024.jpg 731w, https:\\\/\\\/www.greenpeace.ch\\\/static\\\/planet4-switzerland-stateless\\\/2022\\\/04\\\/27d97cd0-lampe_cr_susanna_bier2-768x1076.jpg 768w, https:\\\/\\\/www.greenpeace.ch\\\/static\\\/planet4-switzerland-stateless\\\/2022\\\/04\\\/27d97cd0-lampe_cr_susanna_bier2-975x1366.jpg 975w, https:\\\/\\\/www.greenpeace.ch\\\/static\\\/planet4-switzerland-stateless\\\/2022\\\/04\\\/27d97cd0-lampe_cr_susanna_bier2-243x340.jpg 243w&quot;,&quot;image_sizes&quot;:false,&quot;alt_text&quot;:&quot;&quot;,&quot;caption&quot;:&quot;Foto: Susanne Bier&quot;,&quot;focus_image&quot;:&quot;&quot;,&quot;credits&quot;:&quot;&quot;}]}}\"><\/div>\n<p>F\u00fcr ihren Gegenstand erarbeiten die Studierenden ein Reparaturkonzept. Sie entscheiden dabei, mit welchen Materialien sie arbeiten, ob sie den Gegenstand \u00abnur\u00bb reparieren oder dabei auch gleich eine Schwachstelle verbessern wollen.&nbsp;<\/p>\n\n<p>F\u00fcr die Umsetzung stehen ihnen die Werkst\u00e4tten der Architekturdepartements zur Verf\u00fcgung, aber auch Partnerbetriebe. Oft sind dies kleine Handwerksbetriebe, welche die Handwerkstechniken noch beherrschen, die f\u00fcr die Reparaturen notwendig sind.&nbsp;<\/p>\n\n<h3 class=\"wp-block-heading\"><strong>Ersatzteile in Spezialanfertigung<\/strong><\/h3>\n\n<p>Bei elektrischen Ger\u00e4ten sind oft die Geh\u00e4use oder ein Schalter defekt. Bei diesen Reparaturen liegen die Schwierigkeiten nicht in den handwerklichen F\u00e4higkeiten, sondern in den Ersatzteilen, die nicht erh\u00e4ltlich sind. \u00abHier hilft uns die digitale Fabrikation. Ersatzteile k\u00f6nnen, zum Beispiel mithilfe des 3D-Drucks passgenau hergestellt werden\u00bb, sagt Silke.&nbsp;<\/p>\n\n<h3 class=\"wp-block-heading\"><strong>Altes Wissen und Erfindungsreichtum<\/strong><\/h3>\n\n<p>Alte Handwerkstechniken, neue Technologien und professionelle Werkst\u00e4tten erweitern die M\u00f6glichkeiten f\u00fcr Reparaturen. Aber reparieren l\u00e4sst sich (fast) alles auch ohne dies. Das zeigen die Erfahrungen des Kurses aus der Corona-Zeit. Silke erz\u00e4hlt: \u00abDie Studierenden wurden richtig erfinderisch. Zwei Studenten haben das Furnier f\u00fcr die Reparatur ihres M\u00f6belst\u00fccks im Whirlpool und Steamer bugf\u00e4hig gemacht.\u00bb Viele Reparaturen aus diesem Kurs waren im Vergleich zu vorherigen Durchf\u00fchrungen zwar nicht ganz so professionell. Repariert wurde aber alles.&nbsp;<\/p>\n\n<p>F\u00fcr die Studierenden sei der Kurs ein wichtiges und lehrreiches Erlebnis. H\u00e4ufig untersch\u00e4tzten sie den Aufwand, den die Reparaturen verursachen. \u00abAndererseits freuen sie sich \u00fcber die Resultate. Viele melden uns zur\u00fcck, dass sie die Gegenst\u00e4nde sonst weggeworfen h\u00e4tten.\u00bb<\/p>\n\n<p>Der Wandel zu einer echten Kreislaufwirtschaft ist nur mit kreislauff\u00e4higen Produkten machbar. Das gilt f\u00fcr Geb\u00e4ude genauso wie f\u00fcr Kleider, Waschmaschinen und B\u00fcrost\u00fchle. Mit ihrer Arbeit zeigt Silke, wie alte und neue Disziplinen, die Denkmalpflege und neue Bautechnologien, zusammenarbeiten, um eine solche Kreislaufwirtschaft m\u00f6glich zu machen.\u00a0<\/p>\n\n<div class=\"wp-block-buttons is-layout-flex wp-block-buttons-is-layout-flex\">\n<div class=\"wp-block-button\"><a class=\"wp-block-button__link\" href=\"https:\/\/www.greenpeace.ch\/de\/story\/84457\/vier-portraits-zum-thema-reparieren\/\">Weitere Portraits<\/a><\/div>\n<\/div>\n\n<hr class=\"wp-block-separator\"\/>\n\n<h2 class=\"wp-block-heading\">Unmengen Abfall durch Abrisse <\/h2>\n\n<p>Pro Sekunde entstehen in der Schweiz \u00fcber 500 kg Bauabf\u00e4lle durch den Abriss von Bauten. Im Herbst 2022 zeigt das Schweizerische Architekturmuseum in Zusammenarbeit mit dem Verein \u00abCountdown 2030\u00bb darum die <a rel=\"noreferrer noopener\" href=\"https:\/\/www.sam-basel.org\/de\/ausstellungen\/die-schweiz-ein-abriss\" target=\"_blank\">Ausstellung \u00abDie Schweiz: ein Abriss\u00bb<\/a>. Die beiden Organisationen wollen damit der Schweizer Bev\u00f6lkerung zeigen, wie viel Abfall durch Abrisse entsteht, was m\u00f6gliche Konsequenzen und L\u00f6sungsans\u00e4tze sind.&nbsp;<\/p>\n","protected":false},"excerpt":{"rendered":"<p>\u00abWer weiss, wie schwierig es ist Dinge zu reparieren, die nicht daf\u00fcr konstruiert wurden, macht es selbst zuk\u00fcnftig besser.\u00bb<\/p>\n","protected":false},"author":50,"featured_media":84426,"comment_status":"closed","ping_status":"closed","sticky":false,"template":"","format":"standard","meta":{"_acf_changed":false,"_planet4_optimize_post_is_variant":false,"_planet4_optimize_experiment_name":"","_planet4_optimize_variant_name":"","ep_exclude_from_search":false,"p4_og_title":"","p4_og_description":"","p4_og_image":"","p4_og_image_id":"","p4_seo_canonical_url":"","p4_campaign_name":"not set","p4_local_project":"not set","p4_basket_name":"not set","p4_department":"","footnotes":""},"categories":[48],"tags":[217,212],"p4-page-type":[75],"gpch-article-type":[],"class_list":["post-84395","post","type-post","status-publish","format-standard","has-post-thumbnail","hentry","category-zero-waste","tag-konsum","tag-kreislaufwirtschaft","p4-page-type-story"],"acf":[],"_links":{"self":[{"href":"https:\/\/www.greenpeace.ch\/de\/wp-json\/wp\/v2\/posts\/84395","targetHints":{"allow":["GET"]}}],"collection":[{"href":"https:\/\/www.greenpeace.ch\/de\/wp-json\/wp\/v2\/posts"}],"about":[{"href":"https:\/\/www.greenpeace.ch\/de\/wp-json\/wp\/v2\/types\/post"}],"author":[{"embeddable":true,"href":"https:\/\/www.greenpeace.ch\/de\/wp-json\/wp\/v2\/users\/50"}],"replies":[{"embeddable":true,"href":"https:\/\/www.greenpeace.ch\/de\/wp-json\/wp\/v2\/comments?post=84395"}],"version-history":[{"count":0,"href":"https:\/\/www.greenpeace.ch\/de\/wp-json\/wp\/v2\/posts\/84395\/revisions"}],"wp:featuredmedia":[{"embeddable":true,"href":"https:\/\/www.greenpeace.ch\/de\/wp-json\/wp\/v2\/media\/84426"}],"wp:attachment":[{"href":"https:\/\/www.greenpeace.ch\/de\/wp-json\/wp\/v2\/media?parent=84395"}],"wp:term":[{"taxonomy":"category","embeddable":true,"href":"https:\/\/www.greenpeace.ch\/de\/wp-json\/wp\/v2\/categories?post=84395"},{"taxonomy":"post_tag","embeddable":true,"href":"https:\/\/www.greenpeace.ch\/de\/wp-json\/wp\/v2\/tags?post=84395"},{"taxonomy":"p4-page-type","embeddable":true,"href":"https:\/\/www.greenpeace.ch\/de\/wp-json\/wp\/v2\/p4-page-type?post=84395"},{"taxonomy":"gpch-article-type","embeddable":true,"href":"https:\/\/www.greenpeace.ch\/de\/wp-json\/wp\/v2\/gpch-article-type?post=84395"}],"curies":[{"name":"wp","href":"https:\/\/api.w.org\/{rel}","templated":true}]}}