{"id":84450,"date":"2022-04-26T08:00:00","date_gmt":"2022-04-26T06:00:00","guid":{"rendered":"https:\/\/www.greenpeace.ch\/?p=84450"},"modified":"2022-04-25T16:23:15","modified_gmt":"2022-04-25T14:23:15","slug":"kernenergie-ohne-zukunft%ef%bf%bc","status":"publish","type":"post","link":"https:\/\/www.greenpeace.ch\/de\/story\/84450\/kernenergie-ohne-zukunft%ef%bf%bc\/","title":{"rendered":"Kernenergie ohne Zukunft\ufffc"},"content":{"rendered":"\n<p><strong>Heute vor 36 Jahren zerst\u00f6rten zwei Explosionen im Atomkraftwerk Tschernobyl einen der vier Reaktorbl\u00f6cke. Eine radioaktive Wolke zog sich bis nach Mitteleuropa hin. Damals wie heute ist klar: Kernenergie ist ein No-go.<\/strong><\/p>\n\n<p>Bis vor einigen Tagen war Tschernobyl ein Aufmarschgebiet der russischen Armee f\u00fcr einen Angriff auf die ukrainische Hauptstadt Kiew. CNN-Reporter massen bei zur\u00fcckgelassenen Essensrationen eine 50-fach erh\u00f6hte Strahlendosis im Vergleich zu normalen Bedingungen.<\/p>\n\n<p>Das zeigt, Tschernobyl ist auch nach \u00fcber dreissig Jahren hochgradig verseucht. Kernenergie ist und bleibt ein unberechenbares Risiko f\u00fcr Mensch und Umwelt. Dazu kommt: Sogar Stromkonzerne sind heute \u00fcberzeugt, Atomkraft rentiert sich nicht. So sprach sich k\u00fcrzlich Alpiq-Pr\u00e4sident Johannes Teyssen in einem Interview mit der NZZ am Sonntag gegen den Bau neuer Atomkraftwerke aus. Eine <a rel=\"noreferrer noopener\" href=\"https:\/\/magazin.nzz.ch\/nzz-am-sonntag\/schweiz\/bund-soll-fuer-alte-akw-aufkommen-ld.1679897\" target=\"_blank\">Absage erteilte die Strombranche <\/a>gem\u00e4ss NZZ am Sonntag auch dem Wirtschaftsdachverband Economiesuisse. Der Verband hatte am 30. M\u00e4rz vorgeschlagen, die vier in der Schweiz verbliebenen AKW mit Steuergeldern l\u00e4nger als geplant laufen zu lassen. <\/p>\n\n<p>Anfang M\u00e4rz hat Greenpeace Schweiz im Themenblatt \u00abAtomkraft wird das Klima nicht retten\u00bb dargelegt, weshalb die Kernenergie in der Energieversorgung keine dominante Rolle mehr spielen wird. Die Alternativen sind im Greenpeace-Energieszenario \u00abVersorgungssicherheit und Klimaschutz\u00bb vom Januar 2022 dargelegt:<\/p>\n\n<p>Die Energiewende ist machbar, ohne die Biodiversit\u00e4t oder nat\u00fcrliche Landschaften weiter zu zerst\u00f6ren. Grundlagen sind die bestehenden Wasserkraftwerke, eine verst\u00e4rkte Energieeffizienz zum Beispiel mit Geb\u00e4uderenovationen und ein sprintm\u00e4ssiger Ausbau der Photovoltaik.<\/p>\n\n<p>\u00abIm Kampf gegen die Klimakrise ist die Atomenergie nichts anderes als ein gef\u00e4hrliches Hirngespinst\u00bb, sagt Georg Klingler, unser Klima- und Energieexperte bei Greenpeace Schweiz. \u00abDas von den Bef\u00fcrworter:innen der Kernenergie verfolgte Ziel besteht darin, die bestehenden Reaktoren so lange wie m\u00f6glich in Betrieb zu halten. Damit schieben sie die Energiewende auf die lange Bank.\u00bb&nbsp;<\/p>\n\n<hr class=\"wp-block-separator\"\/>\n\n<h2 class=\"wp-block-heading\"><strong>Weitere Informationen<\/strong><\/h2>\n\n<ul class=\"is-style-default wp-block-list\"><li><a href=\"https:\/\/www.greenpeace.ch\/static\/planet4-switzerland-stateless\/2022\/03\/430e37d8-atomkraft-wird-das-klima-nicht-retten.pdf\" target=\"_blank\" rel=\"noreferrer noopener\">\u00abAtomkraft wird das Klima nicht retten\u00bb<\/a>, Themenblatt von Greenpeace Schweiz, M\u00e4rz 2022.<\/li><li><a href=\"https:\/\/mail.greenpeace.ch\/d?o00i53h000izu00yd0000lh0000000000000j54ynbgefgv7yu56dqw02mi1935\" target=\"_blank\" rel=\"noreferrer noopener\">\u00abVersorgungssicherheit und Klimaschutz\u00bb<\/a>, Energieszenario von Greenpeace Schweiz, Januar 2022.<\/li><li><a href=\"https:\/\/www.greenpeace.org\/international\/nuclear-power-plant-vulnerability-during-military-conflict-ukraine-technical-briefing\/\" target=\"_blank\" rel=\"noreferrer noopener\">\u00abNuclear power plant vulnerability during military conflict \u2013 Ukraine technical briefing\u00bb<\/a>, Briefing von Greenpeace International \u00fcber die Atomanlagen in der Ukraine, M\u00e4rz 2022.<\/li><\/ul>\n\n<p><\/p>\n","protected":false},"excerpt":{"rendered":"<p>Heute vor 36 Jahren zerst\u00f6rten zwei Explosionen im Atomkraftwerk Tschernobyl einen der vier Reaktorbl\u00f6cke. Eine radioaktive Wolke zog sich bis nach Mitteleuropa hin.<\/p>\n","protected":false},"author":111,"featured_media":84467,"comment_status":"closed","ping_status":"closed","sticky":false,"template":"","format":"standard","meta":{"_acf_changed":false,"_planet4_optimize_post_is_variant":false,"_planet4_optimize_experiment_name":"","_planet4_optimize_variant_name":"","ep_exclude_from_search":false,"p4_og_title":"","p4_og_description":"","p4_og_image":"","p4_og_image_id":"","p4_seo_canonical_url":"","p4_campaign_name":"not set","p4_local_project":"not set","p4_basket_name":"not set","p4_department":"","footnotes":""},"categories":[1],"tags":[42,50],"p4-page-type":[75],"gpch-article-type":[],"class_list":["post-84450","post","type-post","status-publish","format-standard","has-post-thumbnail","hentry","category-unkategorisiert","tag-energie","tag-klima","p4-page-type-story"],"acf":[],"_links":{"self":[{"href":"https:\/\/www.greenpeace.ch\/de\/wp-json\/wp\/v2\/posts\/84450","targetHints":{"allow":["GET"]}}],"collection":[{"href":"https:\/\/www.greenpeace.ch\/de\/wp-json\/wp\/v2\/posts"}],"about":[{"href":"https:\/\/www.greenpeace.ch\/de\/wp-json\/wp\/v2\/types\/post"}],"author":[{"embeddable":true,"href":"https:\/\/www.greenpeace.ch\/de\/wp-json\/wp\/v2\/users\/111"}],"replies":[{"embeddable":true,"href":"https:\/\/www.greenpeace.ch\/de\/wp-json\/wp\/v2\/comments?post=84450"}],"version-history":[{"count":0,"href":"https:\/\/www.greenpeace.ch\/de\/wp-json\/wp\/v2\/posts\/84450\/revisions"}],"wp:featuredmedia":[{"embeddable":true,"href":"https:\/\/www.greenpeace.ch\/de\/wp-json\/wp\/v2\/media\/84467"}],"wp:attachment":[{"href":"https:\/\/www.greenpeace.ch\/de\/wp-json\/wp\/v2\/media?parent=84450"}],"wp:term":[{"taxonomy":"category","embeddable":true,"href":"https:\/\/www.greenpeace.ch\/de\/wp-json\/wp\/v2\/categories?post=84450"},{"taxonomy":"post_tag","embeddable":true,"href":"https:\/\/www.greenpeace.ch\/de\/wp-json\/wp\/v2\/tags?post=84450"},{"taxonomy":"p4-page-type","embeddable":true,"href":"https:\/\/www.greenpeace.ch\/de\/wp-json\/wp\/v2\/p4-page-type?post=84450"},{"taxonomy":"gpch-article-type","embeddable":true,"href":"https:\/\/www.greenpeace.ch\/de\/wp-json\/wp\/v2\/gpch-article-type?post=84450"}],"curies":[{"name":"wp","href":"https:\/\/api.w.org\/{rel}","templated":true}]}}