{"id":84457,"date":"2022-04-25T11:43:56","date_gmt":"2022-04-25T09:43:56","guid":{"rendered":"https:\/\/www.greenpeace.ch\/?p=84457"},"modified":"2022-04-27T16:38:13","modified_gmt":"2022-04-27T14:38:13","slug":"vier-portraits-zum-thema-reparieren","status":"publish","type":"post","link":"https:\/\/www.greenpeace.ch\/de\/story\/84457\/vier-portraits-zum-thema-reparieren\/","title":{"rendered":"Menschen, die sich f\u00fcr den Schutz unserer Ressourcen einsetzen"},"content":{"rendered":"\n<p><strong>Wir kennen es alle: unendliche M\u00fcllberge von Elektroger\u00e4ten, M\u00f6beln, Kleidern und vielem mehr \u2013 h\u00e4ufig noch gut erhalten. Diese Wegwerfmentalit\u00e4t verbraucht enorme Ressourcen: Wir br\u00e4uchten rund drei Erden, w\u00fcrden alle Menschen weltweit so viel konsumieren wie wir! <\/strong><\/p>\n\n<p>Deshalb braucht es andere Ans\u00e4tze.&nbsp;Eine besonders wichtige L\u00f6sung ist das Reparieren.&nbsp;Reparaturen erm\u00f6glichen es, die Lebensdauer von Gegenst\u00e4nden zu verl\u00e4ngern und die Ressourcen f\u00fcr einen Ersatz einzusparen.&nbsp;Im Rahmen unserer Kampagne <a href=\"https:\/\/www.greenpeace.ch\/de\/erkunden\/reparieren-der-weg-aus-der-wegwerfgesellschaft\/\">#Reparieren<\/a> haben wir nach engagierten Menschen gesucht, die sich f\u00fcr den Schutz unserer Ressourcen einsetzen und sich mit Reparaturen sowie der gesamten Kreislaufwirtschaft auseinandersetzen. <strong>Dabei sind Portraits von diesen vier engagierten Pers\u00f6nlichkeiten entstanden:<\/strong><\/p>\n\n<ul class=\"wp-block-list\"><li><strong>Daniela Micard<\/strong>, Mitgr\u00fcnderin und Leiterin von\u00a0R\u00e9cr\u00e9cr\u00e9a<\/li><li><strong>Felix Tenger<\/strong>, ehrenamtlich im Repair Caf\u00e9 in Suhr t\u00e4tig<\/li><li><strong>Delphine Klopfenstein Broggini<\/strong>, Nationalr\u00e4tin, Pr\u00e4sidentin der Gr\u00fcnen in Genf, Vizepr\u00e4sidentin von Pro Velo Schweiz, Vorstand von Pro Natura.<\/li><li><strong>Silke Langenberg<\/strong>, ETH-Professorin f\u00fcr Konstruktionserbe und Denkmalpflege<\/li><\/ul>\n\n<h2 class=\"wp-block-heading\">Vier Portraits zum Thema Reparieren<\/h2>\n\t\t\t<section\n\t\t\tclass=\"boxout  \"\n\t\t\t\n\t\t>\n\t\t\t<a\n\t\t\t\tdata-ga-category=\"Take Action Boxout\"\n\t\t\t\tdata-ga-action=\"Image\"\n\t\t\t\tdata-ga-label=\"n\/a\"\n\t\t\t\tclass=\"cover-card-overlay\"\n\t\t\t\thref=\"https:\/\/www.greenpeace.ch\/de\/story\/79151\/daniela-micard-upcyling-zugunsten-von-kinderfantasien\/\" \n\t\t\t><\/a>\n\t\t\t\t\t\t\t<img\n\t\t\t\t\t\tsrc=\"https:\/\/www.greenpeace.ch\/static\/planet4-switzerland-stateless\/2021\/12\/a2b07c5b-54a1357-1024x683.jpg\"\n\t\t\t\t\t\tsrcset=\"https:\/\/www.greenpeace.ch\/static\/planet4-switzerland-stateless\/2021\/12\/a2b07c5b-54a1357-300x200.jpg 300w, https:\/\/www.greenpeace.ch\/static\/planet4-switzerland-stateless\/2021\/12\/a2b07c5b-54a1357-1024x683.jpg 1024w, https:\/\/www.greenpeace.ch\/static\/planet4-switzerland-stateless\/2021\/12\/a2b07c5b-54a1357-768x512.jpg 768w, https:\/\/www.greenpeace.ch\/static\/planet4-switzerland-stateless\/2021\/12\/a2b07c5b-54a1357-1536x1024.jpg 1536w, https:\/\/www.greenpeace.ch\/static\/planet4-switzerland-stateless\/2021\/12\/a2b07c5b-54a1357-2048x1366.jpg 2048w, https:\/\/www.greenpeace.ch\/static\/planet4-switzerland-stateless\/2021\/12\/a2b07c5b-54a1357-510x340.jpg 510w\"\n\t\t\t\t\t\tsizes=\"(min-width: 1000px) 358px, (min-width: 780px) 313px, 88px\"\n\t\t\t\t\t\talt=\"\" title=\"\"\n\t\t\t\t\/>\n            \t\t\t<div class=\"boxout-content\">\n\t\t\t\t\t\t\t\t\t<a\n\t\t\t\t\t\tclass=\"boxout-heading medium\"\n\t\t\t\t\t\tdata-ga-category=\"Take Action Boxout\"\n\t\t\t\t\t\tdata-ga-action=\"Title\"\n\t\t\t\t\t\tdata-ga-label=\"n\/a\"\n\t\t\t\t\t\thref=\"https:\/\/www.greenpeace.ch\/de\/story\/79151\/daniela-micard-upcyling-zugunsten-von-kinderfantasien\/\"\n\t\t\t\t\t\t\n\t\t\t\t\t>\n\t\t\t\t\t\tDaniela Micard: Upcyling zugunsten von Kinderfantasien<br>\n\t\t\t\t\t<\/a>\n\t\t\t\t\t\t\t\t\t\t\t\t\t<p class=\"boxout-excerpt\">Die Kunst des Upcycling<\/p>\n\t\t\t\t                                    <a\n                        class=\"btn btn-primary\"\n                        data-ga-category=\"Take Action Boxout\"\n                        data-ga-action=\"Call to Action\"\n                        data-ga-label=\"n\/a\"\n                        href=\"https:\/\/www.greenpeace.ch\/de\/story\/79151\/daniela-micard-upcyling-zugunsten-von-kinderfantasien\/\"\n                        \n                    >\n                        Zum Portrait\n                    <\/a>\n                \t\t\t<\/div>\n\t\t\t\t\t<\/section>\n\t\t\t\t<section\n\t\t\tclass=\"boxout  \"\n\t\t\t\n\t\t>\n\t\t\t<a\n\t\t\t\tdata-ga-category=\"Take Action Boxout\"\n\t\t\t\tdata-ga-action=\"Image\"\n\t\t\t\tdata-ga-label=\"n\/a\"\n\t\t\t\tclass=\"cover-card-overlay\"\n\t\t\t\thref=\"hhttps:\/\/www.greenpeace.ch\/de\/story\/79733\/felix-tenger-reparieren\/\" \n\t\t\t><\/a>\n\t\t\t\t\t\t\t<img\n\t\t\t\t\t\tsrc=\"https:\/\/www.greenpeace.ch\/static\/planet4-switzerland-stateless\/2022\/01\/fcefae60-greenpeace-repair-2375-1024x683.jpg\"\n\t\t\t\t\t\tsrcset=\"https:\/\/www.greenpeace.ch\/static\/planet4-switzerland-stateless\/2022\/01\/fcefae60-greenpeace-repair-2375-300x200.jpg 300w, https:\/\/www.greenpeace.ch\/static\/planet4-switzerland-stateless\/2022\/01\/fcefae60-greenpeace-repair-2375-1024x683.jpg 1024w, https:\/\/www.greenpeace.ch\/static\/planet4-switzerland-stateless\/2022\/01\/fcefae60-greenpeace-repair-2375-768x512.jpg 768w, https:\/\/www.greenpeace.ch\/static\/planet4-switzerland-stateless\/2022\/01\/fcefae60-greenpeace-repair-2375-1536x1024.jpg 1536w, https:\/\/www.greenpeace.ch\/static\/planet4-switzerland-stateless\/2022\/01\/fcefae60-greenpeace-repair-2375-2048x1366.jpg 2048w, https:\/\/www.greenpeace.ch\/static\/planet4-switzerland-stateless\/2022\/01\/fcefae60-greenpeace-repair-2375-510x340.jpg 510w\"\n\t\t\t\t\t\tsizes=\"(min-width: 1000px) 358px, (min-width: 780px) 313px, 88px\"\n\t\t\t\t\t\talt=\"\" title=\"\"\n\t\t\t\t\/>\n            \t\t\t<div class=\"boxout-content\">\n\t\t\t\t\t\t\t\t\t<a\n\t\t\t\t\t\tclass=\"boxout-heading medium\"\n\t\t\t\t\t\tdata-ga-category=\"Take Action Boxout\"\n\t\t\t\t\t\tdata-ga-action=\"Title\"\n\t\t\t\t\t\tdata-ga-label=\"n\/a\"\n\t\t\t\t\t\thref=\"hhttps:\/\/www.greenpeace.ch\/de\/story\/79733\/felix-tenger-reparieren\/\"\n\t\t\t\t\t\t\n\t\t\t\t\t>\n\t\t\t\t\t\tFelix Tenger: reparieren gegen die Wegwerfgesellschaft<br>\n\t\t\t\t\t<\/a>\n\t\t\t\t\t\t\t\t\t\t\t\t\t<p class=\"boxout-excerpt\">Felix Tenger arbeitet freiwillig im Repair Caf\u00e9 in Suhr.<\/p>\n\t\t\t\t                                    <a\n                        class=\"btn btn-primary\"\n                        data-ga-category=\"Take Action Boxout\"\n                        data-ga-action=\"Call to Action\"\n                        data-ga-label=\"n\/a\"\n                        href=\"hhttps:\/\/www.greenpeace.ch\/de\/story\/79733\/felix-tenger-reparieren\/\"\n                        \n                    >\n                        Zum Portrait\n                    <\/a>\n                \t\t\t<\/div>\n\t\t\t\t\t<\/section>\n\t\t\t\t<section\n\t\t\tclass=\"boxout  \"\n\t\t\t\n\t\t>\n\t\t\t<a\n\t\t\t\tdata-ga-category=\"Take Action Boxout\"\n\t\t\t\tdata-ga-action=\"Image\"\n\t\t\t\tdata-ga-label=\"n\/a\"\n\t\t\t\tclass=\"cover-card-overlay\"\n\t\t\t\thref=\"https:\/\/www.greenpeace.ch\/de\/story\/82048\/delphine-klopfenstein-broggini-gesetze-gestalten-fuer-eine-bessere-welt-oft-in-der-minderheit\/\" \n\t\t\t><\/a>\n\t\t\t\t\t\t\t<img\n\t\t\t\t\t\tsrc=\"https:\/\/www.greenpeace.ch\/static\/planet4-switzerland-stateless\/2022\/03\/8f9c2e12-1.delphine_klopfenstein___uho9297-1024x769.jpg\"\n\t\t\t\t\t\tsrcset=\"https:\/\/www.greenpeace.ch\/static\/planet4-switzerland-stateless\/2022\/03\/8f9c2e12-1.delphine_klopfenstein___uho9297-300x225.jpg 300w, https:\/\/www.greenpeace.ch\/static\/planet4-switzerland-stateless\/2022\/03\/8f9c2e12-1.delphine_klopfenstein___uho9297-1024x769.jpg 1024w, https:\/\/www.greenpeace.ch\/static\/planet4-switzerland-stateless\/2022\/03\/8f9c2e12-1.delphine_klopfenstein___uho9297-768x576.jpg 768w, https:\/\/www.greenpeace.ch\/static\/planet4-switzerland-stateless\/2022\/03\/8f9c2e12-1.delphine_klopfenstein___uho9297-1536x1153.jpg 1536w, https:\/\/www.greenpeace.ch\/static\/planet4-switzerland-stateless\/2022\/03\/8f9c2e12-1.delphine_klopfenstein___uho9297-2048x1537.jpg 2048w, https:\/\/www.greenpeace.ch\/static\/planet4-switzerland-stateless\/2022\/03\/8f9c2e12-1.delphine_klopfenstein___uho9297-1820x1366.jpg 1820w, https:\/\/www.greenpeace.ch\/static\/planet4-switzerland-stateless\/2022\/03\/8f9c2e12-1.delphine_klopfenstein___uho9297-453x340.jpg 453w\"\n\t\t\t\t\t\tsizes=\"(min-width: 1000px) 358px, (min-width: 780px) 313px, 88px\"\n\t\t\t\t\t\talt=\"\" title=\"\"\n\t\t\t\t\/>\n            \t\t\t<div class=\"boxout-content\">\n\t\t\t\t\t\t\t\t\t<a\n\t\t\t\t\t\tclass=\"boxout-heading medium\"\n\t\t\t\t\t\tdata-ga-category=\"Take Action Boxout\"\n\t\t\t\t\t\tdata-ga-action=\"Title\"\n\t\t\t\t\t\tdata-ga-label=\"n\/a\"\n\t\t\t\t\t\thref=\"https:\/\/www.greenpeace.ch\/de\/story\/82048\/delphine-klopfenstein-broggini-gesetze-gestalten-fuer-eine-bessere-welt-oft-in-der-minderheit\/\"\n\t\t\t\t\t\t\n\t\t\t\t\t>\n\t\t\t\t\t\tDelphine Klopfenstein Broggini: \u00abGesetze gestalten f\u00fcr eine bessere Welt \u2013 oft in der Minderheit\u00bb<br>\n\t\t\t\t\t<\/a>\n\t\t\t\t\t\t\t\t\t\t\t\t\t<p class=\"boxout-excerpt\">Sie engagiert sich f\u00fcr das Klima, der Biodiversit\u00e4t, Mobilit\u00e4t und Gleichstellung.<\/p>\n\t\t\t\t                                    <a\n                        class=\"btn btn-primary\"\n                        data-ga-category=\"Take Action Boxout\"\n                        data-ga-action=\"Call to Action\"\n                        data-ga-label=\"n\/a\"\n                        href=\"https:\/\/www.greenpeace.ch\/de\/story\/82048\/delphine-klopfenstein-broggini-gesetze-gestalten-fuer-eine-bessere-welt-oft-in-der-minderheit\/\"\n                        \n                    >\n                        Zum Portrait\n                    <\/a>\n                \t\t\t<\/div>\n\t\t\t\t\t<\/section>\n\t\t\t\t<section\n\t\t\tclass=\"boxout  \"\n\t\t\t\n\t\t>\n\t\t\t<a\n\t\t\t\tdata-ga-category=\"Take Action Boxout\"\n\t\t\t\tdata-ga-action=\"Image\"\n\t\t\t\tdata-ga-label=\"n\/a\"\n\t\t\t\tclass=\"cover-card-overlay\"\n\t\t\t\thref=\"https:\/\/www.greenpeace.ch\/de\/story\/84395\/silke-langenberg-kreislauffaehige-architektur\/\" \n\t\t\t><\/a>\n\t\t\t\t\t\t\t<img\n\t\t\t\t\t\tsrc=\"https:\/\/www.greenpeace.ch\/static\/planet4-switzerland-stateless\/2022\/04\/8568e327-solar-sprint-teaser.png\"\n\t\t\t\t\t\tsrcset=\"https:\/\/www.greenpeace.ch\/static\/planet4-switzerland-stateless\/2022\/04\/8568e327-solar-sprint-teaser-300x200.png 300w, https:\/\/www.greenpeace.ch\/static\/planet4-switzerland-stateless\/2022\/04\/8568e327-solar-sprint-teaser.png 510w\"\n\t\t\t\t\t\tsizes=\"(min-width: 1000px) 358px, (min-width: 780px) 313px, 88px\"\n\t\t\t\t\t\talt=\"\" title=\"\"\n\t\t\t\t\/>\n            \t\t\t<div class=\"boxout-content\">\n\t\t\t\t\t\t\t\t\t<a\n\t\t\t\t\t\tclass=\"boxout-heading medium\"\n\t\t\t\t\t\tdata-ga-category=\"Take Action Boxout\"\n\t\t\t\t\t\tdata-ga-action=\"Title\"\n\t\t\t\t\t\tdata-ga-label=\"n\/a\"\n\t\t\t\t\t\thref=\"https:\/\/www.greenpeace.ch\/de\/story\/84395\/silke-langenberg-kreislauffaehige-architektur\/\"\n\t\t\t\t\t\t\n\t\t\t\t\t>\n\t\t\t\t\t\tSilke Langenberg: kreislauff\u00e4hige Architektur<br>\n\t\t\t\t\t<\/a>\n\t\t\t\t\t\t\t\t\t\t\t\t\t<p class=\"boxout-excerpt\">Reparaturen spielen bei Architektur und Bauten eine wichtige Rolle.<\/p>\n\t\t\t\t                                    <a\n                        class=\"btn btn-primary\"\n                        data-ga-category=\"Take Action Boxout\"\n                        data-ga-action=\"Call to Action\"\n                        data-ga-label=\"n\/a\"\n                        href=\"https:\/\/www.greenpeace.ch\/de\/story\/84395\/silke-langenberg-kreislauffaehige-architektur\/\"\n                        \n                    >\n                        Zum Portrait\n                    <\/a>\n                \t\t\t<\/div>\n\t\t\t\t\t<\/section>\n\t","protected":false},"excerpt":{"rendered":"<p>Wir haben nach engagierten Menschen gesucht, die sich f\u00fcr den Schutz unserer Ressourcen einsetzen und sich mit Reparaturen sowie der gesamten Kreislaufwirtschaft auseinandersetzen.<\/p>\n","protected":false},"author":50,"featured_media":84485,"comment_status":"closed","ping_status":"closed","sticky":false,"template":"","format":"standard","meta":{"_acf_changed":false,"_planet4_optimize_post_is_variant":false,"_planet4_optimize_experiment_name":"","_planet4_optimize_variant_name":"","ep_exclude_from_search":false,"p4_og_title":"","p4_og_description":"","p4_og_image":"","p4_og_image_id":"","p4_seo_canonical_url":"","p4_campaign_name":"not set","p4_local_project":"not set","p4_basket_name":"not set","p4_department":"","footnotes":""},"categories":[48],"tags":[212,37],"p4-page-type":[75],"gpch-article-type":[],"class_list":["post-84457","post","type-post","status-publish","format-standard","has-post-thumbnail","hentry","category-zero-waste","tag-kreislaufwirtschaft","tag-zero-waste","p4-page-type-story"],"acf":[],"_links":{"self":[{"href":"https:\/\/www.greenpeace.ch\/de\/wp-json\/wp\/v2\/posts\/84457","targetHints":{"allow":["GET"]}}],"collection":[{"href":"https:\/\/www.greenpeace.ch\/de\/wp-json\/wp\/v2\/posts"}],"about":[{"href":"https:\/\/www.greenpeace.ch\/de\/wp-json\/wp\/v2\/types\/post"}],"author":[{"embeddable":true,"href":"https:\/\/www.greenpeace.ch\/de\/wp-json\/wp\/v2\/users\/50"}],"replies":[{"embeddable":true,"href":"https:\/\/www.greenpeace.ch\/de\/wp-json\/wp\/v2\/comments?post=84457"}],"version-history":[{"count":0,"href":"https:\/\/www.greenpeace.ch\/de\/wp-json\/wp\/v2\/posts\/84457\/revisions"}],"wp:featuredmedia":[{"embeddable":true,"href":"https:\/\/www.greenpeace.ch\/de\/wp-json\/wp\/v2\/media\/84485"}],"wp:attachment":[{"href":"https:\/\/www.greenpeace.ch\/de\/wp-json\/wp\/v2\/media?parent=84457"}],"wp:term":[{"taxonomy":"category","embeddable":true,"href":"https:\/\/www.greenpeace.ch\/de\/wp-json\/wp\/v2\/categories?post=84457"},{"taxonomy":"post_tag","embeddable":true,"href":"https:\/\/www.greenpeace.ch\/de\/wp-json\/wp\/v2\/tags?post=84457"},{"taxonomy":"p4-page-type","embeddable":true,"href":"https:\/\/www.greenpeace.ch\/de\/wp-json\/wp\/v2\/p4-page-type?post=84457"},{"taxonomy":"gpch-article-type","embeddable":true,"href":"https:\/\/www.greenpeace.ch\/de\/wp-json\/wp\/v2\/gpch-article-type?post=84457"}],"curies":[{"name":"wp","href":"https:\/\/api.w.org\/{rel}","templated":true}]}}