{"id":84971,"date":"2022-05-04T16:08:11","date_gmt":"2022-05-04T14:08:11","guid":{"rendered":"https:\/\/www.greenpeace.ch\/?p=84971"},"modified":"2022-05-05T16:34:50","modified_gmt":"2022-05-05T14:34:50","slug":"fast-fashion-falsche-nachhaltigkeitsversprechen","status":"publish","type":"post","link":"https:\/\/www.greenpeace.ch\/de\/story\/84971\/fast-fashion-falsche-nachhaltigkeitsversprechen\/","title":{"rendered":"Fast Fashion: falsche Nachhaltigkeitsversprechen"},"content":{"rendered":"\n<p><strong>Wir kaufen immer mehr Kleider \u2013 und werfen auch immer mehr weg. Ein grosser Teil dieser Altkleider landet in Osteuropa, Afrika, Russland oder dem Nahen Osten. Ein Besuch in Kenia und Tansania zeigt: Die Kreislauf-Versprechen der Fast-Fashion-Marken sind nichts weiter als Greenwashing. F\u00fcr eine nachhaltigere Textilwirtschaft m\u00fcssen wir zwingend wegkommen von Fast Fashion und unsere Kleider l\u00e4nger nutzen.&nbsp;<\/strong><\/p>\n\n<p>Fast-Fashion-Marken heizen den Kleiderkonsum in der Schweiz an \u2013 und lassen so auch den Berg an Altkleidern anwachsen. Gem\u00e4ss dem Bundesamt f\u00fcr Statistik BFS hat die Schweiz im Jahr 2020 Kleider und Schuhe im Wert von 12,4 Mia. Schweizer Franken importiert, 30 % mehr als im Vorjahr. Texaid und Tell-Tex, die den den Schweizer Markt f\u00fcr Altkleider dominieren, sammeln j\u00e4hrlich 55\u2019000 Tonnen Alttextilien in der Schweiz. Was geschieht mit diesen Kleidern?<\/p>\n\n<p><strong>Fast-Fashion-Marken werben mit Kreislaufwirtschaft, aber die Realit\u00e4t zeigt: das sind immer noch leere Versprechen.<\/strong> Die Folgen von Fast Fashion zeigen sich in den L\u00e4ndern, in denen viele dieser billigen Kleider nach ihrem viel zu kurzen Leben landen: auf riesigen M\u00fcllhalden, entlang von Flussbetten, im offenen Feuer verbrannt und ins Meer gesp\u00fclt. Das hat verheerende Folgen f\u00fcr Mensch und Umwelt.&nbsp;<\/p>\n\n<p>Expert:innen von Greenpeace Deutschland sind&nbsp; f\u00fcr Recherchezwecke nach Kenia und Tansania gereist, um sich ein Bild des Problems der importierten Textilabf\u00e4lle in diesen L\u00e4ndern zu machen. Die Ergebnisse hat Greenpeace Deutschland im <a href=\"https:\/\/www.greenpeace.ch\/de\/publikation\/85133\/vergiftete-geschenke\/\">Bericht \u00abVergiftete Geschenke\u00bb <\/a>ver\u00f6ffentlicht.<\/p>\n<div data-render=\"planet4-blocks\/gallery\" data-attributes=\"{&quot;attributes&quot;:{&quot;multiple_image&quot;:&quot;84989,84986,84992,84977,84980,84996,84983,85003&quot;,&quot;image_data&quot;:[{&quot;url&quot;:&quot;https:\\\/\\\/www.greenpeace.ch\\\/static\\\/planet4-switzerland-stateless\\\/2022\\\/05\\\/dac844c5-gp1sxbbg_medium_res_with_credit_line.jpg&quot;,&quot;focalPoint&quot;:{&quot;x&quot;:0.5,&quot;y&quot;:0.5},&quot;id&quot;:84989},{&quot;url&quot;:&quot;https:\\\/\\\/www.greenpeace.ch\\\/static\\\/planet4-switzerland-stateless\\\/2022\\\/05\\\/6f9a467b-gp1sxbbe_medium_res_with_credit_line.jpg&quot;,&quot;focalPoint&quot;:{&quot;x&quot;:0.5,&quot;y&quot;:0.5},&quot;id&quot;:84986},{&quot;url&quot;:&quot;https:\\\/\\\/www.greenpeace.ch\\\/static\\\/planet4-switzerland-stateless\\\/2022\\\/05\\\/ce067ceb-gp1sxb8p_medium_res_with_credit_line.jpg&quot;,&quot;focalPoint&quot;:{&quot;x&quot;:0.5,&quot;y&quot;:0.5},&quot;id&quot;:84992},{&quot;url&quot;:&quot;https:\\\/\\\/www.greenpeace.ch\\\/static\\\/planet4-switzerland-stateless\\\/2022\\\/05\\\/5dac53db-gp1sxbc8_medium_res_with_credit_line.jpg&quot;,&quot;focalPoint&quot;:{&quot;x&quot;:0.5,&quot;y&quot;:0.5},&quot;id&quot;:84977},{&quot;url&quot;:&quot;https:\\\/\\\/www.greenpeace.ch\\\/static\\\/planet4-switzerland-stateless\\\/2022\\\/05\\\/fa733603-gp1sxbc6_medium_res_with_credit_line.jpg&quot;,&quot;focalPoint&quot;:{&quot;x&quot;:0.5,&quot;y&quot;:0.5},&quot;id&quot;:84980},{&quot;url&quot;:&quot;https:\\\/\\\/www.greenpeace.ch\\\/static\\\/planet4-switzerland-stateless\\\/2022\\\/05\\\/705aa247-gp1sxadi_medium_res_with_credit_line.jpg&quot;,&quot;focalPoint&quot;:{&quot;x&quot;:0.5,&quot;y&quot;:0.5},&quot;id&quot;:84996},{&quot;url&quot;:&quot;https:\\\/\\\/www.greenpeace.ch\\\/static\\\/planet4-switzerland-stateless\\\/2022\\\/05\\\/afb6175c-gp1sxbby_medium_res_with_credit_line.jpg&quot;,&quot;focalPoint&quot;:{&quot;x&quot;:0.5,&quot;y&quot;:0.5},&quot;id&quot;:84983},{&quot;url&quot;:&quot;https:\\\/\\\/www.greenpeace.ch\\\/static\\\/planet4-switzerland-stateless\\\/2022\\\/05\\\/68de690a-gp1sxad2_medium_res_with_credit_line.jpg&quot;,&quot;focalPoint&quot;:{&quot;x&quot;:0.5,&quot;y&quot;:0.5},&quot;id&quot;:85003}],&quot;gallery_block_style&quot;:0,&quot;gallery_block_title&quot;:&quot;&quot;,&quot;gallery_block_description&quot;:&quot;&quot;,&quot;gallery_block_focus_points&quot;:&quot;&quot;,&quot;images&quot;:[{&quot;image_src&quot;:&quot;https:\\\/\\\/www.greenpeace.ch\\\/static\\\/planet4-switzerland-stateless\\\/2022\\\/05\\\/dac844c5-gp1sxbbg_medium_res_with_credit_line.jpg&quot;,&quot;image_srcset&quot;:&quot;https:\\\/\\\/www.greenpeace.ch\\\/static\\\/planet4-switzerland-stateless\\\/2022\\\/05\\\/dac844c5-gp1sxbbg_medium_res_with_credit_line.jpg 1200w, https:\\\/\\\/www.greenpeace.ch\\\/static\\\/planet4-switzerland-stateless\\\/2022\\\/05\\\/dac844c5-gp1sxbbg_medium_res_with_credit_line-300x200.jpg 300w, https:\\\/\\\/www.greenpeace.ch\\\/static\\\/planet4-switzerland-stateless\\\/2022\\\/05\\\/dac844c5-gp1sxbbg_medium_res_with_credit_line-1024x683.jpg 1024w, https:\\\/\\\/www.greenpeace.ch\\\/static\\\/planet4-switzerland-stateless\\\/2022\\\/05\\\/dac844c5-gp1sxbbg_medium_res_with_credit_line-768x512.jpg 768w, https:\\\/\\\/www.greenpeace.ch\\\/static\\\/planet4-switzerland-stateless\\\/2022\\\/05\\\/dac844c5-gp1sxbbg_medium_res_with_credit_line-510x340.jpg 510w&quot;,&quot;image_sizes&quot;:false,&quot;alt_text&quot;:&quot;&quot;,&quot;caption&quot;:&quot;Eindr\\u00fccke von Kenia und Tansania&quot;,&quot;focus_image&quot;:&quot;&quot;,&quot;credits&quot;:&quot;&quot;},{&quot;image_src&quot;:&quot;https:\\\/\\\/www.greenpeace.ch\\\/static\\\/planet4-switzerland-stateless\\\/2022\\\/05\\\/6f9a467b-gp1sxbbe_medium_res_with_credit_line.jpg&quot;,&quot;image_srcset&quot;:&quot;https:\\\/\\\/www.greenpeace.ch\\\/static\\\/planet4-switzerland-stateless\\\/2022\\\/05\\\/6f9a467b-gp1sxbbe_medium_res_with_credit_line.jpg 1200w, https:\\\/\\\/www.greenpeace.ch\\\/static\\\/planet4-switzerland-stateless\\\/2022\\\/05\\\/6f9a467b-gp1sxbbe_medium_res_with_credit_line-300x200.jpg 300w, https:\\\/\\\/www.greenpeace.ch\\\/static\\\/planet4-switzerland-stateless\\\/2022\\\/05\\\/6f9a467b-gp1sxbbe_medium_res_with_credit_line-1024x683.jpg 1024w, https:\\\/\\\/www.greenpeace.ch\\\/static\\\/planet4-switzerland-stateless\\\/2022\\\/05\\\/6f9a467b-gp1sxbbe_medium_res_with_credit_line-768x512.jpg 768w, https:\\\/\\\/www.greenpeace.ch\\\/static\\\/planet4-switzerland-stateless\\\/2022\\\/05\\\/6f9a467b-gp1sxbbe_medium_res_with_credit_line-510x340.jpg 510w&quot;,&quot;image_sizes&quot;:false,&quot;alt_text&quot;:&quot;&quot;,&quot;caption&quot;:&quot;Eindr\\u00fccke von Kenia und Tansania&quot;,&quot;focus_image&quot;:&quot;&quot;,&quot;credits&quot;:&quot;&quot;},{&quot;image_src&quot;:&quot;https:\\\/\\\/www.greenpeace.ch\\\/static\\\/planet4-switzerland-stateless\\\/2022\\\/05\\\/ce067ceb-gp1sxb8p_medium_res_with_credit_line.jpg&quot;,&quot;image_srcset&quot;:&quot;https:\\\/\\\/www.greenpeace.ch\\\/static\\\/planet4-switzerland-stateless\\\/2022\\\/05\\\/ce067ceb-gp1sxb8p_medium_res_with_credit_line.jpg 1200w, https:\\\/\\\/www.greenpeace.ch\\\/static\\\/planet4-switzerland-stateless\\\/2022\\\/05\\\/ce067ceb-gp1sxb8p_medium_res_with_credit_line-300x200.jpg 300w, https:\\\/\\\/www.greenpeace.ch\\\/static\\\/planet4-switzerland-stateless\\\/2022\\\/05\\\/ce067ceb-gp1sxb8p_medium_res_with_credit_line-1024x684.jpg 1024w, https:\\\/\\\/www.greenpeace.ch\\\/static\\\/planet4-switzerland-stateless\\\/2022\\\/05\\\/ce067ceb-gp1sxb8p_medium_res_with_credit_line-768x513.jpg 768w, https:\\\/\\\/www.greenpeace.ch\\\/static\\\/planet4-switzerland-stateless\\\/2022\\\/05\\\/ce067ceb-gp1sxb8p_medium_res_with_credit_line-510x340.jpg 510w&quot;,&quot;image_sizes&quot;:false,&quot;alt_text&quot;:&quot;&quot;,&quot;caption&quot;:&quot;Eindr\\u00fccke von Kenia und Tansania&quot;,&quot;focus_image&quot;:&quot;&quot;,&quot;credits&quot;:&quot;&quot;},{&quot;image_src&quot;:&quot;https:\\\/\\\/www.greenpeace.ch\\\/static\\\/planet4-switzerland-stateless\\\/2022\\\/05\\\/5dac53db-gp1sxbc8_medium_res_with_credit_line.jpg&quot;,&quot;image_srcset&quot;:&quot;https:\\\/\\\/www.greenpeace.ch\\\/static\\\/planet4-switzerland-stateless\\\/2022\\\/05\\\/5dac53db-gp1sxbc8_medium_res_with_credit_line.jpg 1200w, https:\\\/\\\/www.greenpeace.ch\\\/static\\\/planet4-switzerland-stateless\\\/2022\\\/05\\\/5dac53db-gp1sxbc8_medium_res_with_credit_line-300x200.jpg 300w, https:\\\/\\\/www.greenpeace.ch\\\/static\\\/planet4-switzerland-stateless\\\/2022\\\/05\\\/5dac53db-gp1sxbc8_medium_res_with_credit_line-1024x684.jpg 1024w, https:\\\/\\\/www.greenpeace.ch\\\/static\\\/planet4-switzerland-stateless\\\/2022\\\/05\\\/5dac53db-gp1sxbc8_medium_res_with_credit_line-768x513.jpg 768w, https:\\\/\\\/www.greenpeace.ch\\\/static\\\/planet4-switzerland-stateless\\\/2022\\\/05\\\/5dac53db-gp1sxbc8_medium_res_with_credit_line-510x340.jpg 510w&quot;,&quot;image_sizes&quot;:false,&quot;alt_text&quot;:&quot;&quot;,&quot;caption&quot;:&quot;Eindr\\u00fccke von Kenia und Tansania&quot;,&quot;focus_image&quot;:&quot;&quot;,&quot;credits&quot;:&quot;&quot;},{&quot;image_src&quot;:&quot;https:\\\/\\\/www.greenpeace.ch\\\/static\\\/planet4-switzerland-stateless\\\/2022\\\/05\\\/fa733603-gp1sxbc6_medium_res_with_credit_line.jpg&quot;,&quot;image_srcset&quot;:&quot;https:\\\/\\\/www.greenpeace.ch\\\/static\\\/planet4-switzerland-stateless\\\/2022\\\/05\\\/fa733603-gp1sxbc6_medium_res_with_credit_line.jpg 1200w, https:\\\/\\\/www.greenpeace.ch\\\/static\\\/planet4-switzerland-stateless\\\/2022\\\/05\\\/fa733603-gp1sxbc6_medium_res_with_credit_line-300x200.jpg 300w, https:\\\/\\\/www.greenpeace.ch\\\/static\\\/planet4-switzerland-stateless\\\/2022\\\/05\\\/fa733603-gp1sxbc6_medium_res_with_credit_line-1024x684.jpg 1024w, https:\\\/\\\/www.greenpeace.ch\\\/static\\\/planet4-switzerland-stateless\\\/2022\\\/05\\\/fa733603-gp1sxbc6_medium_res_with_credit_line-768x513.jpg 768w, https:\\\/\\\/www.greenpeace.ch\\\/static\\\/planet4-switzerland-stateless\\\/2022\\\/05\\\/fa733603-gp1sxbc6_medium_res_with_credit_line-510x340.jpg 510w&quot;,&quot;image_sizes&quot;:false,&quot;alt_text&quot;:&quot;&quot;,&quot;caption&quot;:&quot;Eindr\\u00fccke von Kenia und Tansania&quot;,&quot;focus_image&quot;:&quot;&quot;,&quot;credits&quot;:&quot;&quot;},{&quot;image_src&quot;:&quot;https:\\\/\\\/www.greenpeace.ch\\\/static\\\/planet4-switzerland-stateless\\\/2022\\\/05\\\/705aa247-gp1sxadi_medium_res_with_credit_line.jpg&quot;,&quot;image_srcset&quot;:&quot;https:\\\/\\\/www.greenpeace.ch\\\/static\\\/planet4-switzerland-stateless\\\/2022\\\/05\\\/705aa247-gp1sxadi_medium_res_with_credit_line.jpg 1200w, https:\\\/\\\/www.greenpeace.ch\\\/static\\\/planet4-switzerland-stateless\\\/2022\\\/05\\\/705aa247-gp1sxadi_medium_res_with_credit_line-300x200.jpg 300w, https:\\\/\\\/www.greenpeace.ch\\\/static\\\/planet4-switzerland-stateless\\\/2022\\\/05\\\/705aa247-gp1sxadi_medium_res_with_credit_line-1024x684.jpg 1024w, https:\\\/\\\/www.greenpeace.ch\\\/static\\\/planet4-switzerland-stateless\\\/2022\\\/05\\\/705aa247-gp1sxadi_medium_res_with_credit_line-768x513.jpg 768w, https:\\\/\\\/www.greenpeace.ch\\\/static\\\/planet4-switzerland-stateless\\\/2022\\\/05\\\/705aa247-gp1sxadi_medium_res_with_credit_line-510x340.jpg 510w&quot;,&quot;image_sizes&quot;:false,&quot;alt_text&quot;:&quot;&quot;,&quot;caption&quot;:&quot;Eindr\\u00fccke von Kenia und Tansania&quot;,&quot;focus_image&quot;:&quot;&quot;,&quot;credits&quot;:&quot;&quot;},{&quot;image_src&quot;:&quot;https:\\\/\\\/www.greenpeace.ch\\\/static\\\/planet4-switzerland-stateless\\\/2022\\\/05\\\/afb6175c-gp1sxbby_medium_res_with_credit_line.jpg&quot;,&quot;image_srcset&quot;:&quot;https:\\\/\\\/www.greenpeace.ch\\\/static\\\/planet4-switzerland-stateless\\\/2022\\\/05\\\/afb6175c-gp1sxbby_medium_res_with_credit_line.jpg 1200w, https:\\\/\\\/www.greenpeace.ch\\\/static\\\/planet4-switzerland-stateless\\\/2022\\\/05\\\/afb6175c-gp1sxbby_medium_res_with_credit_line-300x200.jpg 300w, https:\\\/\\\/www.greenpeace.ch\\\/static\\\/planet4-switzerland-stateless\\\/2022\\\/05\\\/afb6175c-gp1sxbby_medium_res_with_credit_line-1024x684.jpg 1024w, https:\\\/\\\/www.greenpeace.ch\\\/static\\\/planet4-switzerland-stateless\\\/2022\\\/05\\\/afb6175c-gp1sxbby_medium_res_with_credit_line-768x513.jpg 768w, https:\\\/\\\/www.greenpeace.ch\\\/static\\\/planet4-switzerland-stateless\\\/2022\\\/05\\\/afb6175c-gp1sxbby_medium_res_with_credit_line-510x340.jpg 510w&quot;,&quot;image_sizes&quot;:false,&quot;alt_text&quot;:&quot;&quot;,&quot;caption&quot;:&quot;Eindr\\u00fccke von Kenia und Tansania&quot;,&quot;focus_image&quot;:&quot;&quot;,&quot;credits&quot;:&quot;&quot;},{&quot;image_src&quot;:&quot;https:\\\/\\\/www.greenpeace.ch\\\/static\\\/planet4-switzerland-stateless\\\/2022\\\/05\\\/68de690a-gp1sxad2_medium_res_with_credit_line.jpg&quot;,&quot;image_srcset&quot;:&quot;https:\\\/\\\/www.greenpeace.ch\\\/static\\\/planet4-switzerland-stateless\\\/2022\\\/05\\\/68de690a-gp1sxad2_medium_res_with_credit_line.jpg 1200w, https:\\\/\\\/www.greenpeace.ch\\\/static\\\/planet4-switzerland-stateless\\\/2022\\\/05\\\/68de690a-gp1sxad2_medium_res_with_credit_line-300x200.jpg 300w, https:\\\/\\\/www.greenpeace.ch\\\/static\\\/planet4-switzerland-stateless\\\/2022\\\/05\\\/68de690a-gp1sxad2_medium_res_with_credit_line-1024x684.jpg 1024w, https:\\\/\\\/www.greenpeace.ch\\\/static\\\/planet4-switzerland-stateless\\\/2022\\\/05\\\/68de690a-gp1sxad2_medium_res_with_credit_line-768x513.jpg 768w, https:\\\/\\\/www.greenpeace.ch\\\/static\\\/planet4-switzerland-stateless\\\/2022\\\/05\\\/68de690a-gp1sxad2_medium_res_with_credit_line-510x340.jpg 510w&quot;,&quot;image_sizes&quot;:false,&quot;alt_text&quot;:&quot;&quot;,&quot;caption&quot;:&quot;Eindr\\u00fccke von Kenia und Tansania&quot;,&quot;focus_image&quot;:&quot;&quot;,&quot;credits&quot;:&quot;&quot;}]}}\"><\/div>\n<h2 class=\"wp-block-heading\"><strong>Von Kleiderspenden zu Lumpen und Exportprodukten<\/strong><\/h2>\n\n<p>Die meisten Menschen bringen ihre Altkleider zur Altkleidersammlung, zu einer R\u00fccknahmebox in einem Modegesch\u00e4ft oder spenden sie. Aber nur ein kleiner Teil dieser Kleider wird im Inland weiterverkauft. Ein Teil wird zu minderwertigen Produkten wie Lumpen weiterverarbeitet, und mehr als die H\u00e4lfte wird zur \u00abWiederverwendung\u00bb exportiert, meist nach Ost- und Westafrika und Osteuropa.<\/p>\n\n<p>Der globale Norden lagert also die Probleme des \u00dcberkonsums durch die Fast Fashion aus, indem er Altkleider in die L\u00e4nder des globalen S\u00fcdens exportiert, obwohl sie keine Infrastruktur haben, um diese zu bew\u00e4ltigen.&nbsp;<\/p>\n\n<h2 class=\"wp-block-heading\"><strong>Fast die H\u00e4lfte der Textilien sind Abfall<\/strong><\/h2>\n\n<p>Fast-Fashion-Firmen produzieren immer mehr Kleider. Darum exportieren westliche L\u00e4nder auch immer gr\u00f6ssere Mengen an Altkleidern in den globalen S\u00fcden. Im Jahr 2019 importierte Kenia 185\u2019000 Tonnen Altkleider. Aber: Fast 30-40 % dieser Textilien sind faktisch Abfall: die Qualit\u00e4t ist schlecht, sie sind kaputt oder verschmutzt. Diese Textilabf\u00e4lle werden in die Umwelt geworfen, verbrannt oder auf \u00fcberf\u00fcllten M\u00fclldeponien wie z.B. in Dandora gelagert. Die Folgen sind erschreckend: Wer den Weg vom Kleidermarkt Gikomba zum nah gelegenen Nairobi-Fluss hinab geht, l\u00e4uft buchst\u00e4blich auf Textilabf\u00e4llen. Diese t\u00fcrmen sich am Flussufer, fallen ins Wasser und fliessen flussabw\u00e4rts\u2026<\/p>\n\n<p>&nbsp;Bis zu 69 % der in Kleidung verwendeten Fasern sind synthetisch (vor allem Polyester). Das heisst, sie bestehen aus \u00f6lbasiertem Plastik und sind biologisch nicht abbaubar. Sie bleiben als Mikroplastikfasern in der Umwelt und gelangen in die menschliche Nahrungskette; oder verschmutzen die Luft und gef\u00e4hrden die Gesundheit der Menschen, wenn sie auf offenen Feuern verbrannt werden.&nbsp;<\/p>\n\n<h2 class=\"wp-block-heading\"><strong>Kleidung als Wegwerfartikel<\/strong><\/h2>\n\n<p>Der Fast-Fashion-Trend hat Kleidung zu einem Wegwerfartikel gemacht \u2013 gleich einer Einwegverpackung. Um den Strom von Textilabf\u00e4llen zu stoppen, die im globalen S\u00fcden entsorgt werden, gibt es nur eine L\u00f6sung: Wir m\u00fcssen wegkommen von Fast Fashion.&nbsp;<\/p>\n\n<p><strong>Das bedeutet: Globale Modemarken m\u00fcssen ihre linearen Gesch\u00e4ftsmodelle komplett umkrempeln. Wenn sie ihre Nachhaltigkeitsversprechen halten m\u00f6chten, m\u00fcssen sie weniger Kleidung produzieren. Die Kleider sollen daf\u00fcr qualitativ besser, langlebiger, reparierbar und wiederverwendbar sein.&nbsp;<\/strong><\/p>\n\n<hr class=\"wp-block-separator\"\/>\n\n<h2 class=\"wp-block-heading\"><strong>Wirkungsvollste Massnahme: Kleidung l\u00e4nger tragen<\/strong><\/h2>\n\n<p>Wie gross die Wirkung ist, wenn wir unsere Kleider l\u00e4nger tragen (k\u00f6nnen), zeigt eine <a href=\"https:\/\/www.greenpeace.ch\/de\/story\/82237\/teilen-wiederverwenden-reparieren\/\">Studie<\/a> vom M\u00e4rz 2022. W\u00fcrden alle Kleider in der Schweiz drei Jahre l\u00e4nger getragen, liessen sich damit 1,5 Mio. Tonnen CO2-\u00c4quivalente j\u00e4hrlich einsparen. Das entspricht den Treibhausgasen einer 7,4 Mrd. Kilometer langen Autofahrt. Andere Umweltwirkungen wie giftige Chemikalien und Pestizide im Baumwollanbau sowie soziale Aspekte wie die Ausbeutung in der Textilwirtschaft,\u00a0 sind dabei noch nicht ber\u00fccksichtigt.<\/p>\n\n<div class=\"wp-block-buttons is-layout-flex wp-block-buttons-is-layout-flex\">\n<div class=\"wp-block-button\"><a class=\"wp-block-button__link\" href=\"https:\/\/www.greenpeace.ch\/de\/erkunden\/konsum\/\">Mehr zum Thema Konsum<\/a><\/div>\n<\/div>\n","protected":false},"excerpt":{"rendered":"<p>in Kenia und Tansania zeigt: Die Kreislauf-Versprechen der Fast-Fashion-Marken sind nichts weiter als Greenwashing. F\u00fcr eine nachhaltigere Textilwirtschaft m\u00fcssen wir zwingend wegkommen von Fast Fashion und unsere Kleider l\u00e4nger nutzen.&nbsp;<\/p>\n","protected":false},"author":50,"featured_media":85016,"comment_status":"closed","ping_status":"closed","sticky":false,"template":"","format":"standard","meta":{"_acf_changed":false,"_planet4_optimize_post_is_variant":false,"_planet4_optimize_experiment_name":"","_planet4_optimize_variant_name":"","ep_exclude_from_search":false,"p4_og_title":"","p4_og_description":"","p4_og_image":"","p4_og_image_id":"","p4_seo_canonical_url":"","p4_campaign_name":"not set","p4_local_project":"not set","p4_basket_name":"not set","p4_department":"","footnotes":""},"categories":[48],"tags":[217,212],"p4-page-type":[75],"gpch-article-type":[],"class_list":["post-84971","post","type-post","status-publish","format-standard","has-post-thumbnail","hentry","category-zero-waste","tag-konsum","tag-kreislaufwirtschaft","p4-page-type-story"],"acf":[],"_links":{"self":[{"href":"https:\/\/www.greenpeace.ch\/de\/wp-json\/wp\/v2\/posts\/84971","targetHints":{"allow":["GET"]}}],"collection":[{"href":"https:\/\/www.greenpeace.ch\/de\/wp-json\/wp\/v2\/posts"}],"about":[{"href":"https:\/\/www.greenpeace.ch\/de\/wp-json\/wp\/v2\/types\/post"}],"author":[{"embeddable":true,"href":"https:\/\/www.greenpeace.ch\/de\/wp-json\/wp\/v2\/users\/50"}],"replies":[{"embeddable":true,"href":"https:\/\/www.greenpeace.ch\/de\/wp-json\/wp\/v2\/comments?post=84971"}],"version-history":[{"count":0,"href":"https:\/\/www.greenpeace.ch\/de\/wp-json\/wp\/v2\/posts\/84971\/revisions"}],"wp:featuredmedia":[{"embeddable":true,"href":"https:\/\/www.greenpeace.ch\/de\/wp-json\/wp\/v2\/media\/85016"}],"wp:attachment":[{"href":"https:\/\/www.greenpeace.ch\/de\/wp-json\/wp\/v2\/media?parent=84971"}],"wp:term":[{"taxonomy":"category","embeddable":true,"href":"https:\/\/www.greenpeace.ch\/de\/wp-json\/wp\/v2\/categories?post=84971"},{"taxonomy":"post_tag","embeddable":true,"href":"https:\/\/www.greenpeace.ch\/de\/wp-json\/wp\/v2\/tags?post=84971"},{"taxonomy":"p4-page-type","embeddable":true,"href":"https:\/\/www.greenpeace.ch\/de\/wp-json\/wp\/v2\/p4-page-type?post=84971"},{"taxonomy":"gpch-article-type","embeddable":true,"href":"https:\/\/www.greenpeace.ch\/de\/wp-json\/wp\/v2\/gpch-article-type?post=84971"}],"curies":[{"name":"wp","href":"https:\/\/api.w.org\/{rel}","templated":true}]}}