{"id":85192,"date":"2022-05-09T09:56:11","date_gmt":"2022-05-09T07:56:11","guid":{"rendered":"https:\/\/www.greenpeace.ch\/?p=85192"},"modified":"2022-05-09T13:17:27","modified_gmt":"2022-05-09T11:17:27","slug":"solar-for-peace-solarenergie-ist-die-beste-loesung-fuer-die-energieunabhaengigkeit-der-schweiz-und-fuer-das-klima","status":"publish","type":"post","link":"https:\/\/www.greenpeace.ch\/de\/medienmitteilung\/85192\/solar-for-peace-solarenergie-ist-die-beste-loesung-fuer-die-energieunabhaengigkeit-der-schweiz-und-fuer-das-klima\/","title":{"rendered":"Solar for Peace: Solarenergie ist die beste L\u00f6sung f\u00fcr die Energieunabh\u00e4ngigkeit der Schweiz und f\u00fcr das Klima"},"content":{"rendered":"\n<p><strong>Greenpeace-Aktivist:innen haben <a rel=\"noreferrer noopener\" href=\"https:\/\/media.greenpeace.org\/collection\/27MDHUH2KMFI\" target=\"_blank\">heute in Bern auf dem Bundesplatz eine Aktion durchgef\u00fchrt<\/a>: Damit wollen sie auf die entscheidende Rolle der Solarenergie hinweisen, damit sich die Schweiz aus der Abh\u00e4ngigkeit von fossilen Energien l\u00f6sen und ihre Klimaziele erreichen kann. Die Aktion richtet sich insbesondere an die Mitglieder der Kommission f\u00fcr Umwelt, Raumplanung und Energie des St\u00e4nderats (UREK-S). Diese werden in wenigen Wochen (*) das Bundesgesetz \u00fcber eine sichere Stromversorgung mit erneuerbaren Energien beraten. Die bisher vorgesehenen Ausbauziele f\u00fcr neue erneuerbare Energien in der Schweiz m\u00fcssen mehr als verdoppelt werden (von 17 TWh bis auf 38 TWh im Jahr 2035).\u00a0<\/strong><\/p>\n\n<p>Die Aktivist:innen <a rel=\"noreferrer noopener\" href=\"https:\/\/media.greenpeace.org\/collection\/27MDHUH2KMFI\" target=\"_blank\">bedeckten den Bundesplatz mit einem riesigen Sonnenbild und der Friedenstaube. Ausserdem verteilten sie Flyer an Passant:innen. Ziel der Aktion war es, den St\u00e4nder\u00e4t:innen, <\/a>insbesondere den Mitgliedern der UREK-S, aufzuzeigen, dass die Solarenergie in der Energiezukunft des Landes eine deutlich wichtigere Rolle spielen soll. Ein sprintm\u00e4ssiger Ausbau der Solarenergie muss jetzt politisch aufgegleist werden, denn die Sonne erm\u00f6glicht sowohl den Schutz des Klimas als auch die Unabh\u00e4ngigkeit von Energieimporten aus kritischen Staaten.\u00a0<\/p>\n\n<p>\u00abDer Krieg in der Ukraine sollte auch noch die letzten Zweifler:innen davon \u00fcberzeugen, dass wir nun subito fossile Energien durch Energiesparen und einheimische erneuerbare Energien ersetzen sollten\u00bb, sagt Georg Klingler, Klima- und Energieexperte bei Greenpeace Schweiz. \u00abEs ist einmalig, dass die UREK so nah am Zeitgeschehen wegweisende Entscheide f\u00e4llt. Sie kann und muss bei der Beratung des Bundesgesetzes \u00fcber eine sichere Stromversorgung mit erneuerbaren Energien die Weichen f\u00fcr einen massiv schnelleren Ausbau der Solarenergie und der anderen erneuerbaren Energien stellen.\u00bb<\/p>\n\n<h2 class=\"wp-block-heading\"><strong>Versorgungssicherheit dank Solarenergie<\/strong><\/h2>\n\n<p>Greenpeace Schweiz hat k\u00fcrzlich mit einem eigenen <a href=\"https:\/\/www.greenpeace.ch\/de\/publikation\/79839\/versorgungssicherheit-und-klimaschutz\/\" target=\"_blank\" rel=\"noreferrer noopener\">Gesamtenergieszenario f\u00fcr die Schweiz<\/a> gezeigt, wie erneuerbare Energien die fossilen Energien komplett ersetzen und gleichzeitig die Versorgungssicherheit verbessern k\u00f6nnen. Neben Energieeffizienz und Energiesparen spielt ein massiv beschleunigter Ausbau der Photovoltaik die Schl\u00fcsselrolle \u2013 je schneller wir unsere D\u00e4cher zu Kraftwerken machen, desto besser wird die Versorgungssituation.&nbsp;<\/p>\n\n<p>\u00abGreenpeace Schweiz und die knapp 19\u2019000 Menschen, die unsere <a href=\"https:\/\/www.greenpeace.ch\/de\/handeln\/solar-sprint\/\" target=\"_blank\" rel=\"noreferrer noopener\">Petition f\u00fcr einen Solar-Sprint<\/a> bislang unterzeichnet haben, fordern, dass der Ausbau der inl\u00e4ndischen erneuerbaren Energien \u2013 allen voran der Solarenergie \u2013 endlich priorisiert wird. So fliesst immer weniger Geld in kriegerische Staaten und in die weitere Klimazerst\u00f6rung. Stattdessen soll dieses Geld dem einheimischen Gewerbe zugutekommen und damit die Wertsch\u00f6pfung in der Schweiz gesteigert werden.\u00bb&nbsp;<\/p>\n\n<p>Greenpeace Schweiz fordert das Parlament auf, die vom Bundesrat vorgeschlagenen Ausbauziele f\u00fcr die neuen erneuerbaren Energien gem\u00e4ss Art. 2 im Energiegesetz von 17 TWh auf 38 TWh im 2035 zu erh\u00f6hen. Die Solarenergie soll bis 2035 von heute knapp 3 TWh auf 30 TWh pro Jahr ausgebaut werden.&nbsp;<\/p>\n\n<h2 class=\"wp-block-heading\"><strong>Solarenergie: die ideale Energie f\u00fcr die Schweiz&nbsp;<\/strong><\/h2>\n\n<p>Solarmodule k\u00f6nnen auf D\u00e4chern, an Fassaden und \u00fcberall dort, wo bereits Fl\u00e4chen versiegelt wurden, ohne negativen Einfluss auf die Artenvielfalt installiert werden. \u00abUnsere Berechnungen zeigen, dass die bestehende Wasserkraft die Sonnenenergie ideal erg\u00e4nzt, besonders an Tagen mit wenig Sonne. Wir sind gut aufgestellt f\u00fcr eine Vollversorgung mit einheimischen, erneuerbaren Energien. Solaranlagen produzieren im Sommer zudem \u00fcbersch\u00fcssigen Strom, damit kann klimafreundlich Wasserstoff hergestellt werden. Das ist ein zus\u00e4tzlicher und hochwertiger Energietr\u00e4ger\u00bb, sagt Georg Klingler.&nbsp;&nbsp;<\/p>\n\n<p>\u00abDas Potenzial der Solarenergie muss endlich ausgesch\u00f6pft werden. Solarmodule k\u00f6nnen auf D\u00e4chern, an Fassaden und \u00fcberall dort, wo bereits Fl\u00e4chen versiegelt wurden, ohne negativen Einfluss auf die Biodiversit\u00e4t installiert werden. Ein Comeback der Atomenergie oder eine Subventionierung von Benzin und Diesel, wie es B\u00fcrgerliche fordern, ist ein Schritt zur\u00fcck in die Vergangenheit.\u00bb<\/p>\n\n<p><em>(*) In der urspr\u00fcnglichen Fassung hiess es, dass die UREK-S morgen Dienstag \u00fcber das Bundesgesetz \u00fcber eine sichere Stromversorgung mit erneuerbaren Energien beraten wird. Im Programm der Kommission gab es jedoch kurzfristige \u00c4nderungen. Die Beratung wurde auf voraussichtlich Ende Juni verschoben. <\/em><\/p>\n\n<hr class=\"wp-block-separator\"\/>\n\n<h2 class=\"wp-block-heading\">Bilder<\/h2>\n\n<p>Bilder der Aktion der Greenpeace-Aktivist:innen finden Sie in der <a rel=\"noreferrer noopener\" href=\"https:\/\/media.greenpeace.org\/collection\/27MDHUH2KMFI\" target=\"_blank\">Mediendatenbank<\/a> (wird laufend erg\u00e4nzt). <\/p>\n\n<h2 class=\"wp-block-heading\"><strong>Weitere Informationen<\/strong><\/h2>\n\n<ul class=\"wp-block-list\"><li>Die Studie \u00abVersorgungssicherheit und Klimaschutz. Wie die Schweiz mit einem raschen Ausbau der Photovoltaik eine sichere und klimavertr\u00e4gliche Energieversorgung gew\u00e4hrleisten kann\u00bb ist auf <a rel=\"noreferrer noopener\" href=\"http:\/\/www.greenpeace.ch\/energieversorgung\" target=\"_blank\">www.greenpeace.ch\/energieversorgung<\/a> zu finden.<\/li><li><a href=\"https:\/\/www.greenpeace.ch\/de\/publikation\/85215\/zahlen-und-fakten-zur-photovoltaik\/\" data-type=\"post\" data-id=\"85215\" target=\"_blank\" rel=\"noreferrer noopener\">Greenpeace-Themenschwerpunkt Photovoltaik<\/a><\/li><li><a href=\"https:\/\/www.greenpeace.ch\/de\/publikation\/85166\/themenschwerpunkt-atom-und-klima\/\" data-type=\"post\" data-id=\"85166\" target=\"_blank\" rel=\"noreferrer noopener\">Greenpeace-Themenschwerpunkt Atom<\/a><\/li><\/ul>\n\n<h2 class=\"wp-block-heading\"><strong>Kontakte<\/strong><\/h2>\n\n<ul class=\"wp-block-list\"><li>Georg Klingler, Klima- und Energieexperte Greenpeace Suisse, +41 79 785 07 38, <a href=\"mailto:georg.klingler@greenpeace.org\">georg.klingler@greenpeace.org<\/a>&nbsp;<\/li><li>Medienstelle Greenpeace Schweiz: +41 44 447 41 11, <a href=\"mailto:pressestelle.ch@greenpeace.org\">pressestelle.ch@greenpeace.org<\/a>&nbsp;<\/li><\/ul>\n","protected":false},"excerpt":{"rendered":"<p>Greenpeace-Aktivist:innen haben heute in Bern auf dem Bundesplatz eine Aktion durchgef\u00fchrt: Damit wollen sie auf die entscheidende Rolle der Solarenergie hinweisen.<\/p>\n","protected":false},"author":39,"featured_media":85627,"comment_status":"closed","ping_status":"closed","sticky":false,"template":"","format":"standard","meta":{"_acf_changed":false,"_planet4_optimize_post_is_variant":false,"_planet4_optimize_experiment_name":"","_planet4_optimize_variant_name":"","ep_exclude_from_search":false,"p4_og_title":"","p4_og_description":"","p4_og_image":"","p4_og_image_id":"","p4_seo_canonical_url":"","p4_campaign_name":"not set","p4_local_project":"not set","p4_basket_name":"not set","p4_department":"","footnotes":""},"categories":[1],"tags":[42,50,34,220],"p4-page-type":[71],"gpch-article-type":[],"class_list":["post-85192","post","type-post","status-publish","format-standard","has-post-thumbnail","hentry","category-unkategorisiert","tag-energie","tag-klima","tag-klimagerechtigkeit","tag-ukraine","p4-page-type-medienmitteilung"],"acf":[],"_links":{"self":[{"href":"https:\/\/www.greenpeace.ch\/de\/wp-json\/wp\/v2\/posts\/85192","targetHints":{"allow":["GET"]}}],"collection":[{"href":"https:\/\/www.greenpeace.ch\/de\/wp-json\/wp\/v2\/posts"}],"about":[{"href":"https:\/\/www.greenpeace.ch\/de\/wp-json\/wp\/v2\/types\/post"}],"author":[{"embeddable":true,"href":"https:\/\/www.greenpeace.ch\/de\/wp-json\/wp\/v2\/users\/39"}],"replies":[{"embeddable":true,"href":"https:\/\/www.greenpeace.ch\/de\/wp-json\/wp\/v2\/comments?post=85192"}],"version-history":[{"count":0,"href":"https:\/\/www.greenpeace.ch\/de\/wp-json\/wp\/v2\/posts\/85192\/revisions"}],"wp:featuredmedia":[{"embeddable":true,"href":"https:\/\/www.greenpeace.ch\/de\/wp-json\/wp\/v2\/media\/85627"}],"wp:attachment":[{"href":"https:\/\/www.greenpeace.ch\/de\/wp-json\/wp\/v2\/media?parent=85192"}],"wp:term":[{"taxonomy":"category","embeddable":true,"href":"https:\/\/www.greenpeace.ch\/de\/wp-json\/wp\/v2\/categories?post=85192"},{"taxonomy":"post_tag","embeddable":true,"href":"https:\/\/www.greenpeace.ch\/de\/wp-json\/wp\/v2\/tags?post=85192"},{"taxonomy":"p4-page-type","embeddable":true,"href":"https:\/\/www.greenpeace.ch\/de\/wp-json\/wp\/v2\/p4-page-type?post=85192"},{"taxonomy":"gpch-article-type","embeddable":true,"href":"https:\/\/www.greenpeace.ch\/de\/wp-json\/wp\/v2\/gpch-article-type?post=85192"}],"curies":[{"name":"wp","href":"https:\/\/api.w.org\/{rel}","templated":true}]}}