{"id":91816,"date":"2022-11-20T07:37:13","date_gmt":"2022-11-20T06:37:13","guid":{"rendered":"https:\/\/www.greenpeace.ch\/?p=91816"},"modified":"2022-11-20T07:37:18","modified_gmt":"2022-11-20T06:37:18","slug":"cop27-die-klimapolitik-der-schweiz-ist-komplett-ueberholt","status":"publish","type":"post","link":"https:\/\/www.greenpeace.ch\/de\/medienmitteilung\/91816\/cop27-die-klimapolitik-der-schweiz-ist-komplett-ueberholt\/","title":{"rendered":"COP27: Die Klimapolitik der Schweiz ist komplett \u00fcberholt"},"content":{"rendered":"\n<p><strong>Die Klimakonferenz COP27 in Sharm el-Sheikh kommt zu einem Ende. Auf der Konferenz wurde deutlich, dass die Klimapolitik der Schweiz angesichts der aktuellen Herausforderungen v\u00f6llig \u00fcberholt ist.\u00a0<\/strong><\/p>\n\n<p><strong>Georg Klingler, Klima- und Energieexperte bei Greenpeace Schweiz: <\/strong>\u00abDie Schweiz spielt sich auf internationalem Parkett in Klimafragen gerne in den Vordergrund. Grund dazu hat sie aber nicht. Die Schweizer Delegation in \u00c4gypten setzte sich daf\u00fcr ein, die 1,5\u00b0C-Obergrenze und das Ziel, alle Finanzfl\u00fcsse klimafreundlich auszurichten, auf der Tagesordnung zu halten. Gleichzeitig ist die Schweiz selbst in Sachen Klimaschutz alles andere als auf Kurs: Der Bund weigert sich, die eigenen Ziele anzupassen und den Schweizer Finanzplatz zu regulieren. Zudem setzt er sich viel zu wenig daf\u00fcr ein, dass die \u00e4rmsten L\u00e4nder bei der Anpassung an die Folgen des Klimawandels, zur St\u00e4rkung ihrer Widerstandsf\u00e4higkeit und bez\u00fcglich Verlusten und Sch\u00e4den finanziell unterst\u00fctzt werden. Solange unser Land sich als unf\u00e4hig erweist, sich voll und ganz f\u00fcr den Klimaschutz einzusetzen, wird es uns auch nicht m\u00f6glich sein, das Ergebnis der Diskussionen im Rahmen der UN-Klimakonferenz positiv zu beeinflussen.\u00bb<\/p>\n\n<p>\u00abMit ihrem Z\u00f6gern und ihrer Heuchelei in Klimafragen schiesst sich die Schweiz ins eigene Knie, denn eine gleichberechtigte Zusammenarbeit zwischen den L\u00e4ndern ist der Schl\u00fcssel zum Schutz unserer nat\u00fcrlichen Lebensgrundlagen. Notwendig w\u00e4ren ein st\u00e4rkeres Engagement f\u00fcr die Finanzierung von Verlusten und Sch\u00e4den, eine st\u00e4rkere finanzielle Unterst\u00fctzung f\u00fcr den Klimaschutz in \u00e4rmsten Staaten und eine Erh\u00f6hung der eigenen Emissionsreduktionsziele. Der Klimaschutz im Inland darf nicht mehr mit Kompensationen in anderen L\u00e4ndern sch\u00f6ngerechnet werden. F\u00fcr letzteres Vorgehen wurde die Schweiz an den Pranger gestellt, da sie weiterhin arme L\u00e4nder daf\u00fcr bezahlt, dass diese an unserer Stelle ihre Emissionen reduzieren.\u00bb&nbsp;<\/p>\n\n<p>\u00abW\u00e4hrend der Bundesrat es verpasst, F\u00fchrung zu \u00fcbernehmen, um eine lebenswerte Zukunft zu sichern, blieb das Parlament zum Gl\u00fcck nicht unt\u00e4tig: Das Bundesgesetz \u00fcber die Ziele im Klimaschutz, die Innovation und die St\u00e4rkung der Energiesicherheit (KIG) sowie das neue Energiegesetz gleisen wichtige Massnahmen f\u00fcr den dringend notwendigen verst\u00e4rkten Klimaschutz auf.\u00bb<\/p>\n\n<p>Weitere Einsch\u00e4tzungen zur COP27 finden Sie in der <a href=\"https:\/\/www.greenpeace.org\/international\/press-release\/56920\/cop27-loss-and-damage-finance-facility-a-down-payment-on-climate-justice%EF%BF%BC\/\" target=\"_blank\" rel=\"noreferrer noopener\">Medienmitteilung von Greenpeace International<\/a>.\u00a0<\/p>\n\n<h2 class=\"wp-block-heading\"><strong>Kontakte<\/strong><\/h2>\n\n<p>Wenn Sie Fragen zu den Gespr\u00e4chen in Sharm El-Sheikh haben, wenden Sie sich bitte direkt an unsere Delegation vor Ort und kontaktieren Sie Gaby Flores, Kommunikationsbeauftragte von Greenpeace International, die in Sharm El-Sheikh anwesend ist: <a href=\"mailto:cflores@greenpeace.org\">cflores@greenpeace.org<\/a><\/p>\n\n<p>F\u00fcr Fragen zur Schweizer Klimapolitik:<\/p>\n\n<ul class=\"wp-block-list\"><li>Georg Klingler, Klima- und Energieexperte, Greenpeace Schweiz, +41 79 785 07 38, <a href=\"mailto:georg.klingler@greenpeace.org\">georg.klingler@greenpeace.org<\/a> <\/li><li>Medienstelle Greenpeace Schweiz: +41 44 447 41 11, <a href=\"mailto:pressestelle.ch@greenpeace.org\">pressestelle.ch@greenpeace.org<\/a><\/li><\/ul>\n","protected":false},"excerpt":{"rendered":"<p>Die Klimakonferenz COP27 in Sharm el-Sheikh ist zu Ende. Auf der Konferenz wurde deutlich, dass die Klimapolitik der Schweiz angesichts der aktuellen Herausforderungen v\u00f6llig \u00fcberholt ist.<\/p>\n","protected":false},"author":39,"featured_media":91817,"comment_status":"closed","ping_status":"closed","sticky":false,"template":"","format":"standard","meta":{"_acf_changed":false,"_planet4_optimize_post_is_variant":false,"_planet4_optimize_experiment_name":"","_planet4_optimize_variant_name":"","ep_exclude_from_search":false,"p4_og_title":"","p4_og_description":"","p4_og_image":"","p4_og_image_id":"","p4_seo_canonical_url":"","p4_campaign_name":"not set","p4_local_project":"not set","p4_basket_name":"not set","p4_department":"","footnotes":""},"categories":[161,2],"tags":[42,36,50,34,35],"p4-page-type":[71],"gpch-article-type":[],"class_list":["post-91816","post","type-post","status-publish","format-standard","has-post-thumbnail","hentry","category-about","category-klima","tag-energie","tag-gletscher-initiative","tag-klima","tag-klimagerechtigkeit","tag-nachhaltiger-finanzplatz","p4-page-type-medienmitteilung"],"acf":[],"_links":{"self":[{"href":"https:\/\/www.greenpeace.ch\/de\/wp-json\/wp\/v2\/posts\/91816","targetHints":{"allow":["GET"]}}],"collection":[{"href":"https:\/\/www.greenpeace.ch\/de\/wp-json\/wp\/v2\/posts"}],"about":[{"href":"https:\/\/www.greenpeace.ch\/de\/wp-json\/wp\/v2\/types\/post"}],"author":[{"embeddable":true,"href":"https:\/\/www.greenpeace.ch\/de\/wp-json\/wp\/v2\/users\/39"}],"replies":[{"embeddable":true,"href":"https:\/\/www.greenpeace.ch\/de\/wp-json\/wp\/v2\/comments?post=91816"}],"version-history":[{"count":0,"href":"https:\/\/www.greenpeace.ch\/de\/wp-json\/wp\/v2\/posts\/91816\/revisions"}],"wp:featuredmedia":[{"embeddable":true,"href":"https:\/\/www.greenpeace.ch\/de\/wp-json\/wp\/v2\/media\/91817"}],"wp:attachment":[{"href":"https:\/\/www.greenpeace.ch\/de\/wp-json\/wp\/v2\/media?parent=91816"}],"wp:term":[{"taxonomy":"category","embeddable":true,"href":"https:\/\/www.greenpeace.ch\/de\/wp-json\/wp\/v2\/categories?post=91816"},{"taxonomy":"post_tag","embeddable":true,"href":"https:\/\/www.greenpeace.ch\/de\/wp-json\/wp\/v2\/tags?post=91816"},{"taxonomy":"p4-page-type","embeddable":true,"href":"https:\/\/www.greenpeace.ch\/de\/wp-json\/wp\/v2\/p4-page-type?post=91816"},{"taxonomy":"gpch-article-type","embeddable":true,"href":"https:\/\/www.greenpeace.ch\/de\/wp-json\/wp\/v2\/gpch-article-type?post=91816"}],"curies":[{"name":"wp","href":"https:\/\/api.w.org\/{rel}","templated":true}]}}