{"id":93087,"date":"2023-01-26T16:30:07","date_gmt":"2023-01-26T15:30:07","guid":{"rendered":"https:\/\/www.greenpeace.ch\/?p=93087"},"modified":"2023-02-04T13:17:04","modified_gmt":"2023-02-04T12:17:04","slug":"regenwald-spektakel","status":"publish","type":"post","link":"https:\/\/www.greenpeace.ch\/de\/story\/93087\/regenwald-spektakel\/","title":{"rendered":"Das grosse Spektakel der Regenwaldtiere"},"content":{"rendered":"\n<p>\u00abKeine W\u00e4lder, keine Zukunft\u00bb<\/p>\n\n<p>So lautet die unmissverst\u00e4ndliche Botschaft aus dem Regenwald. Mit dem atemberaubenden Spektakel machen die Tiere eindr\u00fccklich darauf aufmerksam, dass wir handeln m\u00fcssen. <a href=\"http:\/\/www.greenpeace.ch\/de\/pensionwatch\">Fordere gemeinsam mit den Tieren des Regenwalds deine Pensionskasse dazu auf, zur Klimaaktivistin zu werden.<\/a><\/p>\n\n<p>In luftiger H\u00f6he tanzen die Regenwaldtiere eine bewegende Geschichte \u00fcber die Bedeutung des Regenwaldes und seine unersetzliche Rolle f\u00fcr unseren Wohlstand und unsere Zukunft.<\/p>\n\n<p>Unz\u00e4hlige Tiere verlassen den Regenwald, weil ihre Heimat immer weiter zerst\u00f6rt wird. Die Lebensgrundlagen der Regenwaldtiere und auch der Menschen werden aufs Spiel gesetzt, um Gesch\u00e4fte mit Rinderzucht, \u00d6lpalm-, Soja- und Kaffeeplantagen, Holz und Papier, mit Eisenerz, Gold, \u00d6l und Gas zu machen. Die daf\u00fcr verantwortlichen Unternehmen erhalten finanzielle Unterst\u00fctzung auch aus der Schweiz: Pensionskassen sind <a href=\"https:\/\/www.greenpeace.ch\/de\/publikation\/88967\/bericht-pensionskassen-abholzung-klimakrise\/\">mit mindestens 60 Milliarden Franken in Unternehmen investiert<\/a>, die f\u00fcr die Abholzung von tropischen W\u00e4ldern besonders verantwortlich sind.<\/p>\n\n<p>Nun schlagen die Tiere aus dem Regenwald Alarm. Kunstvoll machte das Regenwald-Spektakel darauf aufmerksam, dass wir handeln m\u00fcssen. Gemeinsam k\u00f6nnen wir die Pensionskassen dazu auffordern, Klimaaktivistinnen zu werden.<\/p>\n\n<p><\/p>\n\n<p>Unternehmen, die unter anderem durch Investitionen unserer Pensionskassen finanziert werden, lobbyieren auf h\u00f6chster politischer Ebene gegen strengere Waldschutzgesetze, damit sie weiterhin unsere nat\u00fcrlichen Lebensgrundlagen pl\u00fcndern und daraus Profit schlagen k\u00f6nnen. Doch diese Waldzerst\u00f6rung f\u00fchrt dazu, dass indigenen V\u00f6lkern der Lebensraum gestohlen wird und unz\u00e4hlige Tier- und Pflanzenarten zur\u00fcckgedr\u00e4ngt werden und gar aussterben. Das Verschwinden der W\u00e4lder beschleunigt zudem den Klimawandel rasant: Die W\u00e4lder speichern in ihrem Holz und ihren Wurzelsystemen grosse Mengen an Kohlenstoff, der bei der Zerst\u00f6rung zus\u00e4tzlich in die Atmosph\u00e4re gelassen wird. Doppelt schlimm: Abgeholzte W\u00e4lder k\u00f6nnen keinen Kohlenstoff mehr binden und die Welt verliert ihre Kohlenstoffspeicher.<\/p>\n\n<p><strong>Es wird gar bef\u00fcrchtet, dass der Amazonas-Regenwald aus diesen Gr\u00fcnden in naher Zukunft anf\u00e4ngt, mehr CO2 auszustossen als aufzunehmen.<\/strong><\/p>\n\n<p>Um uns diese katastrophale Wirkungskette ganz vorne ins Bewusstsein zu rufen, zieht die Delegation der Regenwaldtiere alle Register: Am Samstag 4. Februar veranstalten die Tiere aus dem Regenwald (Greenpeace-Kletter-Aktivist:innen) eine atemberaubende Show an der Fassade des PROGR in Bern. An Seilen h\u00e4ngend tanzen sie in luftiger H\u00f6he und erz\u00e4hlen mit Musik und Kl\u00e4ngen begleitet eine Geschichte, die uns die Bedeutung des Regenwaldes und seine unersetzliche Rolle f\u00fcr unseren Wohlstand und unsere Zukunft sp\u00fcren l\u00e4sst.&nbsp;<\/p>\n\n<p><\/p>\n\n<figure class=\"wp-block-embed is-type-video is-provider-youtube wp-block-embed-youtube wp-embed-aspect-16-9 wp-has-aspect-ratio\"><div class=\"wp-block-embed__wrapper\">\n<lite-youtube style=\"background-image: url('https:\/\/i.ytimg.com\/vi\/fdzq6tLkOc0\/hqdefault.jpg');\" videoid=\"fdzq6tLkOc0\" params=\"rel=0&#038;enablejsapi=1&#038;origin=https%3A%2F%2Fwww.greenpeace.ch&#038;cc_load_policy=1\"><\/lite-youtube>\n<\/div><\/figure>\n","protected":false},"excerpt":{"rendered":"<p>Die Tiere des Regenwalds fordern dich auf, deiner Pensionskasse zu schreiben!<\/p>\n","protected":false},"author":112,"featured_media":93814,"comment_status":"closed","ping_status":"closed","sticky":false,"template":"","format":"standard","meta":{"_acf_changed":false,"_planet4_optimize_post_is_variant":false,"_planet4_optimize_experiment_name":"","_planet4_optimize_variant_name":"","ep_exclude_from_search":false,"p4_og_title":"","p4_og_description":"Das Regenwald-Spektakel fordert dich auf, deine Pensionskasse zu konfrontieren.","p4_og_image":"https:\/\/www.greenpeace.ch\/static\/planet4-switzerland-stateless\/2023\/01\/243c9fce-1920x1080-einladung-spektakel.png","p4_og_image_id":"93814","p4_seo_canonical_url":"","p4_campaign_name":"not set","p4_local_project":"not set","p4_basket_name":"not set","p4_department":"","footnotes":""},"categories":[2],"tags":[34,35,40,50],"p4-page-type":[75],"gpch-article-type":[],"class_list":["post-93087","post","type-post","status-publish","format-standard","has-post-thumbnail","hentry","category-klima","tag-klimagerechtigkeit","tag-nachhaltiger-finanzplatz","tag-wald","tag-klima","p4-page-type-story"],"acf":[],"_links":{"self":[{"href":"https:\/\/www.greenpeace.ch\/de\/wp-json\/wp\/v2\/posts\/93087","targetHints":{"allow":["GET"]}}],"collection":[{"href":"https:\/\/www.greenpeace.ch\/de\/wp-json\/wp\/v2\/posts"}],"about":[{"href":"https:\/\/www.greenpeace.ch\/de\/wp-json\/wp\/v2\/types\/post"}],"author":[{"embeddable":true,"href":"https:\/\/www.greenpeace.ch\/de\/wp-json\/wp\/v2\/users\/112"}],"replies":[{"embeddable":true,"href":"https:\/\/www.greenpeace.ch\/de\/wp-json\/wp\/v2\/comments?post=93087"}],"version-history":[{"count":0,"href":"https:\/\/www.greenpeace.ch\/de\/wp-json\/wp\/v2\/posts\/93087\/revisions"}],"wp:featuredmedia":[{"embeddable":true,"href":"https:\/\/www.greenpeace.ch\/de\/wp-json\/wp\/v2\/media\/93814"}],"wp:attachment":[{"href":"https:\/\/www.greenpeace.ch\/de\/wp-json\/wp\/v2\/media?parent=93087"}],"wp:term":[{"taxonomy":"category","embeddable":true,"href":"https:\/\/www.greenpeace.ch\/de\/wp-json\/wp\/v2\/categories?post=93087"},{"taxonomy":"post_tag","embeddable":true,"href":"https:\/\/www.greenpeace.ch\/de\/wp-json\/wp\/v2\/tags?post=93087"},{"taxonomy":"p4-page-type","embeddable":true,"href":"https:\/\/www.greenpeace.ch\/de\/wp-json\/wp\/v2\/p4-page-type?post=93087"},{"taxonomy":"gpch-article-type","embeddable":true,"href":"https:\/\/www.greenpeace.ch\/de\/wp-json\/wp\/v2\/gpch-article-type?post=93087"}],"curies":[{"name":"wp","href":"https:\/\/api.w.org\/{rel}","templated":true}]}}