{"id":9568,"date":"2016-08-23T00:00:00","date_gmt":"2016-08-22T22:00:00","guid":{"rendered":"https:\/\/master.greenpeace.ch\/beitrag\/9568\/150-seniorinnen-bereiten-klimaklage-vor\/"},"modified":"2019-05-30T10:05:22","modified_gmt":"2019-05-30T08:05:22","slug":"150-seniorinnen-bereiten-klimaklage-vor","status":"publish","type":"post","link":"https:\/\/www.greenpeace.ch\/de\/story\/9568\/150-seniorinnen-bereiten-klimaklage-vor\/","title":{"rendered":"150 Seniorinnen bereiten Klimaklage vor"},"content":{"rendered":"<p><strong>Die Klimaerw\u00e4rmung ist eine Gefahr f\u00fcr die Gesundheit. Besonders \u00e4ltere Frauen leiden unter den Folgen. Mit dem neu gegr\u00fcndeten Verein KlimaSeniorinnen bereiten Direktbetroffene eine Beschwerde vor, um ihre Grundrechte auf Gesundheit f\u00fcr sich und k\u00fcnftige Generationen durchzusetzen. Die Seniorinnen sind \u00fcberzeugt,\u00a0 dass die vom Bund gesetzten Klimaziele die Grundrechte nicht sch\u00fctzen und damit die Verfassung verletzen.<\/strong><\/p>\n<div class=\"post-content\">\n<div>\n<div class=\"events-box small-box left\">\u00a0<img loading=\"lazy\" decoding=\"async\" class=\"alignnone size-full wp-image-24055\" src=\"https:\/\/www.greenpeace.ch\/static\/planet4-switzerland-stateless\/2019\/05\/c178e162-c178e162-img_3581-1.jpg\" alt=\"\" width=\"800\" height=\"600\" \/><\/div>\n<div class=\"events-box small-box left\">Der Klimaexperte von Greenpeace Schweiz, Georg Klingler, an der Vereinsgr\u00fcndung im GenerationenHaus in Bern.<\/div>\n<\/div>\n<\/div>\n<p class=\"normal\">Im Berner GenerationenHaus trafen sich heute rund 35 Frauen im AHV-Alter, um den Verein KlimaSeniorInnen zu gr\u00fcnden. \u00dcber 150 KlimaSeniorinnen planen, die Bundesbeh\u00f6rden einzuklagen, weil diese den Treibhausgasausstoss bis 2020 nur um 20 Prozent reduzieren wollen. Dies gen\u00fcgt nicht, um das im CO2-Gesetz verankerte und auf internationaler Ebene anerkannte Ziel einzuhalten, den globalen Temperaturanstieg auf weniger als 2 Grad Celsius zu begrenzen.<\/p>\n<p class=\"normal\">Die aktuellen Klimapl\u00e4ne der Schweiz verfehlen das Ziel, die Bev\u00f6lkerung von katastrophalen Folgen zu bewahren. Die verantwortlichen Beh\u00f6rden und Entscheidungstr\u00e4gerInnen nehmen damit eine Verletzung der durch die Verfassung und die europ\u00e4ische Menschenrechtskonvention (EMRK) gesch\u00fctzten Grundrechte in Kauf. Mit der von Greenpeace unterst\u00fctze Klage will der Verein KlimaSeniorinnen erreichen, dass die Schweiz diese unhaltbare Situation korrigiert und ihre Schutzpflichten gegen\u00fcber der Bev\u00f6lkerung und insbesondere \u00e4lteren Frauen wahrnimmt.<\/p>\n<p class=\"normal\">Die Klimaerw\u00e4rmung verursacht vermehrt extreme Hitzewellen. A\u0308ltere Frauen sind davon sta\u0308rker betroffen als die Allgemeinheit. Die Hitze macht krank und kann vor allem f\u00fcr \u00e4ltere Menschen t\u00f6dlich sein. Sie f\u00fchrt zu Herz- und Kreislaufproblemen, im Extremfall zu Dehydrierung, Bewusstlosigkeit und Hitzschlag. Studien zum Hitzesommer 2003 zeigen, dass an den heissesten Tagen die Mortalit\u00e4t bei \u00e4lteren Frauen stark angestiegen ist.<\/p>\n<p class=\"normal\">In vielen L\u00e4ndern laufen Verfahren, mit denen auf dem Rechtsweg eine st\u00e4rkere Reduktion von Treibhausgasen verlangt wird. In Holland liegt seit 2015 ein Urteil vor, das den Staat zu wirksamerem Klimaschutz verpflichtet. In der Schweiz wird mit dem Fall juristisches Neuland betreten.<\/p>\n<p class=\"normal\">Weitere Informationen finden Sie auf: <a href=\"http:\/\/klimaseniorinnen.ch\/\">http:\/\/klimaseniorinnen.ch<\/a><\/p>\n","protected":false},"excerpt":{"rendered":"<p>Die Klimaerw\u00e4rmung ist eine Gefahr f\u00fcr die Gesundheit. Besonders \u00e4ltere Frauen leiden unter den Folgen. Mit dem neu gegr\u00fcndeten Verein KlimaSeniorinnen bereiten Direktbetroffene eine Beschwerde vor, um ihre Grundrechte auf&hellip;<\/p>\n","protected":false},"author":23,"featured_media":9571,"comment_status":"closed","ping_status":"open","sticky":false,"template":"","format":"standard","meta":{"_acf_changed":false,"_planet4_optimize_post_is_variant":false,"_planet4_optimize_experiment_name":"","_planet4_optimize_variant_name":"","ep_exclude_from_search":false,"p4_og_title":"","p4_og_description":"","p4_og_image":"","p4_og_image_id":"","p4_seo_canonical_url":"","p4_campaign_name":"","p4_local_project":"","p4_basket_name":"","p4_department":"","footnotes":""},"categories":[1],"tags":[50],"p4-page-type":[75],"gpch-article-type":[],"class_list":["post-9568","post","type-post","status-publish","format-standard","has-post-thumbnail","hentry","category-unkategorisiert","tag-klima","p4-page-type-story"],"acf":[],"_links":{"self":[{"href":"https:\/\/www.greenpeace.ch\/de\/wp-json\/wp\/v2\/posts\/9568","targetHints":{"allow":["GET"]}}],"collection":[{"href":"https:\/\/www.greenpeace.ch\/de\/wp-json\/wp\/v2\/posts"}],"about":[{"href":"https:\/\/www.greenpeace.ch\/de\/wp-json\/wp\/v2\/types\/post"}],"author":[{"embeddable":true,"href":"https:\/\/www.greenpeace.ch\/de\/wp-json\/wp\/v2\/users\/23"}],"replies":[{"embeddable":true,"href":"https:\/\/www.greenpeace.ch\/de\/wp-json\/wp\/v2\/comments?post=9568"}],"version-history":[{"count":0,"href":"https:\/\/www.greenpeace.ch\/de\/wp-json\/wp\/v2\/posts\/9568\/revisions"}],"wp:featuredmedia":[{"embeddable":true,"href":"https:\/\/www.greenpeace.ch\/de\/wp-json\/wp\/v2\/media\/9571"}],"wp:attachment":[{"href":"https:\/\/www.greenpeace.ch\/de\/wp-json\/wp\/v2\/media?parent=9568"}],"wp:term":[{"taxonomy":"category","embeddable":true,"href":"https:\/\/www.greenpeace.ch\/de\/wp-json\/wp\/v2\/categories?post=9568"},{"taxonomy":"post_tag","embeddable":true,"href":"https:\/\/www.greenpeace.ch\/de\/wp-json\/wp\/v2\/tags?post=9568"},{"taxonomy":"p4-page-type","embeddable":true,"href":"https:\/\/www.greenpeace.ch\/de\/wp-json\/wp\/v2\/p4-page-type?post=9568"},{"taxonomy":"gpch-article-type","embeddable":true,"href":"https:\/\/www.greenpeace.ch\/de\/wp-json\/wp\/v2\/gpch-article-type?post=9568"}],"curies":[{"name":"wp","href":"https:\/\/api.w.org\/{rel}","templated":true}]}}