{"id":95935,"date":"2023-03-27T08:00:00","date_gmt":"2023-03-27T06:00:00","guid":{"rendered":"https:\/\/www.greenpeace.ch\/?p=95935"},"modified":"2023-03-24T11:46:11","modified_gmt":"2023-03-24T10:46:11","slug":"kreislaufwirtschaft-17-organisationen-unterstuetzen-die-usg-revision","status":"publish","type":"post","link":"https:\/\/www.greenpeace.ch\/de\/medienmitteilung\/95935\/kreislaufwirtschaft-17-organisationen-unterstuetzen-die-usg-revision\/","title":{"rendered":"Kreislaufwirtschaft: 17 Organisationen unterst\u00fctzen die USG-Revision"},"content":{"rendered":"\n<p><em>Gemeinsame Medienmitteilung der Koalition \u00abLang leben unsere Produkte!\u00bb<\/em><\/p>\n\n<p><strong>Die Koalition <\/strong><a href=\"https:\/\/longuevieanosobjets.ch\/homepage\/\" target=\"_blank\" rel=\"noreferrer noopener\"><strong>\u00abLang leben unsere Produkte!\u00bb<\/strong><\/a><strong>, die sich f\u00fcr die Einf\u00fchrung einer ehrgeizigen Kreislaufwirtschaft in der Schweiz einsetzt, unterst\u00fctzt den aktuellen Entwurf f\u00fcr die Revision des Umweltschutzgesetzes (USG) ausdr\u00fccklich. Die Europ\u00e4ische Union hat letzte Woche neue Massnahmen ergriffen und macht vorw\u00e4rts \u2013 die Schweiz darf sich nicht abh\u00e4ngen lassen. Die 17 Mitgliedsorganisationen der Koalition empfehlen dem Nationalrat deshalb, den Text, der ihnen in den n\u00e4chsten Wochen vorgelegt werden wird, zu verabschieden und einige der darin enthaltenen Vorschl\u00e4ge verbindlich zu machen. Die USG-Revision bietet eine einzigartige Chance, die Kreislaufwirtschaft zu st\u00e4rken und so deren wirtschaftliche, \u00f6kologische und soziale Vorteile zu nutzen.<\/strong><\/p>\n\n<p>Gem\u00e4ss des k\u00fcrzlich erschienenen <a rel=\"noreferrer noopener\" href=\"https:\/\/www2.deloitte.com\/ch\/en\/pages\/risk\/articles\/circularity-gap-report-switzerland.html\" target=\"_blank\">Circularity Gap Report<\/a> ist die Schweizer Wirtschaft nur zu 6,9 Prozent kreislauff\u00e4hig. Anders gesagt: Etwas mehr als 93 Prozent der in der Schweizer Wirtschaft verbrauchten Ressourcen stammen aus neu gewonnen nat\u00fcrlichen Ressourcen. Die Revision des USG (<a rel=\"noreferrer noopener\" href=\"https:\/\/www.parlament.ch\/de\/ratsbetrieb\/suche-curia-vista\/geschaeft?AffairId=20200433\" target=\"_blank\">20.433<\/a>) ist wesentlich, um eine rechtliche Basis zu schaffen f\u00fcr die Entwicklung einer echten Kreislaufwirtschaft in der Schweiz. Eine solche muss die Verl\u00e4ngerung der Lebensdauer von Alltagsprodukten f\u00f6rdern, um Ressourcen zu schonen. Das Teilen, das Wiederverwenden, die Reparatur, die Wiederaufbereitung und, in letzter Instanz, das Recycling m\u00fcssen im Gesetz eine zentrale Position einnehmen. Der Vorentwurf, welcher die Kommission f\u00fcr Umwelt, Raumplanung und Energie (UREK-N) dem Parlament vorlegt, ist eine Chance, um in dieser Richtung voranzukommen. Diese darf nicht verpasst werden.<\/p>\n\n<h2 class=\"wp-block-heading\">Wichtige Fortschritte im Revisionsentwurf<\/h2>\n\n<p>Die Koalition \u00abLang leben unsere Produkte!\u00bb \u2013 die 17 Wirtschafts-, Umwelt- und zivilgesellschaftliche Organisationen vereint (siehe Liste unten) \u2013 begr\u00fcsst die vorgeschlagenen Fortschritte, insbesondere die Bestimmungen (Artikel 35i), die es dem Bundesrat erlauben w\u00fcrden,&nbsp;<\/p>\n\n<ul class=\"wp-block-list\">\n<li>Forderungen zu stellen an Produkte und Verpackungen, die auf den Markt kommen, in Bezug auf ihre Lebensdauer, der Verf\u00fcgbarkeit von Ersatzteilen oder ihrer Reparierbarkeit;<\/li>\n\n\n\n<li>die Zulassung von Produkten und Verpackungen an Bedingungen zu kn\u00fcpfen, die von ihrer Umweltbelastung oder der effizienten Verwendung von Ressourcen w\u00e4hrend ihres gesamten Lebenszyklus abh\u00e4ngen;&nbsp;<\/li>\n\n\n\n<li>zu verlangen, dass zuk\u00fcnftig Informationen \u00f6ffentlich zur Verf\u00fcgung gestellt werden, die es Menschen erlauben, informierte Kaufentscheidungen zu treffen, zum Beispiel in Form eines Reparierbarkeits-Index.&nbsp;<\/li>\n<\/ul>\n\n<p>Der andere wichtige Fortschritt ist die gesetzliche Verankerung der Ber\u00fccksichtigung von Umweltbelastungen w\u00e4hrend des gesamten Lebenszyklus von Produkten (Art. 10h Abs. 1). Dadurch ist endlich eine Abkehr vom Recycling als einziger L\u00f6sung m\u00f6glich.&nbsp;<\/p>\n\n<h2 class=\"wp-block-heading\"><strong>Die Schweiz hinkt hinterher und muss umso ehrgeiziger werden&nbsp;<\/strong><\/h2>\n\n<p>Die Schweiz muss ihren R\u00fcckstand in Sachen Kreislaufwirtschaft dringendst aufholen. Der Entwurf f\u00fcr die USG-Revision w\u00fcrde die ersten notwendigen Schritte erm\u00f6glichen, aber im internationalen Vergleich fehlt es an Ehrgeiz: Die EU und einige ihrer Mitgliedstaaten wie \u00d6sterreich mit dem Reparaturbonus, Frankreich mit dem Reparierbarkeits-Index oder auch die Niederlande und Finnland sind einen Schritt voraus. Dies insbesondere, weil die meisten von der UREK-N vorgeschlagenen Massnahmen nicht verbindlich sind. Damit es nicht bloss Absichtserkl\u00e4rungen bleiben, m\u00fcssen diese fakultativen Bestimmungen in obligatorische Vorgaben umgewandelt werden.<\/p>\n\n<p>Der Revisionsentwurf k\u00f6nnte verbessert werden, indem er sich verst\u00e4rkt an Beispielen aus den Nachbarl\u00e4ndern orientiert. So k\u00f6nnte er insbesondere:&nbsp;<\/p>\n\n<ul class=\"wp-block-list\">\n<li>Verk\u00e4ufer w\u00e4hrend der gesetzlichen Gew\u00e4hrleistungsfrist dazu verpflichten, eine Reparatur anzubieten, sofern diese nicht teurer ist als ein Ersatz, wie es die Europ\u00e4ische Kommission <a href=\"https:\/\/ec.europa.eu\/commission\/presscorner\/detail\/de\/ip_23_1794\" target=\"_blank\" rel=\"noreferrer noopener\">letzte Woche beschlossen<\/a> hat;<\/li>\n\n\n\n<li>Ziele zur Reduktion des Ressourcenverbrauchs festlegen wie in <a href=\"https:\/\/www.bmk.gv.at\/themen\/klima_umwelt\/abfall\/Kreislaufwirtschaft\/strategie.html\" target=\"_blank\" rel=\"noreferrer noopener\">\u00d6sterreich<\/a>;&nbsp;<\/li>\n\n\n\n<li>Gesetze erlassen zum Umgang mit unverkauften Waren und Retouren durch die Einf\u00fchrung einer Sorgfaltspflicht der H\u00e4ndler (<em>duty of care<\/em>), wie sie in <a href=\"https:\/\/www.gesetze-im-internet.de\/krwg\/__24.html\" target=\"_blank\" rel=\"noreferrer noopener\">Deutschland<\/a> in Kraft ist;<\/li>\n\n\n\n<li>den Bundesrat damit beauftragen, durch Verpackungen verursachte Abf\u00e4lle zu beschr\u00e4nken und die Wiederverwendung im grossen Stil zu f\u00f6rdern, dies basierend auf den Vorschl\u00e4gen der <a href=\"https:\/\/environment.ec.europa.eu\/publications\/proposal-packaging-and-packaging-waste_en\" target=\"_blank\" rel=\"noreferrer noopener\">Europ\u00e4ischen Kommission<\/a>.&nbsp;<\/li>\n<\/ul>\n\n<p>W\u00e4hrend die Europ\u00e4ische Union und mehrere Nachbarl\u00e4nder \u00f6ffentliche Richtlinien f\u00fcr eine ehrgeizige Kreislaufwirtschaft verabschiedet haben, bleibt der schweizerische Entwurf auf die Verwertung von Materialien und der Energie ausgerichtet. Auf Strategien zur Reduktion von Abf\u00e4llen, zur Verl\u00e4ngerung der Lebensdauer der Produkte und auf ihre \u00f6kologische Gestaltung wird nicht gen\u00fcgend eingegangen. Deshalb bef\u00fcrworten die Mitglieder der Koalition \u00abLang leben unsere Produkte!\u00bb die Verabschiedung der USG-Revision \u2013 mit einigen Anpassungen, um deren Wirkung zu erh\u00f6hen. Diese Revision ist unerl\u00e4sslich f\u00fcr die Wirtschaftswende hin zu mehr Nachhaltigkeit.&nbsp;<\/p>\n\n<h2 class=\"wp-block-heading\">Die Koalition<\/h2>\n\n<p>Die im Oktober 2022 gegr\u00fcndete Koalition <a href=\"https:\/\/longuevieanosobjets.ch\/homepage\/\" target=\"_blank\" rel=\"noreferrer noopener\">\u00abLang leben unsere Produkte!\u00bb<\/a> setzt sich f\u00fcr eine Kreislaufwirtschaft in der Schweiz ein, die die Verschwendung von Ressourcen durch \u00d6kodesign, Reparaturen und Wiederverwendung von Produkten reduziert. Sie setzt sich aus 17 Wirtschafts-, Umwelt- und zivilgesellschaftlichen Organisationen aus der ganzen Schweiz zusammen.<\/p>\n\n<p>Die Mitgliederliste: Associazione consumatrici e consumatori della Svizzera italiana, APR\u00c8S, Circular Economy Switzerland, Der Gewerbeverein, F\u00e9d\u00e9ration romande des consommateurs, Gemeinwohl \u00d6konomie, Greenpeace Schweiz, Impact Hub, Magasins du Monde, NoOPS.ch, \u0152uvre suisse d\u2019entraide ouvri\u00e8re, Pro Natura, sanu durabilitas, swisscleantech, Travail.Suisse, Verkehrs-Club der Schweiz und WWF Schweiz.&nbsp;<\/p>\n\n<h2 class=\"wp-block-heading\">Kontakt<\/h2>\n\n<ul class=\"wp-block-list\">\n<li>F\u00e9d\u00e9ration romande des consommateurs, Sophie Michaud Gigon, <a href=\"mailto:s.michaudgigon@frc.ch\">s.michaudgigon@frc.ch<\/a> (FR\/DE)<\/li>\n\n\n\n<li>Greenpeace Schweiz, Jo\u00eblle H\u00e9rin, <a href=\"mailto:joelle.herin@greenpeace.org\">joelle.herin@greenpeace.org<\/a> (FR\/DE)<\/li>\n\n\n\n<li>sanu durabilitas, Nils Moussu, <a href=\"mailto:nils.moussu@sanudurabilitas.ch\">nils.moussu@sanudurabilitas.ch<\/a> (FR)<\/li>\n\n\n\n<li>NoOPS.ch, Thomas Putallaz, <a href=\"mailto:info@noops.ch\">info@noops.ch<\/a> (FR)<\/li>\n<\/ul>\n","protected":false},"excerpt":{"rendered":"<p>Die Koalition \u00abLang leben unsere Produkte!\u00bb, die sich f\u00fcr die Einf\u00fchrung einer ehrgeizigen Kreislaufwirtschaft in der Schweiz einsetzt, unterst\u00fctzt den aktuellen Entwurf f\u00fcr die Revision des Umweltschutzgesetzes (USG) ausdr\u00fccklich.<\/p>\n","protected":false},"author":103,"featured_media":95952,"comment_status":"closed","ping_status":"closed","sticky":false,"template":"","format":"standard","meta":{"_acf_changed":false,"_planet4_optimize_post_is_variant":false,"_planet4_optimize_experiment_name":"","_planet4_optimize_variant_name":"","ep_exclude_from_search":false,"p4_og_title":"","p4_og_description":"","p4_og_image":"","p4_og_image_id":"","p4_seo_canonical_url":"","p4_campaign_name":"","p4_local_project":"","p4_basket_name":"","p4_department":"","footnotes":""},"categories":[48,1],"tags":[37,212,217],"p4-page-type":[71],"gpch-article-type":[],"class_list":["post-95935","post","type-post","status-publish","format-standard","has-post-thumbnail","hentry","category-zero-waste","category-unkategorisiert","tag-zero-waste","tag-kreislaufwirtschaft","tag-konsum","p4-page-type-medienmitteilung"],"acf":[],"_links":{"self":[{"href":"https:\/\/www.greenpeace.ch\/de\/wp-json\/wp\/v2\/posts\/95935","targetHints":{"allow":["GET"]}}],"collection":[{"href":"https:\/\/www.greenpeace.ch\/de\/wp-json\/wp\/v2\/posts"}],"about":[{"href":"https:\/\/www.greenpeace.ch\/de\/wp-json\/wp\/v2\/types\/post"}],"author":[{"embeddable":true,"href":"https:\/\/www.greenpeace.ch\/de\/wp-json\/wp\/v2\/users\/103"}],"replies":[{"embeddable":true,"href":"https:\/\/www.greenpeace.ch\/de\/wp-json\/wp\/v2\/comments?post=95935"}],"version-history":[{"count":0,"href":"https:\/\/www.greenpeace.ch\/de\/wp-json\/wp\/v2\/posts\/95935\/revisions"}],"wp:featuredmedia":[{"embeddable":true,"href":"https:\/\/www.greenpeace.ch\/de\/wp-json\/wp\/v2\/media\/95952"}],"wp:attachment":[{"href":"https:\/\/www.greenpeace.ch\/de\/wp-json\/wp\/v2\/media?parent=95935"}],"wp:term":[{"taxonomy":"category","embeddable":true,"href":"https:\/\/www.greenpeace.ch\/de\/wp-json\/wp\/v2\/categories?post=95935"},{"taxonomy":"post_tag","embeddable":true,"href":"https:\/\/www.greenpeace.ch\/de\/wp-json\/wp\/v2\/tags?post=95935"},{"taxonomy":"p4-page-type","embeddable":true,"href":"https:\/\/www.greenpeace.ch\/de\/wp-json\/wp\/v2\/p4-page-type?post=95935"},{"taxonomy":"gpch-article-type","embeddable":true,"href":"https:\/\/www.greenpeace.ch\/de\/wp-json\/wp\/v2\/gpch-article-type?post=95935"}],"curies":[{"name":"wp","href":"https:\/\/api.w.org\/{rel}","templated":true}]}}