{"id":98590,"date":"2023-05-25T11:00:00","date_gmt":"2023-05-25T09:00:00","guid":{"rendered":"https:\/\/www.greenpeace.ch\/?p=98590"},"modified":"2023-05-25T11:00:47","modified_gmt":"2023-05-25T09:00:47","slug":"plastik-un-abkommen-muss-verwendung-und-produktion-einschraenken","status":"publish","type":"post","link":"https:\/\/www.greenpeace.ch\/de\/medienmitteilung\/98590\/plastik-un-abkommen-muss-verwendung-und-produktion-einschraenken\/","title":{"rendered":"Plastik: UN-Abkommen muss Verwendung und Produktion einschr\u00e4nken"},"content":{"rendered":"\n<p><strong>Vom 29. Mai bis 2. Juni findet in Paris die n\u00e4chste Verhandlungsrunde f\u00fcr ein globales Plastikabkommen statt. Greenpeace ruft die Mitgliedstaaten der Vereinten Nationen auf, ein ehrgeiziges Abkommen zu verhandeln, welches die Produktion und Verwendung von Plastik einschr\u00e4nkt \u2013 und letztlich das Plastikzeitalter beendet.&nbsp;<\/strong><\/p>\n\n<p>Die Plastikverschmutzung ist zu einer globalen Krise geworden. Plastik sch\u00e4digt die menschliche Gesundheit, beschleunigt soziale Ungerechtigkeit, zerst\u00f6rt die Artenvielfalt und heizt die Klimakrise an. Eine solche globale Krise erfordert eine global koordinierte L\u00f6sung, wie ein Plastikabkommen.&nbsp;<\/p>\n\n<p>N\u00e4chste Woche findet in Paris die zweite zwischenstaatliche Verhandlungsrunde (INC-2) f\u00fcr ein solches globales Plastikabkommen statt. An der Verhandlung nehmen Mitgliedstaaten der UN und nichtstaatliche Interessengruppen wie Nichtregierungsorganisationen (NGO), Wissenschaftler:innen, Gewerkschaften teil. Das Stimmrecht haben jedoch die Mitgliedstaaten.&nbsp;<\/p>\n\n<p>Gemeinsam mit mehr als 150 Organisationen und Wissenschaftler:innen hat Greenpeace Anfang Woche in einem <a rel=\"noreferrer noopener\" href=\"https:\/\/www.greenpeace.org\/international\/press-release\/59855\/un-urged-to-stop-the-fossil-fuel-industry-sabotaging-new-global-plastic-treaty\/\" target=\"_blank\">offenen Brief&nbsp;an das Umweltprogramm der Vereinten Nationen (UNEP)<\/a> dazu aufgerufen, sicherzustellen, dass das globale Plastikabkommen nicht durch die Einflussnahme der fossilen und petrochemischen Industrie gef\u00e4hrdet wird.&nbsp;<\/p>\n\n<h2 class=\"wp-block-heading\"><strong>Schweizer Delegation mit grossen Ambitionen<\/strong><\/h2>\n\n<p>Greenpeace setzt sich gemeinsam mit der Bewegung Break Free From Plastic bei den Vereinten Nationen f\u00fcr ein starkes, rechtlich verbindliches globales Plastikabkommen ein. Denn die Mitgliedstaaten zeigen sehr unterschiedliche Ambitionen: W\u00e4hrend \u00f6lproduzierende Staaten wie Saudi-Arabien Scheinl\u00f6sungen wie chemisches Recycling propagieren, setzen sich die L\u00e4nder der <a href=\"https:\/\/hactoendplasticpollution.org\/\" target=\"_blank\" rel=\"noreferrer noopener\">High Ambition Coalition<\/a> f\u00fcr eine Begrenzung der Plastikproduktion ein.&nbsp;<\/p>\n\n<p>Als Teil der High Ambition Coalition geh\u00f6rt die Schweiz zu den L\u00e4ndern, die sich f\u00fcr ein ehrgeiziges Plastikabkommen einsetzen. Jo\u00eblle H\u00e9rin, Konsum- und Kreislaufwirtschaftsexpertin bei Greenpeace Schweiz sagt: \u00abWir begr\u00fcssen die Position der Schweiz und ermutigen die delegierten Personen, einen sozial gerechten und inklusiven \u00dcbergang zu einer CO<sub>2<\/sub>-armen, abfallfreien und auf Wiederverwendung basierenden Wirtschaft sicherzustellen\u00bb.&nbsp;<\/p>\n\n<p>Ein starkes, wirksames und ehrgeiziges globales Plastikabkommen muss:<\/p>\n\n<ul class=\"wp-block-list\">\n<li>Die Plastikverschmutzung von der Produktion bis zur Entsorgung beenden, um die Umwelt und die menschliche Gesundheit zu sch\u00fctzen.<\/li>\n\n\n\n<li>Die Plastikproduktion begrenzen und schrittweise reduzieren.<\/li>\n\n\n\n<li>Einen sozial gerechten Wandel zu einer CO<sub>2<\/sub>-armen, abfallfreien und mehrwegbasierten Wirtschaft sicherstellen&nbsp;<\/li>\n\n\n\n<li>Auf den Menschenrechten und Gerechtigkeit basieren, Ungleichheiten abbauen und die menschliche Gesundheit priorisieren.<\/li>\n<\/ul>\n\n<h2 class=\"wp-block-heading\"><strong>Mehr Informationen<\/strong><\/h2>\n\n<ul class=\"wp-block-list\">\n<li><a rel=\"noreferrer noopener\" href=\"https:\/\/www.greenpeace.ch\/static\/planet4-switzerland-stateless\/2023\/05\/e623b13c-pff_-inc2-media-briefer.pdf\" target=\"_blank\"><strong>Greenpeace-Medienbriefing<\/strong><\/a> zur zweiten Verhandlungssitzung (English)<\/li>\n\n\n\n<li><a rel=\"noreferrer noopener\" href=\"https:\/\/www.greenpeace.ch\/de\/story\/65774\/sackgasse-plastik-recycling\/\" target=\"_blank\"><strong>Sackgasse Plastikrecycling: ein Positionspapier<\/strong><\/a><\/li>\n\n\n\n<li><strong>Informationen zu Medienanlass in Paris:<\/strong> Am Samstag, 27. Mai 2023, wird Greenpeace International zusammen mit dem K\u00fcnstler und Aktivisten <a href=\"https:\/\/www.vonwong.com\/\">Benjamin Von Wong<\/a>, eine 5 Meter hohe Kunstinstallation mit dem Namen <em>#PerpetualPlastic Machine<\/em> am Ufer der Seine enth\u00fcllen. Sprechen werden neben Benjamin Von Wong auch eine Greenpeace-Campaignerin aus den Philippinen und eine Aktivistin f\u00fcr Umweltgerechtigkeit, die neben einer petrochemischen Anlage lebt. Sie werden von der Schauspielerin und Aktivistin Shailene Woodley begleitet. Ebenfalls vor Ort sein wird Jo\u00eblle H\u00e9rin, Expertin f\u00fcr Konsum und Kreislaufwirtschaft bei Greenpeace Schweiz.<\/li>\n<\/ul>\n\n<h2 class=\"wp-block-heading\"><strong>Kontakt<\/strong><\/h2>\n\n<ul class=\"wp-block-list\">\n<li>Jo\u00eblle H\u00e9rin, Expertin f\u00fcr Konsum und Kreislaufwirtschaft, Greenpeace Schweiz<br>+41 79 256 32 65, <a href=\"mailto:joelle.herin@greenpeace.org\">joelle.herin@greenpeace.org<\/a><\/li>\n\n\n\n<li>Medienstelle Greenpeace Schweiz<br>+41 44 447 41 11, <a href=\"mailto:pressestelle.ch@greenpeace.org\">pressestelle.ch@greenpeace.org<\/a>&nbsp;<\/li>\n\n\n\n<li>Angelica Carballo Pago, Global Plastics Media Lead, Greenpeace USA<br>+63 917 112 4492, <a href=\"mailto:angelica.pago@greenpeace.org\">angelica.pago@greenpeace.org<\/a> (English)<\/li>\n<\/ul>\n","protected":false},"excerpt":{"rendered":"<p>Vom 29. Mai bis 2. Juni finden die zweiten Verhandlungen f\u00fcr ein globales Plastikabkommen statt. Greenpeace ruft die Mitgliedstaaten der Vereinten Nationen auf, ein ehrgeiziges Abkommen zu verhandeln, das die Produktion und Verwendung von Plastik einschr\u00e4nkt. <\/p>\n","protected":false},"author":103,"featured_media":98599,"comment_status":"closed","ping_status":"closed","sticky":false,"template":"","format":"standard","meta":{"_acf_changed":false,"_planet4_optimize_post_is_variant":false,"_planet4_optimize_experiment_name":"","_planet4_optimize_variant_name":"","ep_exclude_from_search":false,"p4_og_title":"","p4_og_description":"","p4_og_image":"","p4_og_image_id":"","p4_seo_canonical_url":"","p4_campaign_name":"","p4_local_project":"","p4_basket_name":"","p4_department":"","footnotes":""},"categories":[48,1],"tags":[37,217],"p4-page-type":[71],"gpch-article-type":[],"class_list":["post-98590","post","type-post","status-publish","format-standard","has-post-thumbnail","hentry","category-zero-waste","category-unkategorisiert","tag-zero-waste","tag-konsum","p4-page-type-medienmitteilung"],"acf":[],"_links":{"self":[{"href":"https:\/\/www.greenpeace.ch\/de\/wp-json\/wp\/v2\/posts\/98590","targetHints":{"allow":["GET"]}}],"collection":[{"href":"https:\/\/www.greenpeace.ch\/de\/wp-json\/wp\/v2\/posts"}],"about":[{"href":"https:\/\/www.greenpeace.ch\/de\/wp-json\/wp\/v2\/types\/post"}],"author":[{"embeddable":true,"href":"https:\/\/www.greenpeace.ch\/de\/wp-json\/wp\/v2\/users\/103"}],"replies":[{"embeddable":true,"href":"https:\/\/www.greenpeace.ch\/de\/wp-json\/wp\/v2\/comments?post=98590"}],"version-history":[{"count":0,"href":"https:\/\/www.greenpeace.ch\/de\/wp-json\/wp\/v2\/posts\/98590\/revisions"}],"wp:featuredmedia":[{"embeddable":true,"href":"https:\/\/www.greenpeace.ch\/de\/wp-json\/wp\/v2\/media\/98599"}],"wp:attachment":[{"href":"https:\/\/www.greenpeace.ch\/de\/wp-json\/wp\/v2\/media?parent=98590"}],"wp:term":[{"taxonomy":"category","embeddable":true,"href":"https:\/\/www.greenpeace.ch\/de\/wp-json\/wp\/v2\/categories?post=98590"},{"taxonomy":"post_tag","embeddable":true,"href":"https:\/\/www.greenpeace.ch\/de\/wp-json\/wp\/v2\/tags?post=98590"},{"taxonomy":"p4-page-type","embeddable":true,"href":"https:\/\/www.greenpeace.ch\/de\/wp-json\/wp\/v2\/p4-page-type?post=98590"},{"taxonomy":"gpch-article-type","embeddable":true,"href":"https:\/\/www.greenpeace.ch\/de\/wp-json\/wp\/v2\/gpch-article-type?post=98590"}],"curies":[{"name":"wp","href":"https:\/\/api.w.org\/{rel}","templated":true}]}}