{"id":98964,"date":"2023-06-02T19:46:25","date_gmt":"2023-06-02T17:46:25","guid":{"rendered":"https:\/\/www.greenpeace.ch\/?p=98964"},"modified":"2023-06-02T19:46:28","modified_gmt":"2023-06-02T17:46:28","slug":"un-abkommen-muss-plastikproduktion-reduzieren-oder-es-wird-scheitern","status":"publish","type":"post","link":"https:\/\/www.greenpeace.ch\/de\/medienmitteilung\/98964\/un-abkommen-muss-plastikproduktion-reduzieren-oder-es-wird-scheitern\/","title":{"rendered":"UN-Abkommen muss Plastikproduktion reduzieren &#8211; oder es wird scheitern"},"content":{"rendered":"\n<p><strong>Heute endete in Paris die zweite Verhandlungsrunde der Vereinten Nationen f\u00fcr das globale Plastikabkommen. Die Verhandlungen zeigen: \u00d6lproduzierende L\u00e4nder und die Fossilindustrie wollen das Abkommen schw\u00e4chen.<\/strong><\/p>\n\n<p>Jo\u00eblle H\u00e9rin, Expertin f\u00fcr Konsum und Kreislaufwirtschaft bei Greenpeace Schweiz, sagt:&nbsp;<\/p>\n\n<p>\u00abDie Zeit dr\u00e4ngt. Die Verhandlungen haben gezeigt, dass \u00f6lproduzierende L\u00e4nder und die Fossilindustrie alles tun werden, um das Plastikabkommen zu schw\u00e4chen und den Verhandlungsprozess zu verz\u00f6gern.\u00bb<\/p>\n\n<p>\u00abEinige wichtige Diskussionen haben stattgefunden. Dennoch liegt ein gewaltiges St\u00fcck Arbeit vor uns. Plastikverschmutzung und Klimakrise sind zwei Seiten derselben Medaille. Das globale Abkommen muss die Produktion von Plastik drastisch reduzieren. Die Welt muss sich von ihrer Gier nach Plastik befreien. Schaffen wir das nicht, wird das Abkommen scheitern und das Ziel, die Klimaerhitzung unter 1,5 \u00b0Celsius zu halten, r\u00fcckt noch weiter weg.\u00bb<\/p>\n\n<h2 class=\"wp-block-heading\"><strong>Kontakt<\/strong><\/h2>\n\n<ul class=\"wp-block-list\">\n<li>Jo\u00eblle H\u00e9rin, Expertin f\u00fcr Konsum und Kreislaufwirtschaft, Greenpeace Schweiz<br>+41 79 256 32 65, <a href=\"mailto:joelle.herin@greenpeace.org\">joelle.herin@greenpeace.org<\/a><\/li>\n\n\n\n<li>Medienstelle Greenpeace Schweiz<br>+41 44 447 41 11, <a href=\"mailto:pressestelle.ch@greenpeace.org\">pressestelle.ch@greenpeace.org<\/a>&nbsp;<\/li>\n\n\n\n<li>Angelica Carballo Pago, Global Plastics Media Lead, Greenpeace USA<br>+63 917 112 4492, <a href=\"mailto:angelica.pago@greenpeace.org\">angelica.pago@greenpeace.org<\/a> (English)<\/li>\n<\/ul>\n","protected":false},"excerpt":{"rendered":"<p>Heute endete in Paris die zweite Verhandlungsrunde der Vereinten Nationen f\u00fcr das globale Plastikabkommen. Die Verhandlungen zeigen: \u00d6lproduzierende L\u00e4nder und die Fossilindustrie wollen das Abkommen schw\u00e4chen.<\/p>\n","protected":false},"author":103,"featured_media":98966,"comment_status":"closed","ping_status":"closed","sticky":false,"template":"","format":"standard","meta":{"_acf_changed":false,"_planet4_optimize_post_is_variant":false,"_planet4_optimize_experiment_name":"","_planet4_optimize_variant_name":"","ep_exclude_from_search":false,"p4_og_title":"","p4_og_description":"","p4_og_image":"","p4_og_image_id":"","p4_seo_canonical_url":"","p4_campaign_name":"","p4_local_project":"","p4_basket_name":"","p4_department":"","footnotes":""},"categories":[48,1],"tags":[37,217],"p4-page-type":[71],"gpch-article-type":[],"class_list":["post-98964","post","type-post","status-publish","format-standard","has-post-thumbnail","hentry","category-zero-waste","category-unkategorisiert","tag-zero-waste","tag-konsum","p4-page-type-medienmitteilung"],"acf":[],"_links":{"self":[{"href":"https:\/\/www.greenpeace.ch\/de\/wp-json\/wp\/v2\/posts\/98964","targetHints":{"allow":["GET"]}}],"collection":[{"href":"https:\/\/www.greenpeace.ch\/de\/wp-json\/wp\/v2\/posts"}],"about":[{"href":"https:\/\/www.greenpeace.ch\/de\/wp-json\/wp\/v2\/types\/post"}],"author":[{"embeddable":true,"href":"https:\/\/www.greenpeace.ch\/de\/wp-json\/wp\/v2\/users\/103"}],"replies":[{"embeddable":true,"href":"https:\/\/www.greenpeace.ch\/de\/wp-json\/wp\/v2\/comments?post=98964"}],"version-history":[{"count":0,"href":"https:\/\/www.greenpeace.ch\/de\/wp-json\/wp\/v2\/posts\/98964\/revisions"}],"wp:featuredmedia":[{"embeddable":true,"href":"https:\/\/www.greenpeace.ch\/de\/wp-json\/wp\/v2\/media\/98966"}],"wp:attachment":[{"href":"https:\/\/www.greenpeace.ch\/de\/wp-json\/wp\/v2\/media?parent=98964"}],"wp:term":[{"taxonomy":"category","embeddable":true,"href":"https:\/\/www.greenpeace.ch\/de\/wp-json\/wp\/v2\/categories?post=98964"},{"taxonomy":"post_tag","embeddable":true,"href":"https:\/\/www.greenpeace.ch\/de\/wp-json\/wp\/v2\/tags?post=98964"},{"taxonomy":"p4-page-type","embeddable":true,"href":"https:\/\/www.greenpeace.ch\/de\/wp-json\/wp\/v2\/p4-page-type?post=98964"},{"taxonomy":"gpch-article-type","embeddable":true,"href":"https:\/\/www.greenpeace.ch\/de\/wp-json\/wp\/v2\/gpch-article-type?post=98964"}],"curies":[{"name":"wp","href":"https:\/\/api.w.org\/{rel}","templated":true}]}}