{"id":100423,"date":"2023-07-14T07:24:00","date_gmt":"2023-07-14T05:24:00","guid":{"rendered":"https:\/\/www.greenpeace.ch\/?p=100423"},"modified":"2023-07-13T14:25:12","modified_gmt":"2023-07-13T12:25:12","slug":"incendies-foret-meurtrier-climat","status":"publish","type":"post","link":"https:\/\/www.greenpeace.ch\/fr\/story-fr\/100423\/incendies-foret-meurtrier-climat\/","title":{"rendered":"Incendies de for\u00eat meurtriers pour le climat"},"content":{"rendered":"\n<p><strong><strong>Au Canada, plusieurs centaines d&rsquo;incendies de for\u00eat ont fait rage en juin 2023. Les nuages de fum\u00e9e des incendies ont travers\u00e9 des m\u00e9tropoles am\u00e9ricaines telles que New York et Washington D.C. Le panache de fum\u00e9e \u00e9tait m\u00eame visible au-dessus de la Suisse quelques semaines apr\u00e8s le d\u00e9but des incendies. Les for\u00eats en feu ont de graves cons\u00e9quences pour la nature et les humains.<\/strong><\/strong><\/p>\n\n<p>Les incendies au Canada et dans de nombreux autres pays du monde entier mettent en lumi\u00e8re l&rsquo;ampleur de la crise climatique. Les incendies entra\u00eenent une forte pollution de l&rsquo;air par la suie et la fum\u00e9e et provoquent des maladies respiratoires. Ils d\u00e9truisent l&rsquo;habitat de nombreuses esp\u00e8ces animales et v\u00e9g\u00e9tales et menacent les vies humaines et les habitations. Les incendies ont de graves cons\u00e9quences \u00e9cologiques, notamment sur le climat.<\/p>\n\n<h2 class=\"wp-block-heading\"><strong>Les incendies provoquent des \u00e9missions massives<\/strong><\/h2>\n\n<p>Les incendies de for\u00eats, de savanes et de tourbi\u00e8res ainsi que ceux li\u00e9s \u00e0 l&rsquo;agriculture provoquent des \u00e9missions globales de CO2 de 7,3 milliards de tonnes par an. Ils lib\u00e8rent en outre de grandes quantit\u00e9s de polluants ayant un impact sur le climat, comme le m\u00e9thane et la suie, qui contribuent consid\u00e9rablement \u00e0 la crise climatique. Cette quantit\u00e9 d&rsquo;\u00e9missions est plus importante que celle \u00e9mise par le trafic routier mondial. Elle correspond \u00e0 pr\u00e8s de la moiti\u00e9 des \u00e9missions mondiales dues \u00e0 la combustion du charbon et acc\u00e9l\u00e8re le r\u00e9chauffement climatique.<\/p>\n<div data-hydrate=\"planet4-blocks\/gallery\" data-attributes=\"{&quot;attributes&quot;:{&quot;multiple_image&quot;:&quot;100189,100192&quot;,&quot;image_data&quot;:[{&quot;url&quot;:&quot;https:\\\/\\\/www.greenpeace.ch\\\/static\\\/planet4-switzerland-stateless\\\/2023\\\/07\\\/6acc60d2-gp0stuh5s_web_size.jpeg&quot;,&quot;focalPoint&quot;:{&quot;x&quot;:0.5,&quot;y&quot;:0.5},&quot;id&quot;:100189},{&quot;url&quot;:&quot;https:\\\/\\\/www.greenpeace.ch\\\/static\\\/planet4-switzerland-stateless\\\/2023\\\/07\\\/5484964e-gp0stuqt3_web_size.jpeg&quot;,&quot;focalPoint&quot;:{&quot;x&quot;:0.5,&quot;y&quot;:0.5},&quot;id&quot;:100192}],&quot;gallery_block_style&quot;:0,&quot;gallery_block_title&quot;:&quot;&quot;,&quot;gallery_block_description&quot;:&quot;&quot;,&quot;gallery_block_focus_points&quot;:&quot;&quot;,&quot;images&quot;:[{&quot;image_src&quot;:&quot;https:\\\/\\\/www.greenpeace.ch\\\/static\\\/planet4-switzerland-stateless\\\/2023\\\/07\\\/6acc60d2-gp0stuh5s_web_size.jpeg&quot;,&quot;image_srcset&quot;:&quot;https:\\\/\\\/www.greenpeace.ch\\\/static\\\/planet4-switzerland-stateless\\\/2023\\\/07\\\/6acc60d2-gp0stuh5s_web_size.jpeg 800w, https:\\\/\\\/www.greenpeace.ch\\\/static\\\/planet4-switzerland-stateless\\\/2023\\\/07\\\/6acc60d2-gp0stuh5s_web_size-300x200.jpeg 300w, https:\\\/\\\/www.greenpeace.ch\\\/static\\\/planet4-switzerland-stateless\\\/2023\\\/07\\\/6acc60d2-gp0stuh5s_web_size-768x512.jpeg 768w, https:\\\/\\\/www.greenpeace.ch\\\/static\\\/planet4-switzerland-stateless\\\/2023\\\/07\\\/6acc60d2-gp0stuh5s_web_size-510x340.jpeg 510w&quot;,&quot;image_sizes&quot;:false,&quot;alt_text&quot;:&quot;&quot;,&quot;caption&quot;:&quot;&quot;,&quot;focus_image&quot;:&quot;&quot;,&quot;credits&quot;:&quot;&quot;},{&quot;image_src&quot;:&quot;https:\\\/\\\/www.greenpeace.ch\\\/static\\\/planet4-switzerland-stateless\\\/2023\\\/07\\\/5484964e-gp0stuqt3_web_size.jpeg&quot;,&quot;image_srcset&quot;:&quot;https:\\\/\\\/www.greenpeace.ch\\\/static\\\/planet4-switzerland-stateless\\\/2023\\\/07\\\/5484964e-gp0stuqt3_web_size.jpeg 800w, https:\\\/\\\/www.greenpeace.ch\\\/static\\\/planet4-switzerland-stateless\\\/2023\\\/07\\\/5484964e-gp0stuqt3_web_size-300x200.jpeg 300w, https:\\\/\\\/www.greenpeace.ch\\\/static\\\/planet4-switzerland-stateless\\\/2023\\\/07\\\/5484964e-gp0stuqt3_web_size-768x512.jpeg 768w, https:\\\/\\\/www.greenpeace.ch\\\/static\\\/planet4-switzerland-stateless\\\/2023\\\/07\\\/5484964e-gp0stuqt3_web_size-510x340.jpeg 510w&quot;,&quot;image_sizes&quot;:false,&quot;alt_text&quot;:&quot;&quot;,&quot;caption&quot;:&quot;&quot;,&quot;focus_image&quot;:&quot;&quot;,&quot;credits&quot;:&quot;&quot;}]}}\"><section class=\"block carousel-wrap \"><div class=\"carousel slide\"><div class=\"carousel-inner\" role=\"listbox\"><\/div><\/div><\/section><\/div>\t\t\t<section\n\t\t\tclass=\"boxout  \"\n\t\t\t\n\t\t>\n\t\t\t<a\n\t\t\t\tdata-ga-category=\"Take Action Boxout\"\n\t\t\t\tdata-ga-action=\"Image\"\n\t\t\t\tdata-ga-label=\"n\/a\"\n\t\t\t\tclass=\"cover-card-overlay\"\n\t\t\t\thref=\"https:\/\/www.greenpeace.ch\/fr\/nos-forets-brulent\/\" \n\t\t\t><\/a>\n\t\t\t\t\t\t\t<img\n\t\t\t\t\t\tsrc=\"https:\/\/www.greenpeace.ch\/static\/planet4-switzerland-stateless\/2022\/07\/964293a6-header-wald-lp-1-1024x487.png\"\n\t\t\t\t\t\tsrcset=\"https:\/\/www.greenpeace.ch\/static\/planet4-switzerland-stateless\/2022\/07\/964293a6-header-wald-lp-1-300x143.png 300w, https:\/\/www.greenpeace.ch\/static\/planet4-switzerland-stateless\/2022\/07\/964293a6-header-wald-lp-1-1024x487.png 1024w, https:\/\/www.greenpeace.ch\/static\/planet4-switzerland-stateless\/2022\/07\/964293a6-header-wald-lp-1-768x366.png 768w, https:\/\/www.greenpeace.ch\/static\/planet4-switzerland-stateless\/2022\/07\/964293a6-header-wald-lp-1-510x243.png 510w, https:\/\/www.greenpeace.ch\/static\/planet4-switzerland-stateless\/2022\/07\/964293a6-header-wald-lp-1.png 1536w\"\n\t\t\t\t\t\tsizes=\"(min-width: 1000px) 358px, (min-width: 780px) 313px, 88px\"\n\t\t\t\t\t\talt=\"\" title=\"\"\n\t\t\t\t\/>\n            \t\t\t<div class=\"boxout-content\">\n\t\t\t\t\t\t\t\t\t<a\n\t\t\t\t\t\tclass=\"boxout-heading medium\"\n\t\t\t\t\t\tdata-ga-category=\"Take Action Boxout\"\n\t\t\t\t\t\tdata-ga-action=\"Title\"\n\t\t\t\t\t\tdata-ga-label=\"n\/a\"\n\t\t\t\t\t\thref=\"https:\/\/www.greenpeace.ch\/fr\/nos-forets-brulent\/\"\n\t\t\t\t\t\t\n\t\t\t\t\t>\n\t\t\t\t\t\tProt\u00e9geons nos for\u00eats !\n\t\t\t\t\t<\/a>\n\t\t\t\t\t\t\t\t\t\t\t\t\t<p class=\"boxout-excerpt\">Les incendies ont de graves cons\u00e9quences \u00e9cologiques, notamment sur le climat. Avec votre don, vous nous aidez \u00e0 prot\u00e9ger nos for\u00eats.<\/p>\n\t\t\t\t                                    <a\n                        class=\"btn btn-primary\"\n                        data-ga-category=\"Take Action Boxout\"\n                        data-ga-action=\"Call to Action\"\n                        data-ga-label=\"n\/a\"\n                        href=\"https:\/\/www.greenpeace.ch\/fr\/nos-forets-brulent\/\"\n                        \n                    >\n                        Faire un don\n                    <\/a>\n                \t\t\t<\/div>\n\t\t\t\t\t<\/section>\n\t\n<p>En Europe, la surface de for\u00eat qui br\u00fble chaque ann\u00e9e augmente \u00e9galement constamment. La chaleur et la s\u00e9cheresse acc\u00e9l\u00e8rent le ph\u00e9nom\u00e8ne. Ce sont surtout les for\u00eats de pins et d&rsquo;\u00e9pic\u00e9as ainsi que d&rsquo;autres plantations de conif\u00e8res, qui stockent peu d&rsquo;eau, qui sont touch\u00e9es. Les surfaces d\u00e9truites sont fortement ass\u00e9ch\u00e9es et ne peuvent plus \u00e9liminer et fixer autant de CO2 de l&rsquo;atmosph\u00e8re qu&rsquo;auparavant &#8211; ce qui acc\u00e9l\u00e8re encore plus le d\u00e9r\u00e8glement climatique.<\/p>\n\n<h2 class=\"wp-block-heading\"><strong>Des for\u00eats mixtes plut\u00f4t que des monocultures<\/strong><\/h2>\n\n<p>\u00a0La Suisse mise de plus en plus sur les for\u00eats mixtes plut\u00f4t que sur les monocultures. Cette \u00e9volution doit \u00e9galement s&rsquo;imposer dans le reste de l&rsquo;Europe : La sylviculture ne doit plus miser sur des for\u00eats de conif\u00e8res facilement inflammables comme les monocultures de pins et d&rsquo;\u00e9pic\u00e9as, mais les transformer en for\u00eats mixtes avec davantage de feuillus. Celles-ci peuvent stocker plus d&rsquo;eau, sont moins inflammables et r\u00e9sistent mieux aux s\u00e9cheresses et aux vagues de chaleur. En outre, elles offrent un habitat \u00e0 de nombreuses esp\u00e8ces animales et v\u00e9g\u00e9tales et peuvent fixer une grande quantit\u00e9 de CO2, ce qui contribue \u00e0 prot\u00e9ger le climat.<\/p>\n","protected":false},"excerpt":{"rendered":"<p>Au Canada, plusieurs centaines d&rsquo;incendies de for\u00eat ont fait rage en juin 2023. Les nuages de fum\u00e9e des incendies ont travers\u00e9 des m\u00e9tropoles am\u00e9ricaines telles que New York et Washington D.C. Le panache de fum\u00e9e \u00e9tait m\u00eame visible au-dessus de la Suisse quelques semaines apr\u00e8s le d\u00e9but des incendies. Les for\u00eats en feu ont de graves cons\u00e9quences pour la nature et les humains.<\/p>\n","protected":false},"author":89,"featured_media":100186,"comment_status":"closed","ping_status":"closed","sticky":false,"template":"","format":"standard","meta":{"_acf_changed":false,"_planet4_optimize_post_is_variant":false,"_planet4_optimize_experiment_name":"","_planet4_optimize_variant_name":"","ep_exclude_from_search":false,"p4_og_title":"","p4_og_description":"","p4_og_image":"","p4_og_image_id":"","p4_seo_canonical_url":"","p4_campaign_name":"","p4_local_project":"","p4_basket_name":"","p4_department":"","footnotes":""},"categories":[22],"tags":[66],"p4-page-type":[77],"gpch-article-type":[],"class_list":["post-100423","post","type-post","status-publish","format-standard","has-post-thumbnail","hentry","category-non-classifiee","tag-forets","p4-page-type-story-fr"],"acf":[],"_links":{"self":[{"href":"https:\/\/www.greenpeace.ch\/fr\/wp-json\/wp\/v2\/posts\/100423","targetHints":{"allow":["GET"]}}],"collection":[{"href":"https:\/\/www.greenpeace.ch\/fr\/wp-json\/wp\/v2\/posts"}],"about":[{"href":"https:\/\/www.greenpeace.ch\/fr\/wp-json\/wp\/v2\/types\/post"}],"author":[{"embeddable":true,"href":"https:\/\/www.greenpeace.ch\/fr\/wp-json\/wp\/v2\/users\/89"}],"replies":[{"embeddable":true,"href":"https:\/\/www.greenpeace.ch\/fr\/wp-json\/wp\/v2\/comments?post=100423"}],"version-history":[{"count":0,"href":"https:\/\/www.greenpeace.ch\/fr\/wp-json\/wp\/v2\/posts\/100423\/revisions"}],"wp:featuredmedia":[{"embeddable":true,"href":"https:\/\/www.greenpeace.ch\/fr\/wp-json\/wp\/v2\/media\/100186"}],"wp:attachment":[{"href":"https:\/\/www.greenpeace.ch\/fr\/wp-json\/wp\/v2\/media?parent=100423"}],"wp:term":[{"taxonomy":"category","embeddable":true,"href":"https:\/\/www.greenpeace.ch\/fr\/wp-json\/wp\/v2\/categories?post=100423"},{"taxonomy":"post_tag","embeddable":true,"href":"https:\/\/www.greenpeace.ch\/fr\/wp-json\/wp\/v2\/tags?post=100423"},{"taxonomy":"p4-page-type","embeddable":true,"href":"https:\/\/www.greenpeace.ch\/fr\/wp-json\/wp\/v2\/p4-page-type?post=100423"},{"taxonomy":"gpch-article-type","embeddable":true,"href":"https:\/\/www.greenpeace.ch\/fr\/wp-json\/wp\/v2\/gpch-article-type?post=100423"}],"curies":[{"name":"wp","href":"https:\/\/api.w.org\/{rel}","templated":true}]}}