{"id":100439,"date":"2023-07-22T07:39:00","date_gmt":"2023-07-22T05:39:00","guid":{"rendered":"https:\/\/www.greenpeace.ch\/?p=100439"},"modified":"2023-07-13T15:04:08","modified_gmt":"2023-07-13T13:04:08","slug":"7-conseils-reduire-risques","status":"publish","type":"post","link":"https:\/\/www.greenpeace.ch\/fr\/story-fr\/100439\/7-conseils-reduire-risques\/","title":{"rendered":"7 conseils pour r\u00e9duire les risques"},"content":{"rendered":"\n<p><strong><strong>Selon toute vraisemblance, les incendies de for\u00eat vont fortement augmenter dans les prochaines ann\u00e9es en raison de la crise climatique Cela concerne aussi la Suisse. Voici sept conseils pour pr\u00e9venir tous les incendies de for\u00eat.<\/strong><\/strong><\/p>\n\n<h2 class=\"wp-block-heading\"><strong><strong>Quelles sont les causes des incendies de for\u00eat ?<\/strong><\/strong><\/h2>\n\n<p>Selon les r\u00e9gions, jusqu&rsquo;\u00e0 90% des incendies de for\u00eat sont d&rsquo;origine humaine. Souvent, les feux sont allum\u00e9s de mani\u00e8re cibl\u00e9e pour transformer les for\u00eats en surfaces agricoles. C\u2019est notamment tr\u00e8s souvent le cas en Amazonie\u00a0 afin de r\u00e9cup\u00e9rer des terres de p\u00e2ture pour les bovins ou planter du soja sur de tr\u00e8s grandes surfaces. Le fait que les for\u00eats tropicales sont d\u00e9truites en Indon\u00e9sie pour produire de l\u2019huile de palme est d\u00e9j\u00e0 tr\u00e8s connu. Ce ph\u00e9nom\u00e8ne se propage depuis quelques ann\u00e9es aussi aux for\u00eats d\u2019Am\u00e9rique latine, du bassin du Congo et d\u2019Afrique occidentale.\u00a0\u00a0\u00a0<\/p>\n\n<p>En Suisse, un comportement imprudent pendant les p\u00e9riodes de s\u00e9cheresse prolong\u00e9e est souvent \u00e0 l&rsquo;origine de la naissance et de la propagation d&rsquo;incendies de for\u00eat. Les causes naturelles, comme la foudre, sont en revanche extr\u00eamement rares.<\/p>\n\n<h2 class=\"wp-block-heading\"><strong><strong>Comment pr\u00e9venir les feux de for\u00eat ?<\/strong><\/strong><\/h2>\n\n<p>Nos comportements peuvent avoir un impact direct et indirect sur les for\u00eats. Voici ce que nous pouvons faire directement pour r\u00e9duire le risque d\u2019incendies:<\/p>\n\n<ul class=\"wp-block-list\">\n<li><strong>Ne pas fumer en for\u00eat, ne pas jeter de cigarettes hors de la voiture<br><\/strong>Un m\u00e9got incandescent peut facilement provoquer un incendie, qui se propage particuli\u00e8rement vite en p\u00e9riode de s\u00e9cheresse. Il est donc recommand\u00e9 de ne pas fumer en for\u00eat. Les m\u00e9gots sont de toute fa\u00e7on \u00e0 l\u2019origine de pollutions des eaux, de l\u2019air et des sols et ne doivent jamais \u00eatre jet\u00e9s au sol.\u00a0<\/li>\n\n\n\n<li><strong>Pas de feux de camps lorsque le risque d\u2019incendie est \u00e9lev\u00e9<br><\/strong>Allumer un feu de camp et faire un barbecue est en principe autoris\u00e9 partout, sauf interdiction sp\u00e9cifique. Mais la r\u00e8gle est la suivante : sur les pelouses, n&rsquo;utiliser que des barbecues \u00e0 pieds hauts et \u00e0 une distance d&rsquo;au moins 30 cm du sol. Il faut toujours bien laisser refroidir les cendres ou les \u00e9teindre avec de l&rsquo;eau avant de les jeter. Et il ne faut jamais laisser le barbecue sans surveillance. En p\u00e9riode s\u00e8che avec risque d&rsquo;incendie de for\u00eat, le mieux est d\u2019 y renoncer compl\u00e8tement, m\u00eame si cela n&rsquo;est pas express\u00e9ment interdit. Les dispositions peuvent varier d&rsquo;un canton \u00e0 l&rsquo;autre.<\/li>\n\n\n\n<li><strong>Ne pas utiliser de bougies, de torches ou de lanternes dans la for\u00eat<br><\/strong>Les flammes ouvertes n&rsquo;ont pas leur place dans la for\u00eat. Le risque qu\u2019elles d\u00e9clenchent un incendie est tr\u00e8s \u00e9lev\u00e9.<\/li>\n\n\n\n<li><strong>Ne pas stationner sa voiture de mani\u00e8re sauvage dans la for\u00eat<br><\/strong>Les personnes arrivant en voiture doivent se garer uniquement sur les parkings officiels. Les pots d&rsquo;\u00e9chappement chauds et les pots catalytiques peuvent enflammer l&rsquo;herbe s\u00e8che et provoquer des incendies de for\u00eat. Cela vaut aussi pour les v\u00e9hicules \u00e9lectriques, notamment car les v\u00e9hicules mal gar\u00e9s peuvent aussi bloquer l\u2019acc\u00e8s des pompiers et rendre leur travail plus compliqu\u00e9 et dangereux.\u00a0<\/li>\n<\/ul>\n\n<p>Il existe de nombreuses bonnes pratiques que nous pouvons appliquer afin de r\u00e9duire indirectement le risque d\u2019incendies de for\u00eats:<\/p>\n\n<ul class=\"wp-block-list\">\n<li><strong>La sylviculture \u00e9cologique<br><\/strong>Les for\u00eats de conif\u00e8res jeunes et clairsem\u00e9es, compos\u00e9es d&rsquo;\u00e9pic\u00e9as ou de pins, sont particuli\u00e8rement expos\u00e9es aux incendies de for\u00eat. Greenpeace milite pour davantage de for\u00eats de feuillus proches de l&rsquo;\u00e9tat naturel et pour que les autorit\u00e9s , les industriels du secteur du bois et les propri\u00e9taires forestiers mettent en \u0153uvre des approches plus durables.<\/li>\n\n\n\n<li><strong>R\u00e9duire notre consommation (de viande)<br><\/strong>Dans de nombreuses r\u00e9gions du monde, les for\u00eats sont d\u00e9frich\u00e9es et incendi\u00e9es pour faire pa\u00eetre les bovins ou produire du fourrage. L\u2019\u00e9levage est la premi\u00e8re cause de d\u00e9forestation dans le monde. Ces feux deviennent rapidement incontr\u00f4lables, surtout en p\u00e9riode de s\u00e9cheresse. Dans ce domaine, nous pouvons nous-m\u00eames limiter notre consommation, mais il faut aussi des lois ad\u00e9quates. Un premier pas dans la bonne direction est la loi europ\u00e9enne pour la protection des for\u00eats, pour laquelle Greenpeace s&rsquo;est longtemps battue avec de nombreuses autres organisations et le soutien de nombreux sympathisants\u00b7es. Cette loi interdit les produits issus de la destruction des for\u00eats sur le march\u00e9 europ\u00e9en.<\/li>\n\n\n\n<li><strong>Prot\u00e9ger le climat<br><\/strong>Les s\u00e9cheresses qui touchent les for\u00eats et les prairies,\u00a0 augmentent le risque d&rsquo;incendie de for\u00eat. Parall\u00e8lement, le CO2 d\u00e9gag\u00e9 par les incendies de for\u00eat alimente \u00e0 son tour la crise climatique. Il faut donc minimiser tous les facteurs qui continuent d\u00e9r\u00e8gler le climat.<\/li>\n<\/ul>\n\t\t\t<section\n\t\t\tclass=\"boxout  \"\n\t\t\t\n\t\t>\n\t\t\t<a\n\t\t\t\tdata-ga-category=\"Take Action Boxout\"\n\t\t\t\tdata-ga-action=\"Image\"\n\t\t\t\tdata-ga-label=\"n\/a\"\n\t\t\t\tclass=\"cover-card-overlay\"\n\t\t\t\thref=\"https:\/\/www.greenpeace.ch\/fr\/nos-forets-brulent\/\" \n\t\t\t><\/a>\n\t\t\t\t\t\t\t<img\n\t\t\t\t\t\tsrc=\"https:\/\/www.greenpeace.ch\/static\/planet4-switzerland-stateless\/2022\/07\/964293a6-header-wald-lp-1-1024x487.png\"\n\t\t\t\t\t\tsrcset=\"https:\/\/www.greenpeace.ch\/static\/planet4-switzerland-stateless\/2022\/07\/964293a6-header-wald-lp-1-300x143.png 300w, https:\/\/www.greenpeace.ch\/static\/planet4-switzerland-stateless\/2022\/07\/964293a6-header-wald-lp-1-1024x487.png 1024w, https:\/\/www.greenpeace.ch\/static\/planet4-switzerland-stateless\/2022\/07\/964293a6-header-wald-lp-1-768x366.png 768w, https:\/\/www.greenpeace.ch\/static\/planet4-switzerland-stateless\/2022\/07\/964293a6-header-wald-lp-1-510x243.png 510w, https:\/\/www.greenpeace.ch\/static\/planet4-switzerland-stateless\/2022\/07\/964293a6-header-wald-lp-1.png 1536w\"\n\t\t\t\t\t\tsizes=\"(min-width: 1000px) 358px, (min-width: 780px) 313px, 88px\"\n\t\t\t\t\t\talt=\"\" title=\"\"\n\t\t\t\t\/>\n            \t\t\t<div class=\"boxout-content\">\n\t\t\t\t\t\t\t\t\t<a\n\t\t\t\t\t\tclass=\"boxout-heading medium\"\n\t\t\t\t\t\tdata-ga-category=\"Take Action Boxout\"\n\t\t\t\t\t\tdata-ga-action=\"Title\"\n\t\t\t\t\t\tdata-ga-label=\"n\/a\"\n\t\t\t\t\t\thref=\"https:\/\/www.greenpeace.ch\/fr\/nos-forets-brulent\/\"\n\t\t\t\t\t\t\n\t\t\t\t\t>\n\t\t\t\t\t\tProt\u00e9geons nos for\u00eats !\n\t\t\t\t\t<\/a>\n\t\t\t\t\t\t\t\t\t\t\t\t\t<p class=\"boxout-excerpt\">Les incendies ont de graves cons\u00e9quences \u00e9cologiques, notamment sur le climat. Avec votre don, vous nous aidez \u00e0 prot\u00e9ger nos for\u00eats.<\/p>\n\t\t\t\t                                    <a\n                        class=\"btn btn-primary\"\n                        data-ga-category=\"Take Action Boxout\"\n                        data-ga-action=\"Call to Action\"\n                        data-ga-label=\"n\/a\"\n                        href=\"https:\/\/www.greenpeace.ch\/fr\/nos-forets-brulent\/\"\n                        \n                    >\n                        Faire un don\n                    <\/a>\n                \t\t\t<\/div>\n\t\t\t\t\t<\/section>\n\t\n<h2 class=\"wp-block-heading\"><strong>Que peut-on faire contre les incendies de for\u00eat ?<\/strong><\/h2>\n\n<p>Et que faire en cas d&rsquo;incendie r\u00e9el ? Quelles sont les possibilit\u00e9s d&rsquo;\u00e9teindre un feu de for\u00eat ? Dans certains pays, Greenpeace dispose d&rsquo;\u00e9quipes d&rsquo;extinction sp\u00e9cialement form\u00e9es, par exemple en Indon\u00e9sie. En Russie, nous avions aussi de telles \u00e9quipes, mais depuis que Greenpeace Russie a \u00e9t\u00e9 jug\u00e9e ind\u00e9sirable par le gouvernement, elles ne peuvent plus op\u00e9rer. En Suisse, les pompiers sont relativement bien \u00e9quip\u00e9s. Mais comme les incendies de for\u00eat vont se multiplier et se modifier \u00e0 l&rsquo;avenir, les cantons et les administrations doivent tout faire pour mieux se pr\u00e9parer. La recherche, la formation et les \u00e9changes nationaux et internationaux jouent un r\u00f4le important \u00e0 cet \u00e9gard. En tant que particuliers, nous ne devrions pas essayer d&rsquo;\u00e9teindre nous-m\u00eames les feux de for\u00eat, mais appeler les secours lorsque nous d\u00e9couvrons un incendie et indiquer le lieu le plus pr\u00e9cis\u00e9ment possible.<\/p>\n","protected":false},"excerpt":{"rendered":"<p>Selon toute vraisemblance, les incendies de for\u00eat vont fortement augmenter dans les prochaines ann\u00e9es en raison de la crise climatique Cela concerne aussi la Suisse. Voici sept conseils pour pr\u00e9venir tous les incendies de for\u00eat.<\/p>\n","protected":false},"author":89,"featured_media":100217,"comment_status":"closed","ping_status":"closed","sticky":false,"template":"","format":"standard","meta":{"_acf_changed":false,"_planet4_optimize_post_is_variant":false,"_planet4_optimize_experiment_name":"","_planet4_optimize_variant_name":"","ep_exclude_from_search":false,"p4_og_title":"","p4_og_description":"","p4_og_image":"","p4_og_image_id":"","p4_seo_canonical_url":"","p4_campaign_name":"","p4_local_project":"","p4_basket_name":"","p4_department":"","footnotes":""},"categories":[22],"tags":[66],"p4-page-type":[77],"gpch-article-type":[],"class_list":["post-100439","post","type-post","status-publish","format-standard","has-post-thumbnail","hentry","category-non-classifiee","tag-forets","p4-page-type-story-fr"],"acf":[],"_links":{"self":[{"href":"https:\/\/www.greenpeace.ch\/fr\/wp-json\/wp\/v2\/posts\/100439","targetHints":{"allow":["GET"]}}],"collection":[{"href":"https:\/\/www.greenpeace.ch\/fr\/wp-json\/wp\/v2\/posts"}],"about":[{"href":"https:\/\/www.greenpeace.ch\/fr\/wp-json\/wp\/v2\/types\/post"}],"author":[{"embeddable":true,"href":"https:\/\/www.greenpeace.ch\/fr\/wp-json\/wp\/v2\/users\/89"}],"replies":[{"embeddable":true,"href":"https:\/\/www.greenpeace.ch\/fr\/wp-json\/wp\/v2\/comments?post=100439"}],"version-history":[{"count":0,"href":"https:\/\/www.greenpeace.ch\/fr\/wp-json\/wp\/v2\/posts\/100439\/revisions"}],"wp:featuredmedia":[{"embeddable":true,"href":"https:\/\/www.greenpeace.ch\/fr\/wp-json\/wp\/v2\/media\/100217"}],"wp:attachment":[{"href":"https:\/\/www.greenpeace.ch\/fr\/wp-json\/wp\/v2\/media?parent=100439"}],"wp:term":[{"taxonomy":"category","embeddable":true,"href":"https:\/\/www.greenpeace.ch\/fr\/wp-json\/wp\/v2\/categories?post=100439"},{"taxonomy":"post_tag","embeddable":true,"href":"https:\/\/www.greenpeace.ch\/fr\/wp-json\/wp\/v2\/tags?post=100439"},{"taxonomy":"p4-page-type","embeddable":true,"href":"https:\/\/www.greenpeace.ch\/fr\/wp-json\/wp\/v2\/p4-page-type?post=100439"},{"taxonomy":"gpch-article-type","embeddable":true,"href":"https:\/\/www.greenpeace.ch\/fr\/wp-json\/wp\/v2\/gpch-article-type?post=100439"}],"curies":[{"name":"wp","href":"https:\/\/api.w.org\/{rel}","templated":true}]}}