{"id":100648,"date":"2023-07-28T08:15:00","date_gmt":"2023-07-28T06:15:00","guid":{"rendered":"https:\/\/www.greenpeace.ch\/?p=100648"},"modified":"2023-07-28T10:11:17","modified_gmt":"2023-07-28T08:11:17","slug":"toujours-pas-de-moratoire-sur-lexploitation-miniere-en-eaux-profondes","status":"publish","type":"post","link":"https:\/\/www.greenpeace.ch\/fr\/communique-de-presse\/100648\/toujours-pas-de-moratoire-sur-lexploitation-miniere-en-eaux-profondes\/","title":{"rendered":"Toujours pas de moratoire sur l&rsquo;exploitation mini\u00e8re en eaux profondes"},"content":{"rendered":"\n<p><strong>Les n\u00e9gociations de l&rsquo;Autorit\u00e9 internationale des fonds marins (AIFM) s\u2019ach\u00e8vent aujourd&rsquo;hui \u00e0 Kingston en Jama\u00efque. L&rsquo;AIFM ne donne pas le feu vert \u00e0 l&rsquo;exploitation mini\u00e8re en eaux profondes mais \u00e9choue \u00e0 \u00e9liminer d\u00e9finitivement la menace qui p\u00e8se sur les grands fonds marins.<\/strong><\/p>\n\n<p>Depuis le 10 juillet, l&rsquo;Autorit\u00e9 internationale des fonds marins (AIFM) \u00e0 Kingston en Jama\u00efque&nbsp; discute de l&rsquo;exploitation mini\u00e8re en eaux profondes. Des pays comme la Norv\u00e8ge, Nauru et le Mexique ont tent\u00e9 d&rsquo;acc\u00e9l\u00e9rer l&rsquo;adoption d&rsquo;une r\u00e9glementation, le code minier, pour l&rsquo;exploitation mini\u00e8re en eaux profondes &#8211; et ainsi la rendre possible. Des pays comme la Suisse, le Br\u00e9sil, le Costa Rica, le Chili, le Vanuatu et l&rsquo;Allemagne s&rsquo;y sont clairement oppos\u00e9s. L&rsquo;ISA s&rsquo;est finalement mise d&rsquo;accord pour adopter le code minier d&rsquo;ici 2025.<\/p>\n\n<p>\u00ab\u00a0Avec cette d\u00e9cision, le danger pour les grands fonds marins n&rsquo;est pas \u00e9cart\u00e9. La porte reste grande ouverte \u00e0 la surexploitation et aux entreprises peu scrupuleuses\u00a0\u00bb, d\u00e9clare Iris Menn, biologiste marine et directrice de Greenpeace Suisse.<\/p>\n\n<p>L&rsquo;AIFM n&rsquo;a pas non plus r\u00e9ussi \u00e0 combler le vide juridique qui permettrait aux entreprises de commencer \u00e0 exploiter les eaux profondes l&rsquo;ann\u00e9e prochaine. <a href=\"https:\/\/www.greenpeace.ch\/fr\/communique-de-presse\/78947\/saccager-fonds-marins\/\">The Metals Company, soutenue par la soci\u00e9t\u00e9 suisse Allseas<\/a> dont le si\u00e8ge est \u00e0 Ch\u00e2tel-St-Denis, est l&rsquo;une de ces entreprises.<\/p>\n\n<p>Certains pays, \u00e0&nbsp; l\u2019image de la Chine, bloquent \u00e9galement les discussions sur un moratoire visant \u00e0 prot\u00e9ger les grands fonds marins. Ils font ainsi taire l&rsquo;opposition croissante \u00e0 l&rsquo;exploitation mini\u00e8re en eaux profondes, pr\u00e9cis\u00e9ment l\u00e0 o\u00f9 les dangers et les risques de cette exploitation devraient faire l&rsquo;objet de n\u00e9gociations.<\/p>\n\n<p>La prise de conscience de la menace que repr\u00e9sente l&rsquo;exploitation mini\u00e8re en eaux profondes est toujours plus grande. La <a href=\"https:\/\/www.greenpeace.org\/aotearoa\/press-release\/pressure-mounts-against-deep-sea-mining-as-more-pacific-countries-take-a-stand\/\">demande de moratoire des peuples autochtones<\/a> est largement soutenue : <a href=\"https:\/\/www.financeforbiodiversity.org\/leading-financial-institutions-call-on-governments-to-not-permit-deep-sea-mining\/\">37 institutions financi\u00e8res<\/a>, plus de <a href=\"https:\/\/seabedminingsciencestatement.org\/\">750 scientifiques<\/a> et<a href=\"https:\/\/www.theguardian.com\/environment\/2023\/jul\/11\/seafood-industry-joins-chorus-of-groups-calling-for-a-halt-to-deep-sea-mining-plans\"> l&rsquo;industrie de la p\u00eache<\/a> demandent \u00e9galement l&rsquo;arr\u00eat de l&rsquo;exploitation mini\u00e8re en eaux profondes. Lors des n\u00e9gociations, plus de 20 gouvernements, dont la Suisse, se sont engag\u00e9s en faveur d&rsquo;un moratoire.&nbsp;<\/p>\n\n<p>Greenpeace estime qu&rsquo;un moratoire est indispensable pour prot\u00e9ger la destruction irr\u00e9versible de l&rsquo;un des derniers habitats quasiment intacts de la plan\u00e8te. \u00ab\u00a0Nous sommes heureux de voir que la Suisse s&rsquo;engage avec vigueur en faveur d&rsquo;un moratoire. Nous esp\u00e9rons qu&rsquo;elle poursuivra cet important travail lors des prochaines n\u00e9gociations\u00a0\u00bb, conclut Iris Menn.<\/p>\n\n<p><strong>Contacts<\/strong><\/p>\n\n<p>Iris Menn, biologiste marine, directrice de Greenpeace Suisse, +41 79 886 75 92, <a href=\"mailto:iris.menn@greenpeace.org\">iris.menn@greenpeace.org<\/a>&nbsp;<\/p>\n\n<p>Service de presse de Greenpeace Suisse, +41 78 662 07 31, <a href=\"mailto:fanny.eternod@greenpeace.org\">fanny.eternod@greenpeace.org<\/a><\/p>\n","protected":false},"excerpt":{"rendered":"<p>L&rsquo;Autorit\u00e9 internationale des fonds marins ne donne pas le feu vert \u00e0 l&rsquo;exploitation mini\u00e8re en eaux profondes mais \u00e9choue \u00e0 \u00e9liminer d\u00e9finitivement la menace qui p\u00e8se sur les grands fonds marins.<\/p>\n","protected":false},"author":103,"featured_media":100644,"comment_status":"closed","ping_status":"closed","sticky":false,"template":"","format":"standard","meta":{"_acf_changed":false,"_planet4_optimize_post_is_variant":false,"_planet4_optimize_experiment_name":"","_planet4_optimize_variant_name":"","ep_exclude_from_search":false,"p4_og_title":"","p4_og_description":"","p4_og_image":"","p4_og_image_id":"","p4_seo_canonical_url":"","p4_campaign_name":"","p4_local_project":"","p4_basket_name":"","p4_department":"","footnotes":""},"categories":[22],"tags":[56],"p4-page-type":[73],"gpch-article-type":[],"class_list":["post-100648","post","type-post","status-publish","format-standard","has-post-thumbnail","hentry","category-non-classifiee","tag-oceans","p4-page-type-communique-de-presse"],"acf":[],"_links":{"self":[{"href":"https:\/\/www.greenpeace.ch\/fr\/wp-json\/wp\/v2\/posts\/100648","targetHints":{"allow":["GET"]}}],"collection":[{"href":"https:\/\/www.greenpeace.ch\/fr\/wp-json\/wp\/v2\/posts"}],"about":[{"href":"https:\/\/www.greenpeace.ch\/fr\/wp-json\/wp\/v2\/types\/post"}],"author":[{"embeddable":true,"href":"https:\/\/www.greenpeace.ch\/fr\/wp-json\/wp\/v2\/users\/103"}],"replies":[{"embeddable":true,"href":"https:\/\/www.greenpeace.ch\/fr\/wp-json\/wp\/v2\/comments?post=100648"}],"version-history":[{"count":0,"href":"https:\/\/www.greenpeace.ch\/fr\/wp-json\/wp\/v2\/posts\/100648\/revisions"}],"wp:featuredmedia":[{"embeddable":true,"href":"https:\/\/www.greenpeace.ch\/fr\/wp-json\/wp\/v2\/media\/100644"}],"wp:attachment":[{"href":"https:\/\/www.greenpeace.ch\/fr\/wp-json\/wp\/v2\/media?parent=100648"}],"wp:term":[{"taxonomy":"category","embeddable":true,"href":"https:\/\/www.greenpeace.ch\/fr\/wp-json\/wp\/v2\/categories?post=100648"},{"taxonomy":"post_tag","embeddable":true,"href":"https:\/\/www.greenpeace.ch\/fr\/wp-json\/wp\/v2\/tags?post=100648"},{"taxonomy":"p4-page-type","embeddable":true,"href":"https:\/\/www.greenpeace.ch\/fr\/wp-json\/wp\/v2\/p4-page-type?post=100648"},{"taxonomy":"gpch-article-type","embeddable":true,"href":"https:\/\/www.greenpeace.ch\/fr\/wp-json\/wp\/v2\/gpch-article-type?post=100648"}],"curies":[{"name":"wp","href":"https:\/\/api.w.org\/{rel}","templated":true}]}}