{"id":101943,"date":"2023-09-20T09:00:00","date_gmt":"2023-09-20T07:00:00","guid":{"rendered":"https:\/\/www.greenpeace.ch\/?p=101943"},"modified":"2023-09-19T18:08:42","modified_gmt":"2023-09-19T16:08:42","slug":"nouvelles-routes-mauvais","status":"publish","type":"post","link":"https:\/\/www.greenpeace.ch\/fr\/communique-de-presse\/101943\/nouvelles-routes-mauvais\/","title":{"rendered":"Climat: construire de nouvelles routes envoie le mauvais signal"},"content":{"rendered":"\n<p><strong>Depuis 1995, le r\u00e9seau autoroutier europ\u00e9en a augment\u00e9 de 30&rsquo;000 kilom\u00e8tres, alors que le nombre de lignes ferroviaires s\u2019est r\u00e9duit. C&rsquo;est ce que montre <a href=\"https:\/\/www.greenpeace.ch\/static\/planet4-switzerland-stateless\/2023\/09\/a9b5a9a0-analysis_development-of-transport-infrastructure-in-europe_2023.pdf\" target=\"_blank\" rel=\"noreferrer noopener\">une nouvelle \u00e9tude<\/a> de Greenpeace Europe centrale et orientale (Greenpeace CEE). En Suisse aussi, le cauchemar autoroutier fait son grand retour.<\/strong><\/p>\n\n<p>Une <a href=\"https:\/\/www.greenpeace.ch\/static\/planet4-switzerland-stateless\/2023\/09\/a9b5a9a0-analysis_development-of-transport-infrastructure-in-europe_2023.pdf\" target=\"_blank\" rel=\"noreferrer noopener\">nouvelle \u00e9tude<\/a> mandat\u00e9e par Greenpeace CEE montre que depuis 1995, les 27 pays de l&rsquo;Union europ\u00e9enne, ainsi que la Norv\u00e8ge, la Grande-Bretagne et la Suisse, ont d\u00e9pens\u00e9 66% de plus pour construire des routes (1545 milliards d&rsquo;euros) que pour le transport ferroviaire (931 milliards d&rsquo;euros).<\/p>\n\n<p>Les autoroutes sont en plein essor. Depuis 1995, plus de 30 000 kilom\u00e8tres de nouvelles autoroutes ont \u00e9t\u00e9 construits en Europe. Cela repr\u00e9sente une augmentation de 60 pour cent. Dans le m\u00eame temps, le r\u00e9seau ferroviaire a diminu\u00e9 de 6,5 pour cent. Pr\u00e8s de 2600 gares ont \u00e9t\u00e9 ferm\u00e9es temporairement ou d\u00e9finitivement au trafic voyageurs, dont beaucoup dans les zones rurales. Le trafic routier motoris\u00e9 est responsable de <a href=\"https:\/\/www.europarl.europa.eu\/news\/en\/headlines\/society\/20190313STO31218\/co2-emissions-from-cars-facts-and-figures-infographics\" target=\"_blank\" rel=\"noreferrer noopener\">72 % des \u00e9missions nuisibles au climat du secteur de la mobilit\u00e9 en Europe<\/a>. Le transport ferroviaire ne g\u00e9n\u00e8re que 0,4 % de ces \u00e9missions.<\/p>\n\n<h3 class=\"wp-block-heading\">Des coupes claires dans les r\u00e9seaux ferroviaires<\/h3>\n\n<p>\u00ab\u00a0Au cours des trois derni\u00e8res d\u00e9cennies, les pays europ\u00e9ens ont syst\u00e9matiquement fait des coupes claires dans leurs r\u00e9seaux ferroviaires\u201d, explique Herwig Schuster, expert des questions li\u00e9es \u00e0 la mobilit\u00e9 pour la campagne europ\u00e9enne de Greenpeace \u201cMobility for All\u201d. \u201cLes cons\u00e9quences sont claires. Les \u00e9missions du trafic routier augmentent. Dans les r\u00e9gions rurales, des millions de personnes sont priv\u00e9es d\u2019acc\u00e8s aux transports publics. L&rsquo;argent doit \u00eatre investi dans le transport ferroviaire et non dans la construction de routes. Pour prot\u00e9ger le climat, il faut aussi s\u2019assurer que les titres de transports soient disponibles \u00e0 des tarifs abordables partout en Europe, y compris en Suisse.\u201d<\/p>\n\n<h3 class=\"wp-block-heading\">Un signal d\u00e9sastreux<\/h3>\n\n<p>En Suisse, les d\u00e9penses par habitant pour le rail se sont \u00e9lev\u00e9es \u00e0 6799 euros. C&rsquo;est le montant le plus \u00e9lev\u00e9 observ\u00e9 en Europe. A titre de comparaison, la France a investi 2013 euros et l&rsquo;Allemagne 1584 euros.<\/p>\n\n<p>Toutefois, la Suisse a d\u00e9pens\u00e9 davantage d&rsquo;argent pour de nouvelles routes que pour le rail. Entre 1995 et 2018, les d\u00e9penses cumul\u00e9es par habitant se sont \u00e9lev\u00e9es \u00e0 8560 euros par habitants. Ce sont les deuxi\u00e8mes d\u00e9penses les plus \u00e9lev\u00e9es en Europe. Seule la Norv\u00e8ge les a d\u00e9pass\u00e9es, avec 9267 euros. A titre de comparaison, les d\u00e9penses \u00e9taient de 3337 euros en Allemagne et de 4304 euros en France. Depuis 1995, <a href=\"https:\/\/www.bfs.admin.ch\/bfs\/fr\/home\/statistiques\/mobilite-transports\/infrastructures-transport-vehicules\/longueur-reseaux.html\" target=\"_blank\" rel=\"noreferrer noopener\">347 kilom\u00e8tres de nouvelles autoroutes (4 voies et plus) ont \u00e9t\u00e9 construits en Suisse<\/a>, soit une augmentation de 29 pour cent.<\/p>\n\n<p>Si l&rsquo;on en croit la volont\u00e9 affich\u00e9e au Conseil national, cette tendance va malheureusement se prolonger en Suisse. La chambre basse a r\u00e9cemment approuv\u00e9 l&rsquo;\u00e9largissement de l&rsquo;A1 entre Berne-Zurich et Lausanne-Gen\u00e8ve \u00e0 \u00ab\u00a0au moins six voies\u00a0\u00bb, conform\u00e9ment aux souhaits du ministre des transports Albert R\u00f6sti. En mai d\u00e9j\u00e0, le Conseil national avait approuv\u00e9 5,3 milliards de francs pour de nouvelles autoroutes. \u00ab\u00a0Les nouvelles routes sont un mauvais signal\u201d d\u00e9clare Georg Klingler, expert climat et \u00e9nergie pour Greenpeace Suisse. \u201cLes transports publics consomment nettement moins de ressources\u00a0\u00bb.<\/p>\n\n<h6 class=\"wp-block-heading\">Note<br>(1) Les donn\u00e9es proviennent principalement de sources publiques, dont Eurostat, l&rsquo;ITF-OCDE, la Banque mondiale et le Statistical Pocketbook de la Commission europ\u00e9enne, ainsi que d&rsquo;entreprises ferroviaires. L&rsquo;\u00e9tude tient toujours compte des derni\u00e8res donn\u00e9es disponibles, qui permettent une comparaison europ\u00e9enne. Les donn\u00e9es actuelles sur les investissements (en euros) dans les infrastructures de transport sont presque toujours disponibles jusqu&rsquo;en 2018 et m\u00eame jusqu&rsquo;en 2021 pour deux tiers des pays. Les donn\u00e9es relatives \u00e0 l&rsquo;extension et \u00e0 la fermeture des infrastructures de transport sont disponibles jusqu&rsquo;en 2022 pour la plupart des pays, voire jusqu&rsquo;en 2023 dans certains cas.<\/h6>\n\n<h3 class=\"wp-block-heading\">Plus d&rsquo;informations:<\/h3>\n\n<p><a rel=\"noreferrer noopener\" href=\"https:\/\/www.greenpeace.ch\/static\/planet4-switzerland-stateless\/2023\/09\/a9b5a9a0-analysis_development-of-transport-infrastructure-in-europe_2023.pdf\" target=\"_blank\"><em>Development of Transport Infrastructure in Europe : Exploring the shrinking and expansion of railways, motorways and airports<\/em><\/a>, Greenpeace CEE, septembre 2023, (anglais)<br><em><a href=\"https:\/\/www.greenpeace.ch\/static\/planet4-switzerland-stateless\/2023\/09\/03d63ec7-factsheet_key-findings-country-data_transport-infrastructure-report_september-2023.pdf\" target=\"_blank\" rel=\"noreferrer noopener\">Factsheet with key findings and Greenpeace demands<\/a><\/em>, r\u00e9sum\u00e9 par pays, Greenpeace CEE, septembre 2023, (anglais)<\/p>\n\n<h3 class=\"wp-block-heading\">Contacts:<\/h3>\n\n<p>Herwig Schuster, expert des questions li\u00e9es \u00e0 la mobilit\u00e9, campagne europ\u00e9enne \u00ab\u00a0Mobility for All\u00a0\u00bb de Greenpeace CEE, <a href=\"mailto:herwig.schuster@greenpeace.org\" target=\"_blank\" rel=\"noreferrer noopener\">herwig.schuster@greenpeace.org<\/a>, 0043 664 431 92 14<\/p>\n\n<p>Marianne L\u00e4mmel, responsable de la communication, campagne europ\u00e9enne \u00ab\u00a0Mobility for All\u00a0\u00bb de Greenpeace CEE, <a href=\"mailto:marianne.laemmel@greenpeace.org\" target=\"_blank\" rel=\"noreferrer noopener\">marianne.laemmel@greenpeace.org<\/a>, 0043 664 881 72 245<\/p>\n\n<p>Frederic Rudolph, auteur principal de l&rsquo;\u00e9tude, est disponible pour des interviews en EN et DE. Coordonn\u00e9es sur demande.<\/p>\n\n<p>Georg Klingler, expert climat et \u00e9nergie, Greenpeace Suisse, 079 785 07 38, <a href=\"mailto:georg.klingler@greenpeace.org\" target=\"_blank\" rel=\"noreferrer noopener\">georg.klingler@greenpeace.org<\/a><\/p>\n\n<p>Mathias Schlegel, porte-parole pour Greenpeace Suisse, 079 794 61 23, <a href=\"mailto:mathias.schlegel@greenpeace.org\" target=\"_blank\" rel=\"noreferrer noopener\">mathias.schlegel@greenpeace.org<\/a><\/p>\n","protected":false},"excerpt":{"rendered":"<p>Depuis 1995, le r\u00e9seau autoroutier europ\u00e9en a augment\u00e9 de 30&rsquo;000 kilom\u00e8tres, alors que le nombre de lignes ferroviaires s\u2019est r\u00e9duit. C&rsquo;est ce que montre une nouvelle \u00e9tude de Greenpeace Europe centrale et orientale (Greenpeace CEE). En Suisse aussi, le cauchemar autoroutier fait son grand retour.<\/p>\n","protected":false},"author":37,"featured_media":101900,"comment_status":"closed","ping_status":"closed","sticky":false,"template":"","format":"standard","meta":{"_acf_changed":false,"_planet4_optimize_post_is_variant":false,"_planet4_optimize_experiment_name":"","_planet4_optimize_variant_name":"","ep_exclude_from_search":false,"p4_og_title":"","p4_og_description":"","p4_og_image":"","p4_og_image_id":"","p4_seo_canonical_url":"","p4_campaign_name":"","p4_local_project":"","p4_basket_name":"","p4_department":"","footnotes":""},"categories":[22],"tags":[197,204,58],"p4-page-type":[73],"gpch-article-type":[],"class_list":["post-101943","post","type-post","status-publish","format-standard","has-post-thumbnail","hentry","category-non-classifiee","tag-energie-fr","tag-loi-co2","tag-climat","p4-page-type-communique-de-presse"],"acf":[],"_links":{"self":[{"href":"https:\/\/www.greenpeace.ch\/fr\/wp-json\/wp\/v2\/posts\/101943","targetHints":{"allow":["GET"]}}],"collection":[{"href":"https:\/\/www.greenpeace.ch\/fr\/wp-json\/wp\/v2\/posts"}],"about":[{"href":"https:\/\/www.greenpeace.ch\/fr\/wp-json\/wp\/v2\/types\/post"}],"author":[{"embeddable":true,"href":"https:\/\/www.greenpeace.ch\/fr\/wp-json\/wp\/v2\/users\/37"}],"replies":[{"embeddable":true,"href":"https:\/\/www.greenpeace.ch\/fr\/wp-json\/wp\/v2\/comments?post=101943"}],"version-history":[{"count":0,"href":"https:\/\/www.greenpeace.ch\/fr\/wp-json\/wp\/v2\/posts\/101943\/revisions"}],"wp:featuredmedia":[{"embeddable":true,"href":"https:\/\/www.greenpeace.ch\/fr\/wp-json\/wp\/v2\/media\/101900"}],"wp:attachment":[{"href":"https:\/\/www.greenpeace.ch\/fr\/wp-json\/wp\/v2\/media?parent=101943"}],"wp:term":[{"taxonomy":"category","embeddable":true,"href":"https:\/\/www.greenpeace.ch\/fr\/wp-json\/wp\/v2\/categories?post=101943"},{"taxonomy":"post_tag","embeddable":true,"href":"https:\/\/www.greenpeace.ch\/fr\/wp-json\/wp\/v2\/tags?post=101943"},{"taxonomy":"p4-page-type","embeddable":true,"href":"https:\/\/www.greenpeace.ch\/fr\/wp-json\/wp\/v2\/p4-page-type?post=101943"},{"taxonomy":"gpch-article-type","embeddable":true,"href":"https:\/\/www.greenpeace.ch\/fr\/wp-json\/wp\/v2\/gpch-article-type?post=101943"}],"curies":[{"name":"wp","href":"https:\/\/api.w.org\/{rel}","templated":true}]}}