{"id":102606,"date":"2023-09-26T15:50:33","date_gmt":"2023-09-26T13:50:33","guid":{"rendered":"https:\/\/www.greenpeace.ch\/?p=102606"},"modified":"2023-09-26T15:50:35","modified_gmt":"2023-09-26T13:50:35","slug":"developpement-renouvelables-biodiversite","status":"publish","type":"post","link":"https:\/\/www.greenpeace.ch\/fr\/communique-de-presse\/102606\/developpement-renouvelables-biodiversite\/","title":{"rendered":"\u00c9nergie: le n\u00e9cessaire d\u00e9veloppement des renouvelables se fait au d\u00e9triment de la biodiversit\u00e9"},"content":{"rendered":"\n<p><strong>Avec la fin des d\u00e9bats au Parlement au sujet de la Loi f\u00e9d\u00e9rale pour un approvisionnement en \u00e9lectricit\u00e9 s\u00fbr reposant sur des \u00e9nergies renouvelables, la Suisse dispose d\u2019un outil important pour favoriser la transition \u00e9nerg\u00e9tique et la rupture avec les \u00e9nergies fossiles et le nucl\u00e9aire. Toutefois, l\u2019affaiblissement des outils juridiques pour la protection de la biodiversit\u00e9 est inqui\u00e9tant.<\/strong><br><\/p>\n\n<p><em>Commentaire de Remco Giovanoli, responsable politique pour Greenpeace Suisse:<\/em><\/p>\n\n<p>\u201cLes d\u00e9cisions contenues dans la loi permettent de faire un pas en avant important pour adapter notre syst\u00e8me \u00e9nerg\u00e9tique face au d\u00e9fi climatique. L\u2019objectif annonc\u00e9 pour le d\u00e9veloppement des \u00e9nergies renouvelables et les mesures permettant d\u2019augmenter l\u2019efficacit\u00e9 vont favoriser l\u2019ind\u00e9pendance \u00e9nerg\u00e9tique, acc\u00e9l\u00e9rer la d\u00e9carbonation et permettre de mettre progressivement sur la touche les installations nucl\u00e9aires vieillissantes de notre pays. C\u2019est important, car notre consommation d\u2019\u00e9nergie est actuellement notre principale source d\u2019\u00e9missions de gaz \u00e0 effet de serre.\u201d<\/p>\n\n<p>\u201cIl est toutefois regrettable que ces progr\u00e8s soient r\u00e9alis\u00e9s sur le dos de la protection de la nature. La crise de la biodiversit\u00e9 doit elle aussi \u00eatre prise en consid\u00e9ration par les autorit\u00e9s politiques. Nous ne pouvons pas nous permettre de reculer davantage en ce qui concerne les lois qui prot\u00e8gent les biotopes en Suisse, car la crise climatique et celle de la biodiversit\u00e9 sont intimement li\u00e9es.\u201d<\/p>\n\n<p>\u201cIl est donc crucial que la transition \u00e9nerg\u00e9tique se fasse essentiellement par l&rsquo;installation de panneaux solaires sur les infrastructures existantes et par la ma\u00eetrise de notre consommation \u00e9nerg\u00e9tique. Ces deux outils suffisent pour mettre notre pays sur les rails pour atteindre nos objectifs climatiques.\u201d<br><\/p>\n\n<h3 class=\"wp-block-heading\">Contacts:<br><\/h3>\n\n<p>Remco Giovanoli, responsable politique, Greenpeace Suisse, +41 44 447 41 47, remco.giovanoli@greenpeace.org (r\u00e9ponse en allemand)<\/p>\n\n<p>Mathias Schlegel, porte-parole, Greenpeace Suisse, mathias.schlegel@greenpeace.org, +41 79 794 61 23<\/p>\n","protected":false},"excerpt":{"rendered":"<p>Avec la fin des d\u00e9bats au Parlement au sujet de la Loi f\u00e9d\u00e9rale pour un approvisionnement en \u00e9lectricit\u00e9 s\u00fbr reposant sur des \u00e9nergies renouvelables, la Suisse dispose d\u2019un outil important pour favoriser la transition \u00e9nerg\u00e9tique et la rupture avec les \u00e9nergies fossiles et le nucl\u00e9aire. Toutefois, l\u2019affaiblissement des outils juridiques pour la protection de la biodiversit\u00e9 est inqui\u00e9tant.<\/p>\n","protected":false},"author":37,"featured_media":85655,"comment_status":"closed","ping_status":"closed","sticky":false,"template":"","format":"standard","meta":{"_acf_changed":false,"_planet4_optimize_post_is_variant":false,"_planet4_optimize_experiment_name":"","_planet4_optimize_variant_name":"","ep_exclude_from_search":false,"p4_og_title":"","p4_og_description":"","p4_og_image":"","p4_og_image_id":"","p4_seo_canonical_url":"","p4_campaign_name":"","p4_local_project":"","p4_basket_name":"","p4_department":"","footnotes":""},"categories":[22],"tags":[58,197],"p4-page-type":[73],"gpch-article-type":[],"class_list":["post-102606","post","type-post","status-publish","format-standard","has-post-thumbnail","hentry","category-non-classifiee","tag-climat","tag-energie-fr","p4-page-type-communique-de-presse"],"acf":[],"_links":{"self":[{"href":"https:\/\/www.greenpeace.ch\/fr\/wp-json\/wp\/v2\/posts\/102606","targetHints":{"allow":["GET"]}}],"collection":[{"href":"https:\/\/www.greenpeace.ch\/fr\/wp-json\/wp\/v2\/posts"}],"about":[{"href":"https:\/\/www.greenpeace.ch\/fr\/wp-json\/wp\/v2\/types\/post"}],"author":[{"embeddable":true,"href":"https:\/\/www.greenpeace.ch\/fr\/wp-json\/wp\/v2\/users\/37"}],"replies":[{"embeddable":true,"href":"https:\/\/www.greenpeace.ch\/fr\/wp-json\/wp\/v2\/comments?post=102606"}],"version-history":[{"count":0,"href":"https:\/\/www.greenpeace.ch\/fr\/wp-json\/wp\/v2\/posts\/102606\/revisions"}],"wp:featuredmedia":[{"embeddable":true,"href":"https:\/\/www.greenpeace.ch\/fr\/wp-json\/wp\/v2\/media\/85655"}],"wp:attachment":[{"href":"https:\/\/www.greenpeace.ch\/fr\/wp-json\/wp\/v2\/media?parent=102606"}],"wp:term":[{"taxonomy":"category","embeddable":true,"href":"https:\/\/www.greenpeace.ch\/fr\/wp-json\/wp\/v2\/categories?post=102606"},{"taxonomy":"post_tag","embeddable":true,"href":"https:\/\/www.greenpeace.ch\/fr\/wp-json\/wp\/v2\/tags?post=102606"},{"taxonomy":"p4-page-type","embeddable":true,"href":"https:\/\/www.greenpeace.ch\/fr\/wp-json\/wp\/v2\/p4-page-type?post=102606"},{"taxonomy":"gpch-article-type","embeddable":true,"href":"https:\/\/www.greenpeace.ch\/fr\/wp-json\/wp\/v2\/gpch-article-type?post=102606"}],"curies":[{"name":"wp","href":"https:\/\/api.w.org\/{rel}","templated":true}]}}