{"id":103950,"date":"2023-11-14T06:00:00","date_gmt":"2023-11-14T05:00:00","guid":{"rendered":""},"modified":"2024-02-26T11:58:15","modified_gmt":"2024-02-26T10:58:15","slug":"produire-pour-detruire","status":"publish","type":"post","link":"https:\/\/www.greenpeace.ch\/fr\/story-fr\/103950\/produire-pour-detruire\/","title":{"rendered":"Produire pour la poubelle"},"content":{"rendered":"\n<p><strong><strong><strong>En Suisse, les d\u00e9taillants d\u00e9truisent de grandes quantit\u00e9s d\u2019invendus. Ils ne sont pas transparents sur le nombre de v\u00eatements, d\u2019appareils photo et autres marchandises neuves qui sont \u00e9limin\u00e9es. Les militants\u00b7es Greenpeace ont \u00e9galement enqu\u00eat\u00e9 sur la mani\u00e8re dont Digitec Galaxus d\u00e9truit des marchandises neuves. Nous demandons au commerce de d\u00e9tail de ne plus d\u00e9truire de produits neufs et de communiquer de mani\u00e8re transparente sur leur gestion des invendus. Regardez la vid\u00e9o pour en savoir plus.<\/strong><\/strong><\/strong><\/p>\n\n<h2 class=\"wp-block-heading\" id=\"video\">Le voyage du grille-pain et d\u2019autres produits renvoy\u00e9s <\/h2>\n\n<figure class=\"wp-block-embed is-type-video is-provider-youtube wp-block-embed-youtube wp-embed-aspect-16-9 wp-has-aspect-ratio\"><div class=\"wp-block-embed__wrapper\">\n<lite-youtube style=\"background-image: url('https:\/\/i.ytimg.com\/vi\/gleIYb2-oAg\/hqdefault.jpg');\" videoid=\"gleIYb2-oAg\" params=\"rel=0&#038;enablejsapi=1&#038;origin=https%3A%2F%2Fwww.greenpeace.ch&#038;cc_load_policy=1\"><\/lite-youtube>\n<\/div><\/figure>\n\n<p>Regardez la vid\u00e9o compl\u00e8te <a href=\"https:\/\/www.youtube.com\/watch?v=oAsSTihUEOk&amp;ab_channel=GreenpeaceSuisse\">ici<\/a>.<\/p>\n\n<p>Que deviennent les grille-pain, radios, cam\u00e9ras de surveillance et autres claviers renvoy\u00e9s apr\u00e8s achat? En discutant avec un collaborateur de Digitec Galaxus, un militant Greenpeace a appris que les appareils \u00e9lectroniques ou \u00e9lectriques d&rsquo;une valeur inf\u00e9rieure \u00e0 50 francs ne sont g\u00e9n\u00e9ralement pas revendus lorsqu\u2019ils sont renvoy\u00e9s par la client\u00e8le. Pour le v\u00e9rifier, les militants\u00b7es Greenpeace ont command\u00e9 25 produits de moins de 120 francs chez Digitec Galaxus. Ils ont install\u00e9 un traceur dans les produits et les ont retourn\u00e9s. Six produits, une radio, un clavier avec souris, deux grille-pain diff\u00e9rents et deux cam\u00e9ras de surveillance identiques ont atterri dans un centre de d\u00e9mant\u00e8lement peu apr\u00e8s avoir \u00e9t\u00e9 renvoy\u00e9s &#8211; o\u00f9 ils ont ensuite \u00e9t\u00e9 d\u00e9truits.<\/p>\n\n<p>Pour savoir si d&rsquo;autres d\u00e9taillants d\u00e9truisent \u00e9galement des invendus, nous avons envoy\u00e9 un questionnaire \u00e0 huit d\u00e9taillants. Nous avons donc envoy\u00e9 un questionnaire \u00e0 huit d\u00e9taillants afin de savoir ce qu&rsquo;il advient des v\u00eatements, grille-pain et claviers et autres invendus. Nous nous sommes adress\u00e9s aux trois plus grandes entreprises de fast-fashion sur le march\u00e9 suisse, \u00e0 savoir H&amp;M, Inditex (qui poss\u00e8de entre autres Zara et Massimo Dutti) et Zalando, ainsi qu\u2019Apple, Competec (brack.ch), Digitec Galaxus, Fust et Interdiscount.&nbsp;Plus d&rsquo;informations sur nos recherches <a href=\"https:\/\/www.greenpeace.ch\/fr\/publication\/103928\/destruction-de-produits-invendus-ou-retournes\">ici<\/a>.<\/p>\n\n<p>Sept des huit d\u00e9taillants ont r\u00e9pondu (partiellement) \u00e0 nos questions. Malgr\u00e9 des r\u00e9ponses lacunaires, les informations re\u00e7ues ont permis de mettre en \u00e9vidence que les d\u00e9taillants d\u00e9truisent de grandes quantit\u00e9s de produits neufs. D\u00e9truire signifie dans ce contexte diminuer fortement la valeur du produit, qu\u2019il s\u2019agisse de downcycling, recyclage, incin\u00e9ration ou mise en d\u00e9charge.&nbsp;<\/p>\n\n<p>Fust affirme par exemple que 40% de ses invendus sont confi\u00e9s \u00e0 une entreprise de recyclage. Cela repr\u00e9sente plus de 268 tonnes par an. Digitec Galaxus, Competec et Interdiscount n&rsquo;ont quant \u00e0 eux pas indiqu\u00e9 le poids des invendus, nous devons donc faire nos propres estimations, notamment plusieurs dizaines de tonnes d&rsquo;invendus d\u00e9truits par Digitec Galaxus.&nbsp;<\/p>\n\n<p>On constate \u00e9galement que comparer les entreprises n\u2019est pas simple. Certaines revendent par exemple elles-m\u00eames les produits retourn\u00e9s par les clients en tant que produits \u00ab\u00a0test\u00e9s et usag\u00e9s\u00a0\u00bb, tandis que d&rsquo;autres font appel \u00e0 des tiers.<\/p>\n\n<p>En pourcentage, tous les d\u00e9taillants interrog\u00e9s confient la plus grande partie de leurs invendus \u00e0 des tiers. Tout va donc bien ? Malheureusement pas. La majorit\u00e9 d&rsquo;entre eux ne demandent pas aux entreprises tierces de preuves de ce qu\u2019il advient des marchandises. Une mani\u00e8re de se d\u00e9charger de leur responsabilit\u00e9?<\/p>\n\n<h2 class=\"wp-block-heading\"><strong><strong>Opacit\u00e9 du c\u00f4t\u00e9 de Digitec Galaxus<\/strong><\/strong><\/h2>\n\n<p>Le plus grand commer\u00e7ant en ligne de Suisse, Digitec Galaxus, manque particuli\u00e8rement de transparence. Bien que pr\u00f4nant la transparence dans ses publicit\u00e9s, Digitec Galaxus a refus\u00e9 de r\u00e9pondre \u00e0 plusieurs questions: il n&rsquo;a communiqu\u00e9 ni le nombre d&rsquo;articles invendus, ni leur masse en kilos, ni le chiffre d&rsquo;affaires concern\u00e9. Le pourcentage d&rsquo;invendus est toutefois \u00ab\u00a0de l&rsquo;ordre du pour mille\u00a0\u00bb. De plus, pour pr\u00e8s de la moiti\u00e9 des 6,3 millions de produits vendus sur sa plateforme, Digitec Galaxus n&rsquo;a aucun contr\u00f4le sur la livraison et les retours. Ce qu&rsquo;il advient des invendus est totalement inconnu. Plus de 6&rsquo;000 personnes ont envoy\u00e9 un e-mail \u00e0 Digitec Galaxus pour leur demander d\u2019arr\u00eater de d\u00e9truire des produits neufs et de commencer \u00e0 communiquer de mani\u00e8re transparente.<\/p>\n\n<h2 class=\"wp-block-heading\"><strong><strong>Cesser la destruction de produits neufs&nbsp;<\/strong><\/strong><\/h2>\n\n<p>Il est inacceptable que les d\u00e9taillants d\u00e9truisent des produits neufs. Ils gaspillent ainsi inutilement des mati\u00e8res premi\u00e8res, les \u00e9missions ainsi que le travail n\u00e9cessaire \u00e0 la production. Nous demandons donc aux d\u00e9taillants en Suisse, et en premier lieu \u00e0 Digitec Galaxus:<\/p>\n\n<ul class=\"is-style-accent-info wp-block-list\">\n<li>d\u2019arr\u00eater de d\u00e9truire les invendus encore utilisables, que ce soit directement ou par l\u2019interm\u00e9diaire de tiers<\/li>\n\n\n\n<li>de donner priorit\u00e9 \u00e0 la r\u00e9utilisation, la r\u00e9paration, la remise \u00e0 neuf, bien avant le recyclage<\/li>\n\n\n\n<li>de communiquer de mani\u00e8re transparente sur les invendus provenant des retours et des stocks d\u2019invendus<\/li>\n\n\n\n<li>de s\u2019assurer que leurs partenaires commerciaux respectent les m\u00eames principes.<\/li>\n<\/ul>\n\n<hr class=\"wp-block-separator has-alpha-channel-opacity\"\/>\n\n<h2 class=\"wp-block-heading\">Proche de chez vous&nbsp;<\/h2>\n\n<p>D\u00e9truire des v\u00eatements, des grille-pain, des appareils photo et autres produits neufs: les b\u00e9n\u00e9voles des groupes r\u00e9gionaux Greenpeace trouvent aussi cela inacceptable et mettront en sc\u00e8ne ce scandale de mani\u00e8re cr\u00e9ative \u00e0 Zurich, B\u00e2le, Lucerne, Zoug, Coire et Lausanne. Venez vous aussi les rejoindre!<\/p>\n\t\t\t<section\n\t\t\tclass=\"boxout  \"\n\t\t\t\n\t\t>\n\t\t\t<a\n\t\t\t\tdata-ga-category=\"Take Action Boxout\"\n\t\t\t\tdata-ga-action=\"Image\"\n\t\t\t\tdata-ga-label=\"n\/a\"\n\t\t\t\tclass=\"cover-card-overlay\"\n\t\t\t\thref=\"https:\/\/greenwire.greenpeace.ch\/fr\/group\/10\/events\" target=\"_blank\"\n\t\t\t><\/a>\n\t\t\t\t\t\t\t<img\n\t\t\t\t\t\tsrc=\"https:\/\/www.greenpeace.ch\/static\/planet4-switzerland-stateless\/2023\/03\/88e0aadc-gp1styqj_web_size.jpg\"\n\t\t\t\t\t\tsrcset=\"https:\/\/www.greenpeace.ch\/static\/planet4-switzerland-stateless\/2023\/03\/88e0aadc-gp1styqj_web_size-300x198.jpg 300w, https:\/\/www.greenpeace.ch\/static\/planet4-switzerland-stateless\/2023\/03\/88e0aadc-gp1styqj_web_size-768x506.jpg 768w, https:\/\/www.greenpeace.ch\/static\/planet4-switzerland-stateless\/2023\/03\/88e0aadc-gp1styqj_web_size-510x336.jpg 510w, https:\/\/www.greenpeace.ch\/static\/planet4-switzerland-stateless\/2023\/03\/88e0aadc-gp1styqj_web_size.jpg 800w\"\n\t\t\t\t\t\tsizes=\"(min-width: 1000px) 358px, (min-width: 780px) 313px, 88px\"\n\t\t\t\t\t\talt=\"\" title=\"\"\n\t\t\t\t\/>\n            \t\t\t<div class=\"boxout-content\">\n\t\t\t\t\t\t\t\t\t<a\n\t\t\t\t\t\tclass=\"boxout-heading medium\"\n\t\t\t\t\t\tdata-ga-category=\"Take Action Boxout\"\n\t\t\t\t\t\tdata-ga-action=\"Title\"\n\t\t\t\t\t\tdata-ga-label=\"n\/a\"\n\t\t\t\t\t\thref=\"https:\/\/greenwire.greenpeace.ch\/fr\/group\/10\/events\"\n\t\t\t\t\t\ttarget=\"_blank\"\n\t\t\t\t\t>\n\t\t\t\t\t\t\u00c9v\u00e9nements des groupes r\u00e9gionaux\n\t\t\t\t\t<\/a>\n\t\t\t\t\t\t\t\t\t\t\t\t\t<p class=\"boxout-excerpt\">Rendez-vous \u00e0 Zurich, B\u00e2le, Lucerne, Zoug, Coire ou Lausanne: vous trouverez ici les dates et adresses des diff\u00e9rents \u00e9v\u00e9nements.<\/p>\n\t\t\t\t                                    <a\n                        class=\"btn btn-primary\"\n                        data-ga-category=\"Take Action Boxout\"\n                        data-ga-action=\"Call to Action\"\n                        data-ga-label=\"n\/a\"\n                        href=\"https:\/\/greenwire.greenpeace.ch\/fr\/group\/10\/events\"\n                        target=\"_blank\"\n                    >\n                        En savoir plus\n                    <\/a>\n                \t\t\t<\/div>\n\t\t\t\t\t<\/section>\n\t","protected":false},"excerpt":{"rendered":"<p>En Suisse, les d\u00e9taillants d\u00e9truisent de grandes quantit\u00e9s d\u2019invendus. Ils ne sont pas transparents sur le nombre de v\u00eatements, d\u2019appareils photo et autres marchandises neuves qui sont \u00e9limin\u00e9es. Les militants\u00b7es Greenpeace ont \u00e9galement enqu\u00eat\u00e9 sur la mani\u00e8re dont Digitec Galaxus d\u00e9truit des marchandises neuves.<\/p>\n","protected":false},"author":50,"featured_media":103897,"comment_status":"closed","ping_status":"closed","sticky":false,"template":"","format":"standard","meta":{"_acf_changed":false,"_planet4_optimize_post_is_variant":false,"_planet4_optimize_experiment_name":"","_planet4_optimize_variant_name":"","ep_exclude_from_search":false,"p4_og_title":"","p4_og_description":"","p4_og_image":"","p4_og_image_id":"","p4_seo_canonical_url":"","p4_campaign_name":"","p4_local_project":"","p4_basket_name":"","p4_department":"","footnotes":""},"categories":[149],"tags":[218],"p4-page-type":[77],"gpch-article-type":[],"class_list":["post-103950","post","type-post","status-publish","format-standard","has-post-thumbnail","hentry","category-zero-waste-fr","tag-consommation","p4-page-type-story-fr"],"acf":[],"_links":{"self":[{"href":"https:\/\/www.greenpeace.ch\/fr\/wp-json\/wp\/v2\/posts\/103950","targetHints":{"allow":["GET"]}}],"collection":[{"href":"https:\/\/www.greenpeace.ch\/fr\/wp-json\/wp\/v2\/posts"}],"about":[{"href":"https:\/\/www.greenpeace.ch\/fr\/wp-json\/wp\/v2\/types\/post"}],"author":[{"embeddable":true,"href":"https:\/\/www.greenpeace.ch\/fr\/wp-json\/wp\/v2\/users\/50"}],"replies":[{"embeddable":true,"href":"https:\/\/www.greenpeace.ch\/fr\/wp-json\/wp\/v2\/comments?post=103950"}],"version-history":[{"count":3,"href":"https:\/\/www.greenpeace.ch\/fr\/wp-json\/wp\/v2\/posts\/103950\/revisions"}],"predecessor-version":[{"id":104025,"href":"https:\/\/www.greenpeace.ch\/fr\/wp-json\/wp\/v2\/posts\/103950\/revisions\/104025"}],"wp:featuredmedia":[{"embeddable":true,"href":"https:\/\/www.greenpeace.ch\/fr\/wp-json\/wp\/v2\/media\/103897"}],"wp:attachment":[{"href":"https:\/\/www.greenpeace.ch\/fr\/wp-json\/wp\/v2\/media?parent=103950"}],"wp:term":[{"taxonomy":"category","embeddable":true,"href":"https:\/\/www.greenpeace.ch\/fr\/wp-json\/wp\/v2\/categories?post=103950"},{"taxonomy":"post_tag","embeddable":true,"href":"https:\/\/www.greenpeace.ch\/fr\/wp-json\/wp\/v2\/tags?post=103950"},{"taxonomy":"p4-page-type","embeddable":true,"href":"https:\/\/www.greenpeace.ch\/fr\/wp-json\/wp\/v2\/p4-page-type?post=103950"},{"taxonomy":"gpch-article-type","embeddable":true,"href":"https:\/\/www.greenpeace.ch\/fr\/wp-json\/wp\/v2\/gpch-article-type?post=103950"}],"curies":[{"name":"wp","href":"https:\/\/api.w.org\/{rel}","templated":true}]}}