{"id":104175,"date":"2023-11-09T18:17:10","date_gmt":"2023-11-09T17:17:10","guid":{"rendered":"https:\/\/www.greenpeace.ch\/?p=104175"},"modified":"2023-11-13T10:13:54","modified_gmt":"2023-11-13T09:13:54","slug":"eaux-profondes-moratoire","status":"publish","type":"post","link":"https:\/\/www.greenpeace.ch\/fr\/story-fr\/104175\/eaux-profondes-moratoire\/","title":{"rendered":"Exploitation mini\u00e8re en eaux profondes: un moratoire clair vaut mieux qu\u2019une r\u00e9glementation embrouill\u00e9e"},"content":{"rendered":"\n<p><strong>Ces derniers jours, les membres de l&rsquo;Autorit\u00e9 internationale des fonds marins (AIFM) se sont r\u00e9unis \u00e0 Kingston, en Jama\u00efque. Greenpeace \u00e9tait aussi sur place<\/strong>.<\/p>\n\n<p>Le pillage des oc\u00e9ans ne conna\u00eet pas de limites. Pour l&rsquo;extraction de mati\u00e8res premi\u00e8res telles que le mangan\u00e8se, le nickel et le cobalt, il est m\u00eame pr\u00e9vu de labourer le fond des oc\u00e9ans profonds. C&rsquo;est une catastrophe pour les oc\u00e9ans. Il y a quelques semaines, la Grande-Bretagne et Monaco se sont prononc\u00e9s en faveur d&rsquo;un moratoire sur l&rsquo;exploitation mini\u00e8re en eaux profondes, comme la Suisse l\u2019a fait cette ann\u00e9e.&nbsp; Au total, 23 \u00c9tats soutiennent un moratoire. Cela signifie qu&rsquo;ils ne veulent \u00e9viter le d\u00e9marrage de l&rsquo;exploitation mini\u00e8re en eaux profondes.<\/p>\n\n<p>\u00ab\u00a0Chaque nouvelle annonce de moratoire est une lueur d&rsquo;espoir pour les grands fonds marins et les oc\u00e9ans\u00a0\u00bb, d\u00e9clare Fran\u00e7ois Chartier. Il dirige la d\u00e9l\u00e9gation de Greenpeace qui a assist\u00e9 cette semaine \u00e0 la r\u00e9union de l&rsquo;AIFM en Jama\u00efque.&nbsp;<\/p>\n\n<p>Malheureusement, au lieu de n\u00e9gocier un moratoire, l&rsquo;AIFM a discut\u00e9 du \u201ccode minier, un ensemble de r\u00e9glementations cens\u00e9es encadrer cette nouvelle industrie. \u00ab\u00a0Les oc\u00e9ans ont besoin d&rsquo;un moratoire, pas de r\u00e8gles pour l&rsquo;exploitation mini\u00e8re destructrice en eaux profondes\u00a0\u00bb, d\u00e9clare Chartier.Iris Menn, biologiste marine et directrice de Greenpeace Suisse abonde \u00e9galement dans ce sens. \u00ab\u00a0L&rsquo;exploitation mini\u00e8re en eaux profondes n&rsquo;est pas une solution \u00e0 la crise climatique. La transition \u00e9nerg\u00e9tique n&rsquo;a pas besoin des m\u00e9taux des grands fonds marins\u00a0\u00bb.<\/p>\n\n<p>L&rsquo;exploitation mini\u00e8re en eaux profondes entra\u00eenerait une perte irr\u00e9versible de biodiversit\u00e9 dans les oc\u00e9ans qui sont d\u00e9j\u00e0 fortement atteints par le r\u00e9chauffement climatique, la pollution et d&rsquo;autres activit\u00e9s humaines destructrices comme la p\u00eache industrielle.<\/p>\n\t\t\t<section\n\t\t\tclass=\"boxout  \"\n\t\t\t\n\t\t>\n\t\t\t<a\n\t\t\t\tdata-ga-category=\"Take Action Boxout\"\n\t\t\t\tdata-ga-action=\"Image\"\n\t\t\t\tdata-ga-label=\"n\/a\"\n\t\t\t\tclass=\"cover-card-overlay\"\n\t\t\t\thref=\"https:\/\/www.greenpeace.ch\/fr\/agir\/protegeons-notre-planete-bleue\/\" \n\t\t\t><\/a>\n\t\t\t\t\t\t\t<img\n\t\t\t\t\t\tsrc=\"https:\/\/www.greenpeace.ch\/static\/planet4-switzerland-stateless\/2023\/09\/4928aa93-gp0stolot_medium_res_cut-1024x550.png\"\n\t\t\t\t\t\tsrcset=\"https:\/\/www.greenpeace.ch\/static\/planet4-switzerland-stateless\/2023\/09\/4928aa93-gp0stolot_medium_res_cut-300x161.png 300w, https:\/\/www.greenpeace.ch\/static\/planet4-switzerland-stateless\/2023\/09\/4928aa93-gp0stolot_medium_res_cut-1024x550.png 1024w, https:\/\/www.greenpeace.ch\/static\/planet4-switzerland-stateless\/2023\/09\/4928aa93-gp0stolot_medium_res_cut-768x412.png 768w, https:\/\/www.greenpeace.ch\/static\/planet4-switzerland-stateless\/2023\/09\/4928aa93-gp0stolot_medium_res_cut-510x274.png 510w, https:\/\/www.greenpeace.ch\/static\/planet4-switzerland-stateless\/2023\/09\/4928aa93-gp0stolot_medium_res_cut.png 1200w\"\n\t\t\t\t\t\tsizes=\"(min-width: 1000px) 358px, (min-width: 780px) 313px, 88px\"\n\t\t\t\t\t\talt=\"\" title=\"\"\n\t\t\t\t\/>\n            \t\t\t<div class=\"boxout-content\">\n\t\t\t\t\t\t\t\t\t<a\n\t\t\t\t\t\tclass=\"boxout-heading medium\"\n\t\t\t\t\t\tdata-ga-category=\"Take Action Boxout\"\n\t\t\t\t\t\tdata-ga-action=\"Title\"\n\t\t\t\t\t\tdata-ga-label=\"n\/a\"\n\t\t\t\t\t\thref=\"https:\/\/www.greenpeace.ch\/fr\/agir\/protegeons-notre-planete-bleue\/\"\n\t\t\t\t\t\t\n\t\t\t\t\t>\n\t\t\t\t\t\tProt\u00e9geons notre plan\u00e8te bleue\n\t\t\t\t\t<\/a>\n\t\t\t\t\t\t\t\t\t\t\t\t\t<p class=\"boxout-excerpt\">Demandez aux dirigeants politiques de la plan\u00e8te de cr\u00e9er des r\u00e9serves marines prot\u00e9g\u00e9es pour notre plan\u00e8te bleue.<\/p>\n\t\t\t\t                                    <a\n                        class=\"btn btn-primary\"\n                        data-ga-category=\"Take Action Boxout\"\n                        data-ga-action=\"Call to Action\"\n                        data-ga-label=\"n\/a\"\n                        href=\"https:\/\/www.greenpeace.ch\/fr\/agir\/protegeons-notre-planete-bleue\/\"\n                        \n                    >\n                        Signez la p\u00e9tition\n                    <\/a>\n                \t\t\t<\/div>\n\t\t\t\t\t<\/section>\n\t\n<h3 class=\"wp-block-heading\">Sept faits sur l&rsquo;exploitation mini\u00e8re en eaux profondes<\/h3>\n\n<ol class=\"wp-block-list\">\n<li><strong>Le moratoire gagne en permanence des soutiens.<a href=\"https:\/\/savethehighseas.org\/voices-calling-for-a-moratorium-governments-and-parliamentarians\/\" target=\"_blank\" rel=\"noreferrer noopener\"> <\/a><\/strong><a href=\"https:\/\/savethehighseas.org\/voices-calling-for-a-moratorium-governments-and-parliamentarians\/\" target=\"_blank\" rel=\"noreferrer noopener\">23 \u00c9tats membres de l&rsquo;AIFM <\/a>soutiennent un moratoire sur l&rsquo;exploitation mini\u00e8re en eaux profondes. Des \u00c9tats du Pacifique comme les Fidji et la Papouasie-Nouvelle-Guin\u00e9e font partie du <a href=\"https:\/\/savethehighseas.org\/wp-content\/uploads\/2023\/08\/UDAUNE-Declaration-on-Climate-Change_230825_173636.pdf\" target=\"_blank\" rel=\"noreferrer noopener\">Melanesian Spearhead Group<\/a>. Ils refusent d\u2019autoriser l&rsquo;exploitation mini\u00e8re en eaux profondes sur leur territoire.<\/li>\n\n\n\n<li><strong>Les dommages potentiels sont&nbsp; \u00e9normes.&nbsp;<\/strong> Le <a href=\"https:\/\/news.mongabay.com\/2023\/07\/calls-grow-to-put-the-brakes-on-deep-sea-mining-as-countries-discuss-rules\/\" target=\"_blank\" rel=\"noreferrer noopener\">Haut Commissaire des Nations unies aux droits humains<\/a>, Volker T\u00fcrk, met en garde contre les dommages environnementaux irr\u00e9versibles caus\u00e9s par cette nouvelle industrie mini\u00e8re.<\/li>\n\n\n\n<li><strong>Une menace pour les peuples autochtones.<\/strong> Un grand nombre de ces communaut\u00e9s d\u00e9pendent de la mer. <a rel=\"noreferrer noopener\" href=\"https:\/\/www.ecowatch.com\/isa-negotiations-deep-sea-mining.html\" target=\"_blank\">Beaucoup d\u2019entre elles s&rsquo;opposent \u00e0 l&rsquo;exploitation mini\u00e8re en eaux profondes<\/a> et <a href=\"https:\/\/www.isa.org.jm\/wp-content\/uploads\/2023\/10\/UCH.pdf\" target=\"_blank\" rel=\"noreferrer noopener\">ont exprim\u00e9 leur d\u00e9sapprobation&nbsp; \u00e0 l&rsquo;AIFM<\/a>.<\/li>\n\n\n\n<li><strong>Plusieurs grands groupes industriels et commerciaux rejettent cette nouvelle activit\u00e9 mini\u00e8re.<\/strong> <a rel=\"noreferrer noopener\" href=\"https:\/\/www.energystoragejournal.com\/northvolt-backs-deep-sea-mining-ban\/#:~:text=July%2027%2C%202023%3A%20Swedish%20battery%20developer%20Northvolt%20is,clearly%20demonstrated%20that%20it%20can%20be%20managed%20sustainably\u201d.\" target=\"_blank\">Le d\u00e9veloppeur su\u00e9dois de batteries Northvolt<\/a> et des entreprises comme <a rel=\"noreferrer noopener\" href=\"https:\/\/savethehighseas.org\/voices-calling-for-a-moratorium-companies\/\" target=\"_blank\">Google, BMW, Volvo, Renault et Samsung<\/a> soutiennent le moratoire. Elles ne veulent pas de min\u00e9raux issus des grands fonds marins dans leurs cha\u00eenes d&rsquo;approvisionnement.<\/li>\n\n\n\n<li><strong>Les banques h\u00e9sitent elles-aussi.<\/strong> <a href=\"https:\/\/www.financeforbiodiversity.org\/wp-content\/uploads\/Global-Financial-Institutions-Statement-to-Governments-on-Deep-Seabed-Mining_FfB-Foundation_19July2023.pdf\" target=\"_blank\" rel=\"noreferrer noopener\">37 institutions financi\u00e8res<\/a> veulent en savoir plus sur les risques induits par l&rsquo;exploitation mini\u00e8re en eaux profondes et cherchent des solutions alternatives. C\u2019est notamment le cas de la banque priv\u00e9e genevoise Pictet.&nbsp;<\/li>\n\n\n\n<li><strong>Pas besoin de d\u00e9truire les fonds marins pour la transition \u00e9nerg\u00e9tique.<\/strong> <a rel=\"noreferrer noopener\" href=\"https:\/\/easac.eu\/fileadmin\/user_upload\/EASAC_Deep_Sea_Mining_Web_publication_.pdf\" target=\"_blank\">Le conseil scientifique des acad\u00e9mies europ\u00e9ennes<\/a> affirme qu&rsquo;il est trompeur de pr\u00e9tendre que l&rsquo;exploitation mini\u00e8re en eaux profondes est indispensable \u00e0 la transition \u00e9nerg\u00e9tique. C&rsquo;est \u00e9galement ce qu&rsquo;affirme <a rel=\"noreferrer noopener\" href=\"https:\/\/www.blueclimateinitiative.org\/sites\/default\/files\/2023-10\/whitepaper.pdf\" target=\"_blank\">une \u00e9tude<\/a> de l&rsquo;organisation non gouvernementale Blue Climate Initiative.<\/li>\n\n\n\n<li><strong>R\u00e9probation de la communaut\u00e9 scientifique.<\/strong> Plus de <a href=\"https:\/\/seabedminingsciencestatement.org\/\" target=\"_blank\" rel=\"noreferrer noopener\">780 scientifiques issus de plus de 40 pays<\/a> soutiennent le moratoire.<\/li>\n<\/ol>\n\n<h3 class=\"wp-block-heading is-style-accent-1 is-style-underline\">Une autorit\u00e9 qui manque clairement d\u2019ind\u00e9pendance<\/h3>\n\n<p class=\"is-style-accent-1\">L&rsquo;<a href=\"https:\/\/www.isa.org.jm\/\" target=\"_blank\" rel=\"noreferrer noopener\">Autorit\u00e9 internationale des fonds marins (AIFM)<\/a> a \u00e9t\u00e9 cr\u00e9\u00e9e en 1994 par la<a href=\"https:\/\/www.un.org\/Depts\/los\/convention_agreements\/texts\/unclos\/unclos_e.pdf\" target=\"_blank\" rel=\"noreferrer noopener\"> Convention des Nations unies sur le droit de la mer<\/a>. Sa mission consiste \u00e0 r\u00e9glementer dans les eaux internationales les activit\u00e9s sur les fonds marins \u00ab\u00a0en tant que patrimoine commun de l&rsquo;humanit\u00e9\u00a0\u00bb. L&rsquo;AIFM a son si\u00e8ge \u00e0 Kingston, en Jama\u00efque. Elle compte 167 membres, y compris la Suisse et l&rsquo;Union Europ\u00e9enne.<\/p>\n\n<p class=\"is-style-accent-1\">Chaque fois qu&rsquo;un groupe industriel d\u00e9pose une demande d&rsquo;exploration mini\u00e8re des grands fonds marins \u00e0 des fins mini\u00e8res, l&rsquo;AIFM re\u00e7oit 500&rsquo;000 dollars am\u00e9ricains. Elle n&rsquo;a jamais refus\u00e9 une demande et ses dirigeants entretiennent des contacts \u00e9troits avec les entreprises mini\u00e8res qu&rsquo;ils sont cens\u00e9s r\u00e9guler.<\/p>\n\n<p class=\"is-style-accent-1\">La prochaine assembl\u00e9e de l&rsquo;AIFM se tiendra en juillet 2024 \u00e0 Kingston, en Jama\u00efque. Greenpeace et d&rsquo;autres organisations environnementales exigent de l\u2019AIFM qu\u2019elle d\u00e9cide un moratoire sur l&rsquo;exploitation mini\u00e8re en eaux profondes.<\/p>\n","protected":false},"excerpt":{"rendered":"<p>Ces derniers jours, les membres de l&rsquo;Autorit\u00e9 internationale des fonds marins (AIFM) se sont r\u00e9unis \u00e0 Kingston, en Jama\u00efque. Greenpeace \u00e9tait aussi sur place.<\/p>\n","protected":false},"author":37,"featured_media":100644,"comment_status":"closed","ping_status":"closed","sticky":false,"template":"","format":"standard","meta":{"_acf_changed":false,"_planet4_optimize_post_is_variant":false,"_planet4_optimize_experiment_name":"","_planet4_optimize_variant_name":"","ep_exclude_from_search":false,"p4_og_title":"","p4_og_description":"","p4_og_image":"","p4_og_image_id":"","p4_seo_canonical_url":"","p4_campaign_name":"","p4_local_project":"","p4_basket_name":"","p4_department":"","footnotes":""},"categories":[124],"tags":[56],"p4-page-type":[77],"gpch-article-type":[],"class_list":["post-104175","post","type-post","status-publish","format-standard","has-post-thumbnail","hentry","category-meer-fr","tag-oceans","p4-page-type-story-fr"],"acf":[],"_links":{"self":[{"href":"https:\/\/www.greenpeace.ch\/fr\/wp-json\/wp\/v2\/posts\/104175","targetHints":{"allow":["GET"]}}],"collection":[{"href":"https:\/\/www.greenpeace.ch\/fr\/wp-json\/wp\/v2\/posts"}],"about":[{"href":"https:\/\/www.greenpeace.ch\/fr\/wp-json\/wp\/v2\/types\/post"}],"author":[{"embeddable":true,"href":"https:\/\/www.greenpeace.ch\/fr\/wp-json\/wp\/v2\/users\/37"}],"replies":[{"embeddable":true,"href":"https:\/\/www.greenpeace.ch\/fr\/wp-json\/wp\/v2\/comments?post=104175"}],"version-history":[{"count":0,"href":"https:\/\/www.greenpeace.ch\/fr\/wp-json\/wp\/v2\/posts\/104175\/revisions"}],"wp:featuredmedia":[{"embeddable":true,"href":"https:\/\/www.greenpeace.ch\/fr\/wp-json\/wp\/v2\/media\/100644"}],"wp:attachment":[{"href":"https:\/\/www.greenpeace.ch\/fr\/wp-json\/wp\/v2\/media?parent=104175"}],"wp:term":[{"taxonomy":"category","embeddable":true,"href":"https:\/\/www.greenpeace.ch\/fr\/wp-json\/wp\/v2\/categories?post=104175"},{"taxonomy":"post_tag","embeddable":true,"href":"https:\/\/www.greenpeace.ch\/fr\/wp-json\/wp\/v2\/tags?post=104175"},{"taxonomy":"p4-page-type","embeddable":true,"href":"https:\/\/www.greenpeace.ch\/fr\/wp-json\/wp\/v2\/p4-page-type?post=104175"},{"taxonomy":"gpch-article-type","embeddable":true,"href":"https:\/\/www.greenpeace.ch\/fr\/wp-json\/wp\/v2\/gpch-article-type?post=104175"}],"curies":[{"name":"wp","href":"https:\/\/api.w.org\/{rel}","templated":true}]}}