{"id":104776,"date":"2023-12-07T15:37:53","date_gmt":"2023-12-07T14:37:53","guid":{"rendered":"https:\/\/www.greenpeace.ch\/?p=104776"},"modified":"2023-12-07T15:37:58","modified_gmt":"2023-12-07T14:37:58","slug":"economie-circulaire-un-jour-fondateur-pour-prolonger-la-duree-de-vie-des-objets","status":"publish","type":"post","link":"https:\/\/www.greenpeace.ch\/fr\/communique-de-presse\/104776\/economie-circulaire-un-jour-fondateur-pour-prolonger-la-duree-de-vie-des-objets\/","title":{"rendered":"\u00c9conomie circulaire: un jour fondateur pour prolonger la dur\u00e9e de vie des objets"},"content":{"rendered":"\n<p><strong>Apr\u00e8s le Conseil national au printemps dernier, le Conseil des \u00c9tats a adopt\u00e9 \u00e0 une tr\u00e8s large majorit\u00e9 aujourd\u2019hui la r\u00e9vision de la Loi f\u00e9d\u00e9rale sur la protection de l&rsquo;environnement. La coalition \u00ab\u00a0Longue vie \u00e0 nos objets!\u00a0\u00bb se r\u00e9jouit de cette r\u00e9vision. Elle \u00e9tablit des bases essentielles pour prolonger la dur\u00e9e de vie des produits<\/strong>. <strong>La coalition encourage le Conseil des Etats \u00e0 continuer dans cette direction, notamment lors du traitement du postulat visant \u00e0 l\u2019instauration d\u2019un bonus r\u00e9paration (23.4309).<\/strong>&nbsp;<\/p>\n\n<p>Lors de sa s\u00e9ance d&rsquo;aujourd&rsquo;hui, le Conseil des \u00c9tats a largement pl\u00e9biscit\u00e9 la <a href=\"https:\/\/www.parlament.ch\/fr\/ratsbetrieb\/suche-curia-vista\/geschaeft?AffairId=20200433\">r\u00e9vision de la Loi f\u00e9d\u00e9rale sur la protection de l&rsquo;environnement<\/a> \u00e0 37 voix contre 2. Cette r\u00e9vision vise \u00e0 renforcer l&rsquo;\u00e9conomie circulaire en Suisse. La coalition \u00ab\u00a0<a href=\"https:\/\/longuevieanosobjets.ch\/\" target=\"_blank\" rel=\"noreferrer noopener\">Longue vie \u00e0 nos objets!<\/a>\u00a0\u00bb salue la r\u00e9vision adopt\u00e9e. Le Parlement cr\u00e9e ainsi des bases essentielles pour faire progresser l&rsquo;\u00e9conomie circulaire en Suisse. Les 22 organisations de la soci\u00e9t\u00e9 civile membres de la coalition saluent en particulier le fait que la r\u00e9vision de la loi cr\u00e9e les bases pour \u00e9tablir des directives d&rsquo;\u00e9coconception pour la mise sur le march\u00e9 des produits (35i). La r\u00e9vision permet \u00e9galement l&rsquo;introduction d&rsquo;un indice de r\u00e9parabilit\u00e9 informant les consommateurs sur la facilit\u00e9 avec laquelle il est possible de r\u00e9parer un objet. Le Parlement donne \u00e9galement la priorit\u00e9 \u00e0 la r\u00e9utilisation et au recyclage par rapport \u00e0 l&rsquo;incin\u00e9ration (Art. 30d).&nbsp;<\/p>\n\n<p>Cette r\u00e9vision est tr\u00e8s positive, mais reste encore timide par rapport aux avanc\u00e9es r\u00e9centes de l\u2019Union europ\u00e9enne \u2013 on pense en particulier \u00e0 la r\u00e9gulation sur l\u2019\u00e9coconception pour des produits durables, mais aussi aux enjeux li\u00e9s au droit \u00e0 la r\u00e9paration et \u00e0 l\u2019information des consommatrices et consommateurs. Il reste donc du pain sur la planche !<\/p>\n\n<p>La coalition \u00ab\u00a0Longue vie \u00e0 nos objets!\u00a0\u00bb attend du Conseil national et du Conseil des \u00c9tats qu&rsquo;ils r\u00e8glent les derni\u00e8res diff\u00e9rences lors de cette session d&rsquo;hiver sans affaiblir la r\u00e9vision de la loi.&nbsp;<\/p>\n\n<h2 class=\"wp-block-heading\"><strong>Contacts<\/strong><\/h2>\n\n<ul class=\"wp-block-list\">\n<li>Jo\u00eblle H\u00e9rin, experte consommation et \u00e9conomie circulaire, Greenpeace Suisse, <a href=\"mailto:joelle.herin@greenpeace.org\">joelle.herin@greenpeace.org<\/a><\/li>\n\n\n\n<li>Laurianne Altwegg, responsable Environnement, Agriculture &amp; Energie, F\u00e9d\u00e9ration romande des consommateurs, <a href=\"mailto:l.altwegg@frc.ch\">l.altwegg@frc.ch<\/a> &nbsp;<\/li>\n\n\n\n<li>Nils Moussu, charg\u00e9 de programme \u00e9conomie circulaire, sanu durabilitas, <a href=\"mailto:nils.moussu@sanudurabilitas.ch\">nils.moussu@sanudurabilitas.ch<\/a> &nbsp;<\/li>\n\n\n\n<li>Thomas Putallaz, pr\u00e9sident, NoOPS.ch &#8211; No Obsolescence programm\u00e9e suisse,  <a href=\"mailto:thomas@noops.ch\">thomas@noops.ch<\/a>&nbsp;<\/li>\n\n\n\n<li>Gregory Germann, chef de projet \u00e9conomie circulaire, swisscleantech, <a href=\"mailto:gregory.germann@swisscleantech.ch\">gregory.germann@swisscleantech.ch<\/a><\/li>\n\n\n\n<li>Leo Keller, chef de projet \u00ab \u00e9conomie circulaire \u00e9cologique \u00bb, F\u00e9d\u00e9ration suisse des entreprises, <a href=\"mailto:leo.keller@dergewerbeverein.ch\">leo.keller@dergewerbeverein.ch<\/a><\/li>\n<\/ul>\n","protected":false},"excerpt":{"rendered":"<p>Apr\u00e8s le Conseil national au printemps dernier, le Conseil des \u00c9tats a adopt\u00e9 \u00e0 une tr\u00e8s large majorit\u00e9 aujourd\u2019hui la r\u00e9vision de la Loi f\u00e9d\u00e9rale sur la protection de l&rsquo;environnement. La coalition \u00ab\u00a0Longue vie \u00e0 nos objets!\u00a0\u00bb se r\u00e9jouit de cette r\u00e9vision. <\/p>\n","protected":false},"author":103,"featured_media":104777,"comment_status":"closed","ping_status":"closed","sticky":false,"template":"","format":"standard","meta":{"_acf_changed":false,"_planet4_optimize_post_is_variant":false,"_planet4_optimize_experiment_name":"","_planet4_optimize_variant_name":"","ep_exclude_from_search":false,"p4_og_title":"","p4_og_description":"","p4_og_image":"","p4_og_image_id":"","p4_seo_canonical_url":"","p4_campaign_name":"","p4_local_project":"","p4_basket_name":"","p4_department":"","footnotes":""},"categories":[22],"tags":[218],"p4-page-type":[73],"gpch-article-type":[],"class_list":["post-104776","post","type-post","status-publish","format-standard","has-post-thumbnail","hentry","category-non-classifiee","tag-consommation","p4-page-type-communique-de-presse"],"acf":[],"_links":{"self":[{"href":"https:\/\/www.greenpeace.ch\/fr\/wp-json\/wp\/v2\/posts\/104776","targetHints":{"allow":["GET"]}}],"collection":[{"href":"https:\/\/www.greenpeace.ch\/fr\/wp-json\/wp\/v2\/posts"}],"about":[{"href":"https:\/\/www.greenpeace.ch\/fr\/wp-json\/wp\/v2\/types\/post"}],"author":[{"embeddable":true,"href":"https:\/\/www.greenpeace.ch\/fr\/wp-json\/wp\/v2\/users\/103"}],"replies":[{"embeddable":true,"href":"https:\/\/www.greenpeace.ch\/fr\/wp-json\/wp\/v2\/comments?post=104776"}],"version-history":[{"count":0,"href":"https:\/\/www.greenpeace.ch\/fr\/wp-json\/wp\/v2\/posts\/104776\/revisions"}],"wp:featuredmedia":[{"embeddable":true,"href":"https:\/\/www.greenpeace.ch\/fr\/wp-json\/wp\/v2\/media\/104777"}],"wp:attachment":[{"href":"https:\/\/www.greenpeace.ch\/fr\/wp-json\/wp\/v2\/media?parent=104776"}],"wp:term":[{"taxonomy":"category","embeddable":true,"href":"https:\/\/www.greenpeace.ch\/fr\/wp-json\/wp\/v2\/categories?post=104776"},{"taxonomy":"post_tag","embeddable":true,"href":"https:\/\/www.greenpeace.ch\/fr\/wp-json\/wp\/v2\/tags?post=104776"},{"taxonomy":"p4-page-type","embeddable":true,"href":"https:\/\/www.greenpeace.ch\/fr\/wp-json\/wp\/v2\/p4-page-type?post=104776"},{"taxonomy":"gpch-article-type","embeddable":true,"href":"https:\/\/www.greenpeace.ch\/fr\/wp-json\/wp\/v2\/gpch-article-type?post=104776"}],"curies":[{"name":"wp","href":"https:\/\/api.w.org\/{rel}","templated":true}]}}