{"id":105435,"date":"2024-01-11T09:16:31","date_gmt":"2024-01-11T08:16:31","guid":{"rendered":"https:\/\/www.greenpeace.ch\/?p=105435"},"modified":"2024-01-11T09:16:35","modified_gmt":"2024-01-11T08:16:35","slug":"loi-sur-le-co2-la-compensation-carbone-a-letranger-est-un-leurre","status":"publish","type":"post","link":"https:\/\/www.greenpeace.ch\/fr\/communique-de-presse\/105435\/loi-sur-le-co2-la-compensation-carbone-a-letranger-est-un-leurre\/","title":{"rendered":"Loi sur le CO2 : la compensation carbone \u00e0 l&rsquo;\u00e9tranger est un leurre"},"content":{"rendered":"\n<p><strong>La Suisse doit d\u2019urgence r\u00e9duire ses \u00e9missions de gaz \u00e0 effet de serre. Pour ce faire, le Conseil f\u00e9d\u00e9ral et le Parlement misent notamment sur la compensation des \u00e9missions de CO2 \u00e0 l&rsquo;\u00e9tranger. Greenpeace Suisse demande l&rsquo;arr\u00eat imm\u00e9diat de cette pratique. La Suisse a l&rsquo;obligation d&rsquo;atteindre rapidement et enti\u00e8rement la neutralit\u00e9 climatique sur son territoire.<\/strong><\/p>\n\n<p>La Commission de l&rsquo;environnement, de l&rsquo;am\u00e9nagement du territoire et de l&rsquo;\u00e9nergie du Conseil des \u00c9tats (CEATE-E) se penche d\u00e8s aujourd\u2019hui une nouvelle fois sur la loi sur le CO2 pour la p\u00e9riode post\u00e9rieure \u00e0 2024. Un point controvers\u00e9 est la compensation carbone \u00e0 l&rsquo;\u00e9tranger: la Suisse soutient ainsi des projets \u00e0 l&rsquo;\u00e9tranger visant \u00e0 r\u00e9duire les \u00e9missions de gaz \u00e0 effet de serre et se fait ensuite comptabiliser cette r\u00e9duction d&rsquo;\u00e9missions. Le Conseil national souhaite qu&rsquo;un maximum de 25% de la r\u00e9duction des \u00e9missions soit r\u00e9alis\u00e9 avec une compensation carbone \u00e0 l&rsquo;\u00e9tranger. Le Conseil des \u00c9tats s&rsquo;est jusqu&rsquo;\u00e0 pr\u00e9sent abstenu de donner un chiffre concret.<\/p>\n\n<p>Pour Greenpeace Suisse, il est clair que la Suisse doit dor\u00e9navant cesser de miser sur la compensation des \u00e9missions de CO2 \u00e0 l&rsquo;\u00e9tranger.<\/p>\n\n<p>\u00abAu lieu de r\u00e9duire leurs propres \u00e9missions, les pays riches comme la Suisse pr\u00e9f\u00e8rent les \u00abcompenser\u00bb \u00e0 l&rsquo;\u00e9tranger. La compensation des \u00e9missions de CO2 \u00e0 l&rsquo;\u00e9tranger est un stratag\u00e8me destin\u00e9 \u00e0 enjoliver le bilan climatique. Cette pratique conduit la Suisse \u00e0 repousser aux calendes grecques les mesures efficaces prises sur son territoire. C&rsquo;est catastrophique\u00bb, d\u00e9clare Nathan Solothurnmann, expert des questions climatiques chez Greenpeace Suisse.<\/p>\n\n<p>\u00abTous les \u00c9tats doivent r\u00e9duire leurs \u00e9missions de CO2 \u00e0 z\u00e9ro net au cours des prochaines d\u00e9cennies\u00bb, ajoute Nathan Solothurnmann. \u00abC&rsquo;est pourquoi la Suisse doit atteindre rapidement et enti\u00e8rement la neutralit\u00e9 climatique sur son territoire. En tant que pays industrialis\u00e9, la Suisse a en outre le devoir historique d&rsquo;aider les pays tiers \u00e0 r\u00e9duire leurs \u00e9missions de gaz \u00e0 effet de serre, mais sans s&rsquo;attribuer le m\u00e9rite de cette r\u00e9duction d&rsquo;\u00e9missions\u00bb.<\/p>\n\n<p>Les demandes de Greenpeace Suisse:<\/p>\n\n<ul class=\"wp-block-list\">\n<li>La nouvelle loi sur le CO2 doit fixer un objectif de r\u00e9duction des \u00e9missions d\u2019au moins 60% d\u2019ici \u00e0 2030. Ces r\u00e9ductions doivent se faire sur le territoire national. La Conf\u00e9d\u00e9ration doit rompre avec le mod\u00e8le actuel bas\u00e9 sur les compensations carbones r\u00e9alis\u00e9es \u00e0 l\u2019\u00e9tranger.<\/li>\n\n\n\n<li>La Suisse doit r\u00e9aliser d\u2019ici 2030 d\u2019importantes r\u00e9ductions d\u2019\u00e9missions \u00e0 l\u2019\u00e9tranger d\u00e9passant, cumul\u00e9es, l\u2019ensemble des \u00e9missions produites en Suisse d\u2019ici 2030. Ces mesures s\u2019ajoutent \u00e0 celles r\u00e9alis\u00e9es sur le territoire national. L\u2019essentiel est que le bilan suisse des \u00e9missions de gaz \u00e0 effet de serre soit au final n\u00e9gatif d&rsquo;ici 2030 par rapport \u00e0 1990.<\/li>\n<\/ul>\n\n<p><\/p>\n\n<p><strong>Pourquoi la compensation des \u00e9missions de CO2 n&rsquo;est-elle pas une mesure de protection du climat ?<\/strong><\/p>\n\n<ul class=\"wp-block-list\">\n<li>Trop souvent, on ne compense que des \u00e9missions \u00abhypoth\u00e9tiques\u00bb, qui auraient par exemple \u00e9t\u00e9 g\u00e9n\u00e9r\u00e9es par l&rsquo;exploitation d&rsquo;une centrale fossile pr\u00e9vue si la Suisse n&rsquo;avait pas financ\u00e9 une \u00e9olienne comme solution de remplacement pour le pays tiers. Mais comme les \u00e9nergies renouvelables sont d\u00e9j\u00e0 g\u00e9n\u00e9ralement moins ch\u00e8res que les \u00e9nergies fossiles, il est probable que l&rsquo;\u00e9olienne aurait \u00e9t\u00e9 construite m\u00eame sans l&rsquo;aide de la Suisse.<\/li>\n\n\n\n<li>La solution \u00e0 la crise climatique n\u00e9cessite de r\u00e9duire les \u00e9missions. Les compensations sont dans le meilleur des cas un jeu \u00e0 somme nulle, car les \u00e9missions suisses compens\u00e9es dans un pays tiers restent comptabilis\u00e9es (afin d\u2019\u00e9viter une double comptabilisation). M\u00eame si, \u00e0 un moment donn\u00e9, un pays tiers n&rsquo;\u00e9met plus lui-m\u00eame d&rsquo;\u00e9missions physiques gr\u00e2ce aux projets financ\u00e9s par les pays riches, les \u00e9missions des pays industrialis\u00e9s continuent \u00e0 lui \u00eatre imput\u00e9es. Il est donc de facto impossible pour l&rsquo;\u00c9tat d&rsquo;atteindre un jour la neutralit\u00e9 climatique.<\/li>\n<\/ul>\n\n<p><\/p>\n\n<p><strong>Contacts<\/strong><\/p>\n\n<p>Nathan Solothurnmann, expert des questions climatiques pour Greenpeace Suisse, +41 76 514 90 48, <a href=\"mailto:nathan.solothurnmann@greenpeace.org\">nathan.solothurnmann@greenpeace.org<\/a> (disponible ce jeudi 11 janvier 2024)<\/p>\n\n<p>Georg Klingler, expert climat et \u00e9nergie pour Greenpeace Suisse, +41 79 785 07 38, <a href=\"mailto:georg.klingler@greenpeace.org\">georg.klingler@greenpeace.org<\/a> (disponible vendredi 12 janvier 2024)<\/p>\n","protected":false},"excerpt":{"rendered":"<p>La Suisse doit d\u2019urgence r\u00e9duire ses \u00e9missions de gaz \u00e0 effet de serre. Le Conseil f\u00e9d\u00e9ral et le Parlement misent notamment sur la compensation des \u00e9missions \u00e0 l&rsquo;\u00e9tranger. Greenpeace Suisse demande l&rsquo;arr\u00eat de cette pratique.<\/p>\n","protected":false},"author":76,"featured_media":105383,"comment_status":"closed","ping_status":"closed","sticky":false,"template":"","format":"standard","meta":{"_acf_changed":false,"_planet4_optimize_post_is_variant":false,"_planet4_optimize_experiment_name":"","_planet4_optimize_variant_name":"","ep_exclude_from_search":false,"p4_og_title":"","p4_og_description":"","p4_og_image":"","p4_og_image_id":"","p4_seo_canonical_url":"","p4_campaign_name":"","p4_local_project":"","p4_basket_name":"","p4_department":"","footnotes":""},"categories":[22],"tags":[58,204],"p4-page-type":[73],"gpch-article-type":[],"class_list":["post-105435","post","type-post","status-publish","format-standard","has-post-thumbnail","hentry","category-non-classifiee","tag-climat","tag-loi-co2","p4-page-type-communique-de-presse"],"acf":[],"_links":{"self":[{"href":"https:\/\/www.greenpeace.ch\/fr\/wp-json\/wp\/v2\/posts\/105435","targetHints":{"allow":["GET"]}}],"collection":[{"href":"https:\/\/www.greenpeace.ch\/fr\/wp-json\/wp\/v2\/posts"}],"about":[{"href":"https:\/\/www.greenpeace.ch\/fr\/wp-json\/wp\/v2\/types\/post"}],"author":[{"embeddable":true,"href":"https:\/\/www.greenpeace.ch\/fr\/wp-json\/wp\/v2\/users\/76"}],"replies":[{"embeddable":true,"href":"https:\/\/www.greenpeace.ch\/fr\/wp-json\/wp\/v2\/comments?post=105435"}],"version-history":[{"count":1,"href":"https:\/\/www.greenpeace.ch\/fr\/wp-json\/wp\/v2\/posts\/105435\/revisions"}],"predecessor-version":[{"id":105436,"href":"https:\/\/www.greenpeace.ch\/fr\/wp-json\/wp\/v2\/posts\/105435\/revisions\/105436"}],"wp:featuredmedia":[{"embeddable":true,"href":"https:\/\/www.greenpeace.ch\/fr\/wp-json\/wp\/v2\/media\/105383"}],"wp:attachment":[{"href":"https:\/\/www.greenpeace.ch\/fr\/wp-json\/wp\/v2\/media?parent=105435"}],"wp:term":[{"taxonomy":"category","embeddable":true,"href":"https:\/\/www.greenpeace.ch\/fr\/wp-json\/wp\/v2\/categories?post=105435"},{"taxonomy":"post_tag","embeddable":true,"href":"https:\/\/www.greenpeace.ch\/fr\/wp-json\/wp\/v2\/tags?post=105435"},{"taxonomy":"p4-page-type","embeddable":true,"href":"https:\/\/www.greenpeace.ch\/fr\/wp-json\/wp\/v2\/p4-page-type?post=105435"},{"taxonomy":"gpch-article-type","embeddable":true,"href":"https:\/\/www.greenpeace.ch\/fr\/wp-json\/wp\/v2\/gpch-article-type?post=105435"}],"curies":[{"name":"wp","href":"https:\/\/api.w.org\/{rel}","templated":true}]}}