{"id":105553,"date":"2024-01-16T01:59:38","date_gmt":"2024-01-16T00:59:38","guid":{"rendered":"https:\/\/www.greenpeace.ch\/?p=105553"},"modified":"2024-01-16T08:16:46","modified_gmt":"2024-01-16T07:16:46","slug":"spectaculaire-protestation-de-greenpeace-le-forum-economique-mondial-fait-fausse-route","status":"publish","type":"post","link":"https:\/\/www.greenpeace.ch\/fr\/communique-de-presse\/105553\/spectaculaire-protestation-de-greenpeace-le-forum-economique-mondial-fait-fausse-route\/","title":{"rendered":"Spectaculaire protestation de Greenpeace: le Forum \u00e9conomique mondial fait fausse route"},"content":{"rendered":"\n<p><strong>Des militants\u00b7es Greenpeace protestent contre la crise climatique, la perte de biodiversit\u00e9 et les in\u00e9galit\u00e9s sociales. En collaboration avec l&rsquo;artiste britannique <\/strong><strong>Simon Beck, ils et elles ont trac\u00e9 pas-\u00e0-pas dans la neige leur revendication \u201c<\/strong><strong><em>Life over Growth<\/em><\/strong><strong>!\u00a0\u00bb sur le haut plateau de Dreib\u00fcndenstein entre Coire et Feldis dans les Grisons. R\u00e9sultat: une \u0153uvre dans la neige de taille \u00e9quivalente \u00e0 plus de deux terrains de football.\u00a0<\/strong><\/p>\n\n<p><a href=\"https:\/\/media.greenpeace.org\/Detail\/27MZIFJFXGXGX\"><strong>Photos et vid\u00e9os sur ce lien\u00a0<\/strong><\/a><\/p>\n\n<p>La 54e \u00e9dition du Forum \u00e9conomique mondial (WEF) se tient cette semaine \u00e0 Davos. Des militants\u00b7es Greenpeace, aux c\u00f4t\u00e9s du <em>snow artist<\/em> britannique Simon Beck, ont cr\u00e9\u00e9 sur le haut plateau grison de Dreib\u00fcndenstein, \u00e0 plus de 2\u2019000 m\u00e8tres d&rsquo;altitude, un dessin de la taille de plus de deux terrains de football. Leur revendication: \u00ab\u00a0<em>Life over Growth!<\/em>\u00ab\u00a0. \u201cLa vie est plus importante que la croissance\u201d.<\/p>\n\n<p>Depuis plus d&rsquo;un demi-si\u00e8cle, le WEF est synonyme d&rsquo;\u00e9conomie au d\u00e9triment de l&rsquo;environnement et d&rsquo;<a href=\"https:\/\/wir2022.wid.world\/\">in\u00e9galit\u00e9s croissantes<\/a> dans le monde. Greenpeace proteste avec une impressionnante image trac\u00e9e dans la neige contre l&rsquo;obsession de la croissance qui a conduit la plan\u00e8te au bord de l&rsquo;effondrement.&nbsp;&nbsp;<\/p>\n\n<p>Le monde industrialis\u00e9 d\u00e9pend de l&rsquo;exploitation de la nature et d&rsquo;une croissance \u00e9conomique sans fin. Mais sur une plan\u00e8te finie, il n&rsquo;y a pas de croissance infinie. Le monde est malade de l&rsquo;obsession de croissance de pays comme la Suisse, comme le montre une <a href=\"https:\/\/www.greenpeace.ch\/fr\/communique-de-presse\/97198\/la-suisse-depasse-les-bornes-pour-un-respect-des-limites-planetaires\/\">\u00e9tude de Greenpeace<\/a> publi\u00e9e l&rsquo;ann\u00e9e derni\u00e8re.<\/p>\n\n<p>L&rsquo;artiste Simon Beck d\u00e9clare : \u00ab\u00a0Je vois et je vis tellement de belles choses dans mon travail en montagne. Tout cela est en danger, c&rsquo;est pourquoi j\u2019ai collabor\u00e9 avec des militants\u00b7es Greenpeace. Nous devons promouvoir ce qui est vraiment important: une \u00e9conomie et une soci\u00e9t\u00e9 au service de la vie et non d&rsquo;elles-m\u00eames\u00a0\u00bb.<\/p>\n\n<p>\u00ab\u00a0La politique et l&rsquo;\u00e9conomie n&rsquo;ont rendu nos \u00e9conomies d\u00e9pendantes de la croissance que depuis les ann\u00e9es 1950\u00a0\u00bb, explique Agnes Jezler de Greenpeace Suisse. \u00ab\u00a0La croissance est inefficace: on veut nous vendre cinq machines \u00e0 laver pour un m\u00e9nage au lieu d&rsquo;une machine \u00e0 laver pour cinq m\u00e9nages\u00a0\u00bb.<\/p>\n\n<p>Les dirigeants politiques et \u00e9conomiques font la promotion d\u2019une \u00ab\u00a0croissance verte\u00a0\u00bb au Forum de Davos. L&rsquo;un de leurs objectifs est de \u00ab\u00a0<a href=\"https:\/\/www.weforum.org\/agenda\/2023\/12\/davos-2024-what-to-expect-and-whos-coming\/\">cr\u00e9er de la croissance et des emplois pour une nouvelle \u00e8re<\/a>\u00ab\u00a0. Leur espoir: trouver des solutions techniques pour dissocier la croissance \u00e9conomique de l&rsquo;impact environnemental. Mais les \u00e9tudes indiquent qu&rsquo;<a href=\"https:\/\/www.greenpeace.ch\/fr\/story-fr\/105339\/en-finir-avec-la-croissance-a-tout-prix\/\">un tel d\u00e9couplage n&rsquo;a pas encore \u00e9t\u00e9 d\u00e9montr\u00e9<\/a>.&nbsp;&nbsp;<\/p>\n\n<p>Agnes Jezler poursuit: \u00ab\u00a0L&rsquo;imp\u00e9ratif de croissance de notre politique \u00e9conomique alimente les crises sociales et environnementales. Dans les pays riches comme la Suisse, la croissance \u00e9conomique fait partie du probl\u00e8me et non de la solution. Greenpeace demande une politique qui renforce notre capacit\u00e9 de survie au lieu de la mettre en danger\u00a0\u00bb.<\/p>\n\n<p><\/p>\n\n<p><\/p>\n\n<p><strong>Plus d&rsquo;informations<\/strong><\/p>\n\n<p>Article d\u2019Agnes Jezler \u00ab\u00a0<a href=\"https:\/\/www.greenpeace.ch\/fr\/story-fr\/105339\/en-finir-avec-la-croissance-a-tout-prix\/\">En finir avec la politique de croissance<\/a>\u00ab\u00a0<\/p>\n\n<p>Photos et vid\u00e9os <a href=\"https:\/\/media.greenpeace.org\/Detail\/27MZIFJFXGXGX\">sur ce lien<\/a>&nbsp;<\/p>\n\n<p><strong>Contacts<\/strong><\/p>\n\n<p>Agnes Jezler, experte en changement socio-\u00e9conomique, Greenpeace Suisse, +41 78 231 35 21, <a href=\"mailto:agnes.jezler@greenpeace.org\">agnes.jezler@greenpeace.org<\/a>&nbsp;(r\u00e9ponses en allemand et anglais par t\u00e9l\u00e9phone, en fran\u00e7ais par \u00e9crit)<\/p>\n\n<p>Fanny Eternod, porte-parole, Greenpeace Suisse+41 78 662 07 31, <a href=\"mailto:fanny.eternod@greenpeace.org\">fanny.eternod@greenpeace.org<\/a><\/p>\n","protected":false},"excerpt":{"rendered":"<p>Des militants\u00b7es Greenpeace protestent contre la crise climatique, la perte de biodiversit\u00e9 et les in\u00e9galit\u00e9s sociales. En collaboration avec l&rsquo;artiste de snow art Simon Beck, ils et elles ont trac\u00e9 pas-\u00e0-pas dans la neige leur revendication \u201cLife over Growth!\u00a0\u00bb sur le haut plateau de Dreib\u00fcndenstein dans les Grisons.<\/p>\n","protected":false},"author":76,"featured_media":105554,"comment_status":"closed","ping_status":"closed","sticky":false,"template":"","format":"standard","meta":{"_acf_changed":false,"_planet4_optimize_post_is_variant":false,"_planet4_optimize_experiment_name":"","_planet4_optimize_variant_name":"","ep_exclude_from_search":false,"p4_og_title":"","p4_og_description":"","p4_og_image":"","p4_og_image_id":"","p4_seo_canonical_url":"","p4_campaign_name":"","p4_local_project":"","p4_basket_name":"","p4_department":"","footnotes":""},"categories":[22],"tags":[230],"p4-page-type":[73],"gpch-article-type":[],"class_list":["post-105553","post","type-post","status-publish","format-standard","has-post-thumbnail","hentry","category-non-classifiee","tag-change-fr","p4-page-type-communique-de-presse"],"acf":[],"_links":{"self":[{"href":"https:\/\/www.greenpeace.ch\/fr\/wp-json\/wp\/v2\/posts\/105553","targetHints":{"allow":["GET"]}}],"collection":[{"href":"https:\/\/www.greenpeace.ch\/fr\/wp-json\/wp\/v2\/posts"}],"about":[{"href":"https:\/\/www.greenpeace.ch\/fr\/wp-json\/wp\/v2\/types\/post"}],"author":[{"embeddable":true,"href":"https:\/\/www.greenpeace.ch\/fr\/wp-json\/wp\/v2\/users\/76"}],"replies":[{"embeddable":true,"href":"https:\/\/www.greenpeace.ch\/fr\/wp-json\/wp\/v2\/comments?post=105553"}],"version-history":[{"count":4,"href":"https:\/\/www.greenpeace.ch\/fr\/wp-json\/wp\/v2\/posts\/105553\/revisions"}],"predecessor-version":[{"id":105560,"href":"https:\/\/www.greenpeace.ch\/fr\/wp-json\/wp\/v2\/posts\/105553\/revisions\/105560"}],"wp:featuredmedia":[{"embeddable":true,"href":"https:\/\/www.greenpeace.ch\/fr\/wp-json\/wp\/v2\/media\/105554"}],"wp:attachment":[{"href":"https:\/\/www.greenpeace.ch\/fr\/wp-json\/wp\/v2\/media?parent=105553"}],"wp:term":[{"taxonomy":"category","embeddable":true,"href":"https:\/\/www.greenpeace.ch\/fr\/wp-json\/wp\/v2\/categories?post=105553"},{"taxonomy":"post_tag","embeddable":true,"href":"https:\/\/www.greenpeace.ch\/fr\/wp-json\/wp\/v2\/tags?post=105553"},{"taxonomy":"p4-page-type","embeddable":true,"href":"https:\/\/www.greenpeace.ch\/fr\/wp-json\/wp\/v2\/p4-page-type?post=105553"},{"taxonomy":"gpch-article-type","embeddable":true,"href":"https:\/\/www.greenpeace.ch\/fr\/wp-json\/wp\/v2\/gpch-article-type?post=105553"}],"curies":[{"name":"wp","href":"https:\/\/api.w.org\/{rel}","templated":true}]}}