{"id":106861,"date":"2024-03-19T13:30:23","date_gmt":"2024-03-19T12:30:23","guid":{"rendered":"https:\/\/www.greenpeace.ch\/article-de-magazine\/106861\/den-tiefseebergbau-stoppen-nicht-die-proteste\/"},"modified":"2024-03-19T17:34:02","modified_gmt":"2024-03-19T16:34:02","slug":"stopper-extraction-miniere-pas-protestations","status":"publish","type":"post","link":"https:\/\/www.greenpeace.ch\/fr\/story-fr\/106861\/stopper-extraction-miniere-pas-protestations\/","title":{"rendered":"Stopper l&rsquo;extraction mini\u00e8re en eaux profondes, pas les protestations"},"content":{"rendered":"\n<p><strong><strong>Les \u00c9tats membres de l&rsquo;ONU se r\u00e9unissent cette semaine \u00e0 Kingston, en Jama\u00efque, pour la 29e session de l&rsquo;Autorit\u00e9 internationale des fonds marins (AIFM). Dans un contexte d&rsquo;opposition publique croissante, ils discutent de l&rsquo;exploitation mini\u00e8re en eaux profondes. Les entreprises int\u00e9ress\u00e9es par ce nouvel eldorado pressent les gouvernements de s&rsquo;entendre sur un texte qui l\u00e9gitimerait cette pratique destructrice. Parall\u00e8lement, Greenpeace pourrait se voir retirer son statut d&rsquo;observateur \u00e0 l&rsquo;AIFM, car nous avons os\u00e9 protester contre cette nouvelle industrie destructrice..<\/strong><\/strong><\/p>\n\n<h2 class=\"wp-block-heading\"><strong><strong>Le droit de protester<\/strong><\/strong><\/h2>\n\n<p>Sur l&rsquo;ordre du jour provisoire pour vendredi figure <a href=\"https:\/\/www.greenpeace.ch\/fr\/story-fr\/104493\/arreter-exploitation-miniere-profonde\/\">la protestation pacifique de 200 heures<\/a> de Greenpeace International contre le leader de l&rsquo;industrie, The Metals Company, en novembre 2023. Le secr\u00e9taire g\u00e9n\u00e9ral de l&rsquo;ISA, Michael Lodge, avait soutenu que les cano\u00ebs de Greenpeace International, qui naviguaient autour du navire de l&rsquo;entreprise, repr\u00e9sentaient un \u00ab\u00a0danger pour l&rsquo;environnement marin\u00a0\u00bb. Lodge a \u00e9t\u00e9 critiqu\u00e9 par le pass\u00e9 par plusieurs diplomates pour avoir tent\u00e9 d&rsquo;acc\u00e9l\u00e9rer le d\u00e9but de l&rsquo;extraction mini\u00e8re en eaux profondes et d&rsquo;interdire aux m\u00e9dias de suivre les d\u00e9bats de l\u2019AIFM.\u00a0<\/p>\n\n<p>L&rsquo;argumentation de Lodge est ahurissante. Comment les militant\u00b7es Greenpeace, pagayant dans des cano\u00ebs, pourraient-ils repr\u00e9senter une menace pour l&rsquo;environnement, tandis que le pillage des oc\u00e9ans est consid\u00e9r\u00e9 comme une solution \u00e0 la crise climatique? Un tribunal n\u00e9erlandais a ainsi rejet\u00e9 la demande de The Metals Company d&rsquo;une injonction contre les militants\u00b7es et a jug\u00e9 \u201ccompr\u00e9hensible\u201d que Greenpeace prenne des mesures directes face aux \u201ccons\u00e9quences potentiellement tr\u00e8s graves\u201d des projets miniers de l&rsquo;entreprise.<\/p>\n\n<figure class=\"wp-block-embed is-type-video is-provider-youtube wp-block-embed-youtube wp-embed-aspect-4-3 wp-has-aspect-ratio\"><div class=\"wp-block-embed__wrapper\">\n<lite-youtube style=\"background-image: url('https:\/\/i.ytimg.com\/vi\/O-QMZvZe4jI\/hqdefault.jpg');\" videoid=\"O-QMZvZe4jI\" params=\"rel=0&#038;enablejsapi=1&#038;origin=https%3A%2F%2Fwww.greenpeace.ch&#038;cc_load_policy=1\"><\/lite-youtube>\n<\/div><\/figure>\n\n<h2 class=\"wp-block-heading\"><strong><strong>Des industriels lourdement insistants<\/strong><\/strong><\/h2>\n\n<p>L&rsquo;industrie mini\u00e8re et certains gouvernements sont impatients de rapidement obtenir un cadre r\u00e9glementaire qui leur permettrait de commencer les op\u00e9rations mini\u00e8res. Pour acc\u00e9l\u00e9rer ce processus, l\u2019AIFM a publi\u00e9 un \u00ab\u00a0texte consolid\u00e9\u00a0\u00bb de 225 pages du projet de r\u00e9glementation mini\u00e8re comme base de n\u00e9gociation. Cependant, plusieurs propositions de l&rsquo;industrie ont \u00e9t\u00e9 int\u00e9gr\u00e9es dans le texte sans le consentement des gouvernements. Lors du premier jour de n\u00e9gociations, ce texte a suscit\u00e9 de vives critiques de la part de plusieurs \u00c9tats.<\/p>\n\n<h2 class=\"wp-block-heading\"><strong><strong>Une opposition grandissante\u00a0<\/strong><\/strong><\/h2>\n\n<p>Il y a un an, seule une poign\u00e9e de gouvernements demandait un moratoire. L&rsquo;industrie mini\u00e8re \u00e9tait s\u00fbre d&rsquo;obtenir le feu vert pour l&rsquo;exploitation en 2024. Mais elle s&rsquo;est tromp\u00e9e, car la demande d&rsquo;un moratoire obtient toujours plus de soutiens. Lors de l&rsquo;ouverture des n\u00e9gociations en cours, le Danemark s\u2019est \u00e9galement prononc\u00e9 en faveur d\u2019un moratoire. Ce sont maintenant 25 \u00c9tats qui ont fait le choix d\u2019\u00e9couter les averstissements de la communaut\u00e9 scientifique et d\u2019essayer de prot\u00e9ger nos oc\u00e9ans.<\/p>\n\n<p>En outre, plus de <a href=\"https:\/\/www.greenpeace.org\/international\/act\/stop-deep-sea-mining\/\">2 millions de personnes<\/a> dans le monde demandent aux gouvernements de voter en faveur du moratoire sur l&rsquo;extraction mini\u00e8re en eaux profondes. L&rsquo;Assembl\u00e9e de l&rsquo;AIFM, compos\u00e9e de 167 \u00c9tats et de l&rsquo;Union europ\u00e9enne, se penchera sur cette question en juillet 2024.<\/p>\n","protected":false},"excerpt":{"rendered":"<p>Les \u00c9tats membres de l&rsquo;ONU se r\u00e9unissent cette semaine \u00e0 Kingston, en Jama\u00efque, pour la 29e session de l&rsquo;Autorit\u00e9 internationale des fonds marins (AIFM). Dans un contexte d&rsquo;opposition publique croissante, ils discutent de l&rsquo;exploitation mini\u00e8re en eaux profondes. Les entreprises int\u00e9ress\u00e9es par ce nouvel eldorado pressent les gouvernements de s&rsquo;entendre sur un texte qui l\u00e9gitimerait cette pratique destructrice. <\/p>\n","protected":false},"author":89,"featured_media":106850,"comment_status":"closed","ping_status":"closed","sticky":false,"template":"","format":"standard","meta":{"_acf_changed":false,"_planet4_optimize_post_is_variant":false,"_planet4_optimize_experiment_name":"","_planet4_optimize_variant_name":"","ep_exclude_from_search":false,"p4_og_title":"","p4_og_description":"","p4_og_image":"","p4_og_image_id":"","p4_seo_canonical_url":"","p4_campaign_name":"","p4_local_project":"","p4_basket_name":"","p4_department":"","footnotes":""},"categories":[22],"tags":[56,60],"p4-page-type":[77],"gpch-article-type":[],"class_list":["post-106861","post","type-post","status-publish","format-standard","has-post-thumbnail","hentry","category-non-classifiee","tag-oceans","tag-qui-sommes-nous","p4-page-type-story-fr"],"acf":[],"_links":{"self":[{"href":"https:\/\/www.greenpeace.ch\/fr\/wp-json\/wp\/v2\/posts\/106861","targetHints":{"allow":["GET"]}}],"collection":[{"href":"https:\/\/www.greenpeace.ch\/fr\/wp-json\/wp\/v2\/posts"}],"about":[{"href":"https:\/\/www.greenpeace.ch\/fr\/wp-json\/wp\/v2\/types\/post"}],"author":[{"embeddable":true,"href":"https:\/\/www.greenpeace.ch\/fr\/wp-json\/wp\/v2\/users\/89"}],"replies":[{"embeddable":true,"href":"https:\/\/www.greenpeace.ch\/fr\/wp-json\/wp\/v2\/comments?post=106861"}],"version-history":[{"count":2,"href":"https:\/\/www.greenpeace.ch\/fr\/wp-json\/wp\/v2\/posts\/106861\/revisions"}],"predecessor-version":[{"id":106863,"href":"https:\/\/www.greenpeace.ch\/fr\/wp-json\/wp\/v2\/posts\/106861\/revisions\/106863"}],"wp:featuredmedia":[{"embeddable":true,"href":"https:\/\/www.greenpeace.ch\/fr\/wp-json\/wp\/v2\/media\/106850"}],"wp:attachment":[{"href":"https:\/\/www.greenpeace.ch\/fr\/wp-json\/wp\/v2\/media?parent=106861"}],"wp:term":[{"taxonomy":"category","embeddable":true,"href":"https:\/\/www.greenpeace.ch\/fr\/wp-json\/wp\/v2\/categories?post=106861"},{"taxonomy":"post_tag","embeddable":true,"href":"https:\/\/www.greenpeace.ch\/fr\/wp-json\/wp\/v2\/tags?post=106861"},{"taxonomy":"p4-page-type","embeddable":true,"href":"https:\/\/www.greenpeace.ch\/fr\/wp-json\/wp\/v2\/p4-page-type?post=106861"},{"taxonomy":"gpch-article-type","embeddable":true,"href":"https:\/\/www.greenpeace.ch\/fr\/wp-json\/wp\/v2\/gpch-article-type?post=106861"}],"curies":[{"name":"wp","href":"https:\/\/api.w.org\/{rel}","templated":true}]}}