{"id":109859,"date":"2024-07-03T08:55:56","date_gmt":"2024-07-03T06:55:56","guid":{"rendered":"https:\/\/www.greenpeace.ch\/?p=109859"},"modified":"2024-08-08T16:15:09","modified_gmt":"2024-08-08T14:15:09","slug":"des-militants-greenpeace-protestent-avec-de-grandes-bannieres-aux-sieges-de-coop-et-migros","status":"publish","type":"post","link":"https:\/\/www.greenpeace.ch\/fr\/communique-de-presse\/109859\/des-militants-greenpeace-protestent-avec-de-grandes-bannieres-aux-sieges-de-coop-et-migros\/","title":{"rendered":"Des militant\u00b7es Greenpeace protestent avec de grandes banni\u00e8res aux si\u00e8ges de Coop et Migros"},"content":{"rendered":"\n<p><strong>Avec une action spectaculaire et non-violente, 26 militant\u00b7es Greenpeace exhortent Coop et Migros \u00e0 prendre leurs responsabilit\u00e9s pour atteindre leurs objectifs climatiques. A l&rsquo;aide de grandes banni\u00e8res suspendues aux si\u00e8ges des deux g\u00e9ants orange, les militant\u00b7es demandent aux d\u00e9taillants de vendre moins d\u2019aliments d\u2019origine animale. Une analyse de Greenpeace Suisse a r\u00e9v\u00e9l\u00e9 la semaine derni\u00e8re que les enseignes Coop et Migros n&rsquo;atteindront pas leurs objectifs climatiques si elles continuent de vendre autant de viande, de poisson, d&rsquo;\u0153ufs et de produits laitiers.<\/strong><\/p>\n\n<p>Des militant\u00b7es Greenpeace ont d\u00e9ploy\u00e9 aujourd\u2019hui de grandes banni\u00e8res sur les fa\u00e7ades des si\u00e8ges de Coop et de Migros, \u00e0 B\u00e2le et \u00e0 Zurich. Devant les b\u00e2timents, les militant\u00b7es protestent \u00e9galement avec des pancartes, sur lesquelles on peut lire par exemple \u00abTransformons la grande distribution\u00bb ou \u00abNon aux rabais sur la viande, oui \u00e0 une offre plus v\u00e9g\u00e9tale\u00bb. Les militant\u00b7es cherchent \u00e9galement \u00e0 discuter avec les passants et les client\u00b7es des d\u00e9taillants pour les informer des efforts insuffisants de Coop et Migros en mati\u00e8re de protection du climat.<\/p>\n\n<p>Une <a href=\"https:\/\/www.greenpeace.ch\/fr\/publication\/109448\/coop-migros-greenshifting-climat\/\">analyse<\/a> publi\u00e9e la semaine derni\u00e8re par Greenpeace Suisse indique que si les groupes Coop et Migros continuent \u00e0 vendre autant d\u2019aliments d\u2019origine animale, ils n&rsquo;atteindront pas les objectifs climatiques qu\u2019ils se sont fix\u00e9s, \u00e0 savoir z\u00e9ro \u00e9mission nette d&rsquo;ici 2050.<\/p>\n\n<p>Indign\u00e9s par la r\u00e9action n\u00e9gative des d\u00e9taillants suite \u00e0 la parution de l&rsquo;analyse, les militant\u00b7es Greenpeace ont d\u00e9cid\u00e9 de porter les revendications aux si\u00e8ges de Coop et Migros pour leur demander de prendre au s\u00e9rieux leurs propres objectifs climatiques et de r\u00e9duire drastiquement leurs ventes d\u2019aliments d\u2019origine animale.<\/p>\n\n<p>Les \u00e9missions de gaz \u00e0 effet de serre de Coop et Migros sont consid\u00e9rables: environ 30% de l&#8217;empreinte carbone totale de la Suisse passe par ces deux entreprises. Selon ses propres informations, les aliments d\u2019origine animale sont \u00e0 l&rsquo;origine de 47% des \u00e9missions totales du groupe Coop. Pour le groupe Migros, ce chiffre est estim\u00e9 entre 31 et 43%. La seule solution pour atteindre les objectifs climatiques que se sont fix\u00e9s les deux d\u00e9taillants consiste \u00e0 r\u00e9duire la quantit\u00e9 de viande, d&rsquo;\u0153ufs et de produits laitiers dans leur assortiment. Mais au lieu d&rsquo;assumer leurs responsabilit\u00e9s, les d\u00e9taillants renvoient \u00e0 la demande de la client\u00e8le. Ce transfert de responsabilit\u00e9 s&rsquo;appelle du <em>greenshifting<\/em>.<\/p>\n\n<p>\u00abLes r\u00e9actions de Coop et de Migros \u00e0 notre analyse sont d\u00e9cevantes, mais malheureusement pas surprenantes\u00bb, d\u00e9clare Barbara Wegmann, experte consommation chez Greenpeace Suisse. \u00abMigros, en particulier, r\u00e9agit en faisant encore plus de <em>greenshifting<\/em>: elle affirme que son offre de viande est importante pour que les clients n&rsquo;ach\u00e8tent pas de la viande \u00e9trang\u00e8re \u00e0 la place. Migros continue pourtant de vendre de la <a href=\"https:\/\/www.greenpeace.ch\/static\/planet4-switzerland-stateless\/2024\/07\/57a5375b-migros-wochenhits-25.6-1.7.jpg\">viande de b\u0153uf import\u00e9e d&rsquo;Uruguay<\/a> avec des rabais allant jusqu&rsquo;\u00e0 -30% et Coop du <a href=\"https:\/\/www.coop.ch\/fr\/nourriture\/viandes-poissons\/viandes-fraiches-emballees\/volaille\/poitrines-de-poulet-2-pieces-env\/p\/5769190?context=search\">poulet de Slov\u00e9nie<\/a> \u00e0 45%.\u00bb<\/p>\n\n<p><\/p>\n\n<p><strong>Mat\u00e9riel compl\u00e9mentaire<\/strong><\/p>\n\n<p><a href=\"https:\/\/media.greenpeace.org\/Detail\/27MZIFJBAWS2Y\">Photos<\/a> des actions men\u00e9es aux si\u00e8ges principaux de Coop et de Migros (mise \u00e0 jour tout au long de la journ\u00e9e)<\/p>\n\n<p>Rapport \u00ab<a href=\"https:\/\/www.greenpeace.ch\/fr\/publication\/109448\/coop-migros-greenshifting-climat\/\">Greenshifting au lieu de protection du climat<\/a>\u00bb (juin 2024)<\/p>\n\n<p><a href=\"https:\/\/www.greenpeace.ch\/fr\/agir\/coop-migros-plus-durabilite-rayons\/\">P\u00e9tition<\/a> pour plus de durabilit\u00e9 dans l&rsquo;assortiment de Coop et Migros<\/p>\n\n<p><\/p>\n\n<p><strong>Contacts<\/strong><\/p>\n\n<p>Barbara Wegmann, experte en consommation, Greenpeace Suisse, +41 44 447 41 08, <a href=\"mailto:barbara.wegmann@greenpeace.org\">barbara.wegmann@greenpeace.org<\/a><\/p>\n\n<p>Fanny Eternod, porte-parole consommation, Greenpeace Suisse, + 41 78 662 07 31, <a href=\"mailto:fanny.eternod@greenpeace.org\">fanny.eternod@greenpeace.org<\/a><\/p>\n","protected":false},"excerpt":{"rendered":"<p>Avec une action spectaculaire et non-violente, 28 militant\u00b7es Greenpeace exhortent Coop et Migros \u00e0 prendre leurs responsabilit\u00e9s pour atteindre leurs objectifs climatiques. <\/p>\n","protected":false},"author":103,"featured_media":109921,"comment_status":"closed","ping_status":"closed","sticky":false,"template":"","format":"standard","meta":{"_acf_changed":false,"_planet4_optimize_post_is_variant":false,"_planet4_optimize_experiment_name":"","_planet4_optimize_variant_name":"","ep_exclude_from_search":false,"p4_og_title":"","p4_og_description":"","p4_og_image":"","p4_og_image_id":"","p4_seo_canonical_url":"","p4_campaign_name":"","p4_local_project":"","p4_basket_name":"","p4_department":"","footnotes":""},"categories":[22],"tags":[113,218],"p4-page-type":[73],"gpch-article-type":[],"class_list":["post-109859","post","type-post","status-publish","format-standard","has-post-thumbnail","hentry","category-non-classifiee","tag-alimentation","tag-consommation","p4-page-type-communique-de-presse"],"acf":[],"_links":{"self":[{"href":"https:\/\/www.greenpeace.ch\/fr\/wp-json\/wp\/v2\/posts\/109859","targetHints":{"allow":["GET"]}}],"collection":[{"href":"https:\/\/www.greenpeace.ch\/fr\/wp-json\/wp\/v2\/posts"}],"about":[{"href":"https:\/\/www.greenpeace.ch\/fr\/wp-json\/wp\/v2\/types\/post"}],"author":[{"embeddable":true,"href":"https:\/\/www.greenpeace.ch\/fr\/wp-json\/wp\/v2\/users\/103"}],"replies":[{"embeddable":true,"href":"https:\/\/www.greenpeace.ch\/fr\/wp-json\/wp\/v2\/comments?post=109859"}],"version-history":[{"count":5,"href":"https:\/\/www.greenpeace.ch\/fr\/wp-json\/wp\/v2\/posts\/109859\/revisions"}],"predecessor-version":[{"id":109927,"href":"https:\/\/www.greenpeace.ch\/fr\/wp-json\/wp\/v2\/posts\/109859\/revisions\/109927"}],"wp:featuredmedia":[{"embeddable":true,"href":"https:\/\/www.greenpeace.ch\/fr\/wp-json\/wp\/v2\/media\/109921"}],"wp:attachment":[{"href":"https:\/\/www.greenpeace.ch\/fr\/wp-json\/wp\/v2\/media?parent=109859"}],"wp:term":[{"taxonomy":"category","embeddable":true,"href":"https:\/\/www.greenpeace.ch\/fr\/wp-json\/wp\/v2\/categories?post=109859"},{"taxonomy":"post_tag","embeddable":true,"href":"https:\/\/www.greenpeace.ch\/fr\/wp-json\/wp\/v2\/tags?post=109859"},{"taxonomy":"p4-page-type","embeddable":true,"href":"https:\/\/www.greenpeace.ch\/fr\/wp-json\/wp\/v2\/p4-page-type?post=109859"},{"taxonomy":"gpch-article-type","embeddable":true,"href":"https:\/\/www.greenpeace.ch\/fr\/wp-json\/wp\/v2\/gpch-article-type?post=109859"}],"curies":[{"name":"wp","href":"https:\/\/api.w.org\/{rel}","templated":true}]}}