{"id":112861,"date":"2024-09-26T11:03:05","date_gmt":"2024-09-26T09:03:05","guid":{"rendered":"https:\/\/www.greenpeace.ch\/?p=112861"},"modified":"2024-09-26T17:49:43","modified_gmt":"2024-09-26T15:49:43","slug":"fact-check-cinq-idees-recues-sur-le-verdict-de-la-cour-europeenne-des-droits-de-lhomme-sur-le-climat","status":"publish","type":"post","link":"https:\/\/www.greenpeace.ch\/fr\/story-fr\/112861\/fact-check-cinq-idees-recues-sur-le-verdict-de-la-cour-europeenne-des-droits-de-lhomme-sur-le-climat\/","title":{"rendered":"Fact check: cinq id\u00e9es re\u00e7ues sur le verdict de la Cour europ\u00e9enne des droits de l\u2019homme sur le climat"},"content":{"rendered":"\n<p>Avec <a href=\"https:\/\/www.greenpeace.ch\/fr\/story-fr\/107221\/nous-avons-ecrit-lhistoire\/\">la victoire des A\u00een\u00e9es pour le climat Suisse devant la Cour europ\u00e9enne des droits de l&rsquo;homme (CEDH) en avril 2024<\/a>, la Suisse a \u00e9t\u00e9 condamn\u00e9e pour sa politique climatique insuffisante. Le verdict a suscit\u00e9 de nombreux commentaires, notamment de la part de personnes et de politicien\u00b7nes oppos\u00e9s \u00e0 son application. Petit tour d\u2019horizon des arguments les plus utilis\u00e9s pour refuser la mise en \u0153uvre de l\u2019arr\u00eat de la CEDH.<br><\/p>\n\n<h3 class=\"wp-block-heading\">\ud83e\udd14 <strong>Affirmation 1: Avec son verdict, la CEDH a ouvert la possibilit\u00e9 de poursuivre l\u2019application de l\u2019Accord de Paris sur le climat en justice. <\/strong><\/h3>\n\n<p>\u27a1\ufe0f C&rsquo;est <strong>FAUX \u274c<\/strong><\/p>\n\n<!DOCTYPE html>\n<html lang=\"en\">\n<head>\n    <meta charset=\"UTF-8\">\n    <meta name=\"viewport\" content=\"width=device-width, initial-scale=1.0\">\n    <title>Green Box with Enlarged Text<\/title>\n    <style>\n        .green-box {\n            background-color: #d4edda; \/* light green background *\/\n            border: 2px solid #28a745; \/* green border *\/\n            padding: 10px;\n            border-radius: 5px;\n            font-size: 24px; \/* enlarge the text *\/\n            color: #155724; \/* dark green text *\/\n            display: inline-block;\n        }\n    <\/style>\n<\/head>\n<body>\n\n    <div class=\"green-box\">\u2705 VRAI:  La Cour a bas\u00e9 son verdict sur l\u2019article 8 de la Convention europ\u00e9enne des droits de l\u2019homme.<\/div>\n\n<\/body>\n<\/html>\n\n<p>\ud83e\udd13 <strong>Explication: <\/strong>Dans l\u2019arr\u00eat des A\u00een\u00e9es pour le climat Suisse, la CEDH a constat\u00e9 que la Suisse avait viol\u00e9 l\u2019article 8 de la Convention europ\u00e9enne des droits de l\u2019homme (CEDH). C\u2019est cette base l\u00e9gale qui justifie la d\u00e9cision, et non pas l\u2019Accord de Paris.<\/p>\n\n<p>L\u2019obligation de protection fond\u00e9e sur les droits humains d\u00e9finie par la Convention europ\u00e9enne des droits de l\u2019homme coexiste avec l\u2019Accord de Paris. L\u2019Accord de Paris ne remet pas en cause les droits humains. Au contraire, le pr\u00e9ambule de l\u2019Accord de Paris stipule : \u201c&#8230;<em>conscientes que les changements climatiques sont un sujet de pr\u00e9occupation pour l\u2019humanit\u00e9 tout enti\u00e8re et que, lorsqu\u2019elles prennent des mesures face \u00e0 ces changements, les Parties devraient respecter, promouvoir et prendre en consid\u00e9ration leurs obligations respectives concernant les droits de l\u2019Homme<\/em>, (&#8230;)\u201d.<\/p>\n\n<p>Concr\u00e8tement, la CEDH a jug\u00e9 que toutes les personnes ont, en vertu de l\u2019article 8 de la Convention europ\u00e9enne des droits de l&rsquo;homme, le droit d&rsquo;\u00eatre prot\u00e9g\u00e9es contre les effets n\u00e9fastes du r\u00e9chauffement climatique sur la vie, la sant\u00e9, le bien-\u00eatre et la qualit\u00e9 de vie.&nbsp;Les \u00c9tats doivent adopter des lois efficaces pour garantir que l\u2019\u00e9l\u00e9vation globale des temp\u00e9ratures demeure sous les&nbsp;1,5 \u00b0C, et ce, en respectant le budget carbone mondial restant. La CEDH a conclu que la politique climatique de la Suisse est insuffisante pour limiter le r\u00e9chauffement \u00e0 1,5 \u00b0C. La principale critique tient au fait que le budget carbone pris en compte dans la l\u00e9gislation est incompatible avec le budget mondial restant <a href=\"https:\/\/www.greenpeace.ch\/fr\/story-fr\/112285\/le-conseil-federal-bafoue-les-droits-humains\/\">(En savoir plus sur le budget carbone).<\/a><\/p>\n\n<h3 class=\"wp-block-heading\">\ud83e\udd14 <strong>Affirmation 2:<\/strong> <strong>La CEDH fait preuve d&rsquo;activisme judiciaire.<\/strong><\/h3>\n\n<div class=\"wp-block-columns is-layout-flex wp-container-core-columns-is-layout-9d6595d7 wp-block-columns-is-layout-flex\">\n<div class=\"wp-block-column is-layout-flow wp-block-column-is-layout-flow\" style=\"flex-basis:33.33%\">\n<p>\u27a1\ufe0f C&rsquo;est <strong>FAUX \u274c<\/strong><\/p>\n<\/div>\n\n\n\n<div class=\"wp-block-column is-layout-flow wp-block-column-is-layout-flow\" style=\"flex-basis:66.66%\"><\/div>\n<\/div>\n\n<!DOCTYPE html>\n<html lang=\"en\">\n<head>\n    <meta charset=\"UTF-8\">\n    <meta name=\"viewport\" content=\"width=device-width, initial-scale=1.0\">\n    <title>Green Box with Text<\/title>\n    <style>\n        .green-box {\n            background-color: #d4edda; \/* light green background *\/\n            border: 2px solid #28a745; \/* green border *\/\n            padding: 10px;\n            border-radius: 5px;\n            font-size: 24px; \/* enlarge the text *\/\n            color: #155724; \/* dark green text *\/\n            display: inline-block;\n        }\n    <\/style>\n<\/head>\n<body>\n\n    <div class=\"green-box\"> \u2705 VRAI: La Convention europ\u00e9enne des droits de l\u2019homme est un \u00abinstrument vivant\u00bb qui \u00e9volue et s&rsquo;adapte aux changements soci\u00e9taux et juridiques. Les juges ont conclu que ce texte s\u2019applique \u00e9galement au r\u00e9chauffement climatique.<\/div>\n\n<\/body>\n<\/html>\n\n<p>\ud83e\udd13 <strong>Explication:<\/strong> Dans le cadre de son verdict, la CEDH a pris en compte les d\u00e9cisions de plusieurs&nbsp;cours de justice de diff\u00e9rents pays membres comme l\u2019Allemagne, la Belgique, la France et les Pays-Bas, qui se sont \u00e9galement prononc\u00e9es sur le lien entre&nbsp;la protection des droits humains et le r\u00e9chauffement climatique. La Convention europ\u00e9enne des droits de l\u2019homme est consid\u00e9r\u00e9e comme un \u00abinstrument vivant\u00bb qui \u00e9volue avec les circonstances soci\u00e9tales et juridiques changeantes. Les d\u00e9cisions de ces pays ont servi de points de r\u00e9f\u00e9rence pour la CEDH afin d\u2019\u00e9valuer les nouvelles questions li\u00e9es au climat.<\/p>\n\n<p>Accuser les juges de la CEDH d\u2019\u201dactivisme\u201d revient \u00e0 vouloir limiter leur ind\u00e9pendance. \u00c7a constitue une atteinte dangereuse \u00e0 l\u2019\u00c9tat de droit. Les juges de la CEDH, tout comme les juges f\u00e9d\u00e9raux, exercent leur fonction de mani\u00e8re ind\u00e9pendante et impartiale, et sont uniquement soumis \u00e0 la loi. L\u2019ind\u00e9pendance judiciaire est un \u00e9l\u00e9ment fondamental du principe de l\u2019\u00c9tat de droit, tout comme la s\u00e9paration des pouvoirs. Intervenir dans l\u2019application des verdicts des juges de la CEDH est incompatible avec ce principe.<\/p>\n\n<h3 class=\"wp-block-heading\">\ud83e\udd14 <strong>Affirmation 3:<\/strong> <strong>La Suisse est libre de d\u00e9cider si elle met en \u0153uvre les verdicts de la CEDH. Ignorer le verdict est sans cons\u00e9quences.<\/strong><\/h3>\n\n<div class=\"wp-block-columns is-layout-flex wp-container-core-columns-is-layout-9d6595d7 wp-block-columns-is-layout-flex\">\n<div class=\"wp-block-column is-layout-flow wp-block-column-is-layout-flow\" style=\"flex-basis:33.33%\">\n<p>\u27a1\ufe0f C&rsquo;est <strong>FAUX \u274c<\/strong><\/p>\n<\/div>\n<\/div>\n\n<!DOCTYPE html>\n<html lang=\"en\">\n<head>\n    <meta charset=\"UTF-8\">\n    <meta name=\"viewport\" content=\"width=device-width, initial-scale=1.0\">\n    <title>Green Box with Text<\/title>\n    <style>\n        .green-box {\n            background-color: #d4edda; \/* light green background *\/\n            border: 2px solid #28a745; \/* green border *\/\n            padding: 10px;\n            border-radius: 5px;\n            font-size: 24px; \/* enlarge the text *\/\n            color: #155724; \/* dark green text *\/\n            display: inline-block;\n        }\n    <\/style>\n<\/head>\n<body>\n\n    <div class=\"green-box\"> \u2705 VRAI: La Suisse s&rsquo;est engag\u00e9e \u00e0 mettre en \u0153uvre les verdicts de la CEDH.<\/div>\n\n<\/body>\n<\/html>\n\n<p>\ud83e\udd13 <strong>Explication:<\/strong> Le verdict de la CEDH est contraignant. La Suisse est tenue de respecter les verdicts de la CEDH, et le Comit\u00e9 des Ministres surveille leur mise en \u0153uvre. Cela est stipul\u00e9 \u00e0 l&rsquo;article 46 de la Convention europ\u00e9enne des droits de l&rsquo;homme.<\/p>\n\n<p>Il est courant de devoir modifier les lois nationales en raison des d\u00e9cisions de la CEDH. Le fait qu\u2019en Suisse la d\u00e9mocratie directe permet de se passer d&rsquo;une juridiction constitutionnelle n\u2019y change rien. La Suisse a ratifi\u00e9 la Convention europ\u00e9enne des droits de l\u2019homme et doit respecter les d\u00e9cisions de la CEDH.<\/p>\n\n<p>Le Conseil f\u00e9d\u00e9ral a tort d\u2019affirmer que le verdict de la CEDH est d\u00e9j\u00e0 mis en \u0153uvre. Cela constitue une atteinte aux libert\u00e9s fondamentales. Les droits humains sont universels et s&rsquo;appliquent \u00e0 toutes et tous. En refusant de revoir et renforcer la protection climatique en Suisse conform\u00e9ment aux exigences de la CEDH, le Conseil f\u00e9d\u00e9ral viole les droits humains.<\/p>\n\n<p>Cela a des cons\u00e9quences. Avec sa position, le Conseil f\u00e9d\u00e9ral envoie un signal dangereux aux \u00c9tats du Conseil de l&rsquo;Europe: il affirme que les arr\u00eats de la Cour ne sont pas contraignants et que des mesures de protection du climat peuvent \u00eatre prises \u00e0 la carte. \u00ab\u00a0Cette position affaiblit l&rsquo;\u00c9tat de droit et la protection des droits humains en Europe\u201d, explique Alexandra Karle, directrice d\u2019Amnesty Suisse. \u201cLe Conseil f\u00e9d\u00e9ral affaiblit la Convention europ\u00e9enne des droits de l\u2019homme et par cons\u00e9quent les droits humains et la d\u00e9mocratie\u201d, \u00e9crit Operation Libero.<\/p>\n\n<h3 class=\"wp-block-heading\">\ud83e\udd14 <strong>Affirmation 4:<\/strong> <strong>Avec son verdict, la CEDH viole le principe de s\u00e9paration des pouvoirs et interf\u00e8re dans la politique climatique suisse.<\/strong><\/h3>\n\n<div class=\"wp-block-columns is-layout-flex wp-container-core-columns-is-layout-9d6595d7 wp-block-columns-is-layout-flex\">\n<div class=\"wp-block-column is-layout-flow wp-block-column-is-layout-flow\" style=\"flex-basis:33.33%\">\n<p>\u27a1\ufe0f C&rsquo;est <strong>FAUX \u274c<\/strong><\/p>\n<\/div>\n\n\n\n<div class=\"wp-block-column is-layout-flow wp-block-column-is-layout-flow\" style=\"flex-basis:66.66%\">\n<p><\/p>\n<\/div>\n<\/div>\n\n<!DOCTYPE html>\n<html lang=\"en\">\n<head>\n    <meta charset=\"UTF-8\">\n    <meta name=\"viewport\" content=\"width=device-width, initial-scale=1.0\">\n    <title>Green Box with Text<\/title>\n    <style>\n        .green-box {\n            background-color: #d4edda; \/* light green background *\/\n            border: 2px solid #28a745; \/* green border *\/\n            padding: 10px;\n            border-radius: 5px;\n            font-size: 24px; \/* enlarge the text *\/\n            color: #155724; \/* dark green text *\/\n            display: inline-block;\n        }\n    <\/style>\n<\/head>\n<body>\n\n    <div class=\"green-box\"> \u2705 VRAI: Il est impossible pour la CEDH d\u2019intervenir dans la l\u00e9gislation suisse et cela vaut aussi pour le verdict des A\u00een\u00e9es pour le climat.<\/div>\n\n<\/body>\n<\/html>\n\n<p>\ud83e\udd13 <strong>Explication:<\/strong> La CEDH a constat\u00e9 que les objectifs poursuivis par la politique climatique de la Suisse et les mesures qu\u2019elle a adopt\u00e9es sont insuffisantes pour garantir la protection des droits humains. La CEDH s\u2019est donc limit\u00e9e \u00e0 sa mission, qui lui est conf\u00e9r\u00e9e par la Convention europ\u00e9enne des droits de l\u2019homme.<\/p>\n\n<p>Il appartient aux autorit\u00e9s suisses, c\u2019est-\u00e0-dire au Conseil f\u00e9d\u00e9ral et au Parlement, de d\u00e9finir les objectifs n\u00e9cessaires et de prendre les mesures pour que la Suisse contribue de mani\u00e8re ad\u00e9quate \u00e0 la limitation du changement climatique. C\u2019est \u00e0 eux de rem\u00e9dier \u00e0 la violation des droits humains. Si des modifications du droit f\u00e9d\u00e9ral sont n\u00e9cessaires, un vote pourrait avoir lieu \u2013 et le peuple devra trancher. M\u00eame apr\u00e8s cet arr\u00eat, ce sont toujours le Parlement et le peuple qui m\u00e8nent la politique climatique en Suisse.<\/p>\n\n<h3 class=\"wp-block-heading\">\ud83e\udd14 <strong>Affirmation 5:<\/strong> <strong>Qu\u2019une d\u00e9cision judiciaire d\u00e9termine la politique climatique est antid\u00e9mocratique. Le verdict est une attaque contre la d\u00e9mocratie directe.<\/strong><\/h3>\n\n<div class=\"wp-block-columns is-layout-flex wp-container-core-columns-is-layout-9d6595d7 wp-block-columns-is-layout-flex\">\n<div class=\"wp-block-column is-layout-flow wp-block-column-is-layout-flow\" style=\"flex-basis:33.33%\">\n<p>\u27a1\ufe0f C&rsquo;est <strong>FAUX \u274c<\/strong><\/p>\n<\/div>\n\n\n\n<div class=\"wp-block-column is-layout-flow wp-block-column-is-layout-flow\" style=\"flex-basis:66.66%\">\n<p><\/p>\n<\/div>\n<\/div>\n\n<!DOCTYPE html>\n<html lang=\"en\">\n<head>\n    <meta charset=\"UTF-8\">\n    <meta name=\"viewport\" content=\"width=device-width, initial-scale=1.0\">\n    <title>Green Box with Text<\/title>\n    <style>\n        .green-box {\n            background-color: #d4edda; \/* light green background *\/\n            border: 2px solid #28a745; \/* green border *\/\n            padding: 10px;\n            border-radius: 5px;\n            font-size: 24px; \/* enlarge the text *\/\n            color: #155724; \/* dark green text *\/\n            display: inline-block;\n        }\n    <\/style>\n<\/head>\n<body>\n\n    <div class=\"green-box\"> \u2705 VRAI: La possibilit\u00e9 de contester en justice les objectifs et mesures insuffisants de la Suisse fait partie du cadre juridique d\u00e9mocratique de la Suisse, comme dans tous les \u00c9tats membres du Conseil de l&rsquo;Europe.<\/div>\n\n<\/body>\n<\/html>\n\n<p>\ud83e\udd13 <strong>Explication:<\/strong> La politique climatique actuelle de la Suisse n\u2019est pas le r\u00e9sultat final de la formation d\u2019une volont\u00e9 d\u00e9mocratique. La CEDH s\u2019est content\u00e9e de constater que les efforts d\u00e9ploy\u00e9s jusqu\u2019\u00e0 pr\u00e9sent par la Suisse sont insuffisants pour contribuer \u00e0 la lutte contre le r\u00e9chauffement climatique, sans d\u00e9finir les contours que devait prendre sa politique dans ce domaine.&nbsp;<\/p>\n\n<p>La possibilit\u00e9 d\u2019agir en justice contre l\u2019insuffisance des objectifs fix\u00e9s et des mesures prises par la Suisse fait partie de l\u2019ordre juridique d\u00e9mocratique suisse comme de celui de tous les autres \u00c9tats membres du Conseil de l\u2019Europe. Par ailleurs, tout processus d\u00e9mocratique doit \u00eatre respectueux des droits humains. Le cas \u00e9ch\u00e9ant, il revient \u00e0 la CEDH, mais aussi aux tribunaux nationaux, de constater de telles violations. Cela renforce la d\u00e9mocratie et lui donne un \u00e9lan bienvenu pour garantir le respect de nos libert\u00e9s fondamentales.<\/p>\n\t\t\t<section\n\t\t\tclass=\"boxout post-112100 \"\n\t\t\t\n\t\t>\n\t\t\t<a\n\t\t\t\tdata-ga-category=\"Take Action Boxout\"\n\t\t\t\tdata-ga-action=\"Image\"\n\t\t\t\tdata-ga-label=\"n\/a\"\n\t\t\t\tclass=\"cover-card-overlay\"\n\t\t\t\thref=\"https:\/\/www.greenpeace.ch\/fr\/cher-conseil-federal-respectez-le-jugement-de-la-cedh\/\" \n\t\t\t><\/a>\n\t\t\t\t\t\t\t<img\n\t\t\t\t\t\tsrc=\"https:\/\/www.greenpeace.ch\/static\/planet4-switzerland-stateless\/2024\/08\/cdb21abd-gp1szwn5_medium-res-1200px-1024x683.jpg\"\n\t\t\t\t\t\tsrcset=\"https:\/\/www.greenpeace.ch\/static\/planet4-switzerland-stateless\/2024\/08\/cdb21abd-gp1szwn5_medium-res-1200px-300x200.jpg 300w, https:\/\/www.greenpeace.ch\/static\/planet4-switzerland-stateless\/2024\/08\/cdb21abd-gp1szwn5_medium-res-1200px-1024x683.jpg 1024w, https:\/\/www.greenpeace.ch\/static\/planet4-switzerland-stateless\/2024\/08\/cdb21abd-gp1szwn5_medium-res-1200px-768x512.jpg 768w, https:\/\/www.greenpeace.ch\/static\/planet4-switzerland-stateless\/2024\/08\/cdb21abd-gp1szwn5_medium-res-1200px-510x340.jpg 510w, https:\/\/www.greenpeace.ch\/static\/planet4-switzerland-stateless\/2024\/08\/cdb21abd-gp1szwn5_medium-res-1200px.jpg 1200w\"\n\t\t\t\t\t\tsizes=\"(min-width: 1000px) 358px, (min-width: 780px) 313px, 88px\"\n\t\t\t\t\t\talt=\"\" title=\"\"\n\t\t\t\t\/>\n            \t\t\t<div class=\"boxout-content\">\n\t\t\t\t\t\t\t\t\t<a\n\t\t\t\t\t\tclass=\"boxout-heading medium\"\n\t\t\t\t\t\tdata-ga-category=\"Take Action Boxout\"\n\t\t\t\t\t\tdata-ga-action=\"Title\"\n\t\t\t\t\t\tdata-ga-label=\"n\/a\"\n\t\t\t\t\t\thref=\"https:\/\/www.greenpeace.ch\/fr\/cher-conseil-federal-respectez-le-jugement-de-la-cedh\/\"\n\t\t\t\t\t\t\n\t\t\t\t\t>\n\t\t\t\t\t\tCher Conseil f\u00e9d\u00e9ral, respectez le jugement de la CEDH !\n\t\t\t\t\t<\/a>\n\t\t\t\t\t\t\t\t\t\t\t\t\t<p class=\"boxout-excerpt\">Rappelez au Conseil f\u00e9d\u00e9ral qu\u2019il \u00e0 le devoir de prot\u00e9ger les droits humains et de mettre en place une politique climatique coh\u00e9rente.<\/p>\n\t\t\t\t                                    <a\n                        class=\"btn btn-primary\"\n                        data-ga-category=\"Take Action Boxout\"\n                        data-ga-action=\"Call to Action\"\n                        data-ga-label=\"n\/a\"\n                        href=\"https:\/\/www.greenpeace.ch\/fr\/cher-conseil-federal-respectez-le-jugement-de-la-cedh\/\"\n                        \n                    >\n                        Impliquez-vous\n                    <\/a>\n                \t\t\t<\/div>\n\t\t\t\t\t<\/section>\n\t","protected":false},"excerpt":{"rendered":"<p>Petit tour d\u2019horizon des arguments les plus utilis\u00e9s pour refuser la mise en \u0153uvre de l\u2019arr\u00eat de la Cour europ\u00e9enne des droits de l&rsquo;homme sur le climat.<\/p>\n","protected":false},"author":48,"featured_media":112963,"comment_status":"closed","ping_status":"open","sticky":false,"template":"","format":"standard","meta":{"_acf_changed":false,"_planet4_optimize_post_is_variant":false,"_planet4_optimize_experiment_name":"","_planet4_optimize_variant_name":"","ep_exclude_from_search":false,"p4_og_title":"","p4_og_description":"","p4_og_image":"","p4_og_image_id":"","p4_seo_canonical_url":"","p4_campaign_name":"","p4_local_project":"","p4_basket_name":"","p4_department":"","footnotes":""},"categories":[22,22],"tags":[136,58],"p4-page-type":[77],"gpch-article-type":[],"class_list":{"0":"post-112861","1":"post","2":"type-post","3":"status-publish","4":"format-standard","5":"has-post-thumbnail","6":"hentry","7":"category-non-classifiee","9":"tag-justice-climatique","10":"tag-climat","11":"p4-page-type-story-fr"},"acf":[],"_links":{"self":[{"href":"https:\/\/www.greenpeace.ch\/fr\/wp-json\/wp\/v2\/posts\/112861","targetHints":{"allow":["GET"]}}],"collection":[{"href":"https:\/\/www.greenpeace.ch\/fr\/wp-json\/wp\/v2\/posts"}],"about":[{"href":"https:\/\/www.greenpeace.ch\/fr\/wp-json\/wp\/v2\/types\/post"}],"author":[{"embeddable":true,"href":"https:\/\/www.greenpeace.ch\/fr\/wp-json\/wp\/v2\/users\/48"}],"replies":[{"embeddable":true,"href":"https:\/\/www.greenpeace.ch\/fr\/wp-json\/wp\/v2\/comments?post=112861"}],"version-history":[{"count":5,"href":"https:\/\/www.greenpeace.ch\/fr\/wp-json\/wp\/v2\/posts\/112861\/revisions"}],"predecessor-version":[{"id":113105,"href":"https:\/\/www.greenpeace.ch\/fr\/wp-json\/wp\/v2\/posts\/112861\/revisions\/113105"}],"wp:featuredmedia":[{"embeddable":true,"href":"https:\/\/www.greenpeace.ch\/fr\/wp-json\/wp\/v2\/media\/112963"}],"wp:attachment":[{"href":"https:\/\/www.greenpeace.ch\/fr\/wp-json\/wp\/v2\/media?parent=112861"}],"wp:term":[{"taxonomy":"category","embeddable":true,"href":"https:\/\/www.greenpeace.ch\/fr\/wp-json\/wp\/v2\/categories?post=112861"},{"taxonomy":"post_tag","embeddable":true,"href":"https:\/\/www.greenpeace.ch\/fr\/wp-json\/wp\/v2\/tags?post=112861"},{"taxonomy":"p4-page-type","embeddable":true,"href":"https:\/\/www.greenpeace.ch\/fr\/wp-json\/wp\/v2\/p4-page-type?post=112861"},{"taxonomy":"gpch-article-type","embeddable":true,"href":"https:\/\/www.greenpeace.ch\/fr\/wp-json\/wp\/v2\/gpch-article-type?post=112861"}],"curies":[{"name":"wp","href":"https:\/\/api.w.org\/{rel}","templated":true}]}}