{"id":113161,"date":"2024-09-30T16:01:55","date_gmt":"2024-09-30T14:01:55","guid":{"rendered":"https:\/\/www.greenpeace.ch\/?p=113161"},"modified":"2024-10-01T12:21:46","modified_gmt":"2024-10-01T10:21:46","slug":"la-confederation-fausse-le-debat-sur-le-nucleaire-avec-un-rapport-biaise-et-incomplet","status":"publish","type":"post","link":"https:\/\/www.greenpeace.ch\/fr\/story-fr\/113161\/la-confederation-fausse-le-debat-sur-le-nucleaire-avec-un-rapport-biaise-et-incomplet\/","title":{"rendered":"La Conf\u00e9d\u00e9ration fausse le d\u00e9bat sur le nucl\u00e9aire avec un rapport biais\u00e9 et incomplet"},"content":{"rendered":"\n<p><strong>Le conseiller f\u00e9d\u00e9ral Albert R\u00f6sti a rouvert la porte \u00e0 la construction de nouvelles centrales nucl\u00e9aires en Suisse. Dans quelques mois, le Parlement se penchera sur ce sujet. Un rapport qui circule actuellement \u00e0 Berne, cens\u00e9 servir de base \u00e0 cette discussion, est non seulement biais\u00e9 mais \u00e9galement incomplet. Il a en outre \u00e9t\u00e9 r\u00e9dig\u00e9 par des auteurs ayant des conflits d\u2019int\u00e9r\u00eats. Greenpeace a d\u00e9pos\u00e9 une plainte \u00e0 ce sujet.<\/strong><\/p>\n\n<p>En 2017, le peuple suisse s\u2019est clairement prononc\u00e9 contre la construction de nouvelles centrales nucl\u00e9aires dans le pays. Pourtant, le Conseil f\u00e9d\u00e9ral envisage d\u00e9j\u00e0 de remettre en cause cette d\u00e9cision populaire. Il b\u00e9n\u00e9ficie du soutien du lobby nucl\u00e9aire, qui a d\u00e9pos\u00e9 en <a href=\"https:\/\/www.greenpeace.ch\/fr\/communique-de-presse\/106074\/nucleaire-dangereuse-inutile\/\">d\u00e9but d\u2019ann\u00e9e une initiative visant \u00e0 lever l\u2019interdiction de construire de nouvelles centrales<\/a>. Bien que le Conseil f\u00e9d\u00e9ral rejette cette initiative pro-nucl\u00e9aire, appel\u00e9e de mani\u00e8re trompeuse \u00abStop au blackout\u00bb, il propose <a href=\"https:\/\/www.greenpeace.ch\/fr\/communique-de-presse\/112487\/nucleaire-pas-avenir-2\/\">un contre-projet indirect qui viserait \u00e0 supprimer l\u2019interdiction actuelle<\/a>.<\/p>\n\n<p>Un \u00e9l\u00e9ment cl\u00e9 de ce contre-projet et des discussions \u00e0 venir au Parlement est le rapport \u00ab<em>Technology Monitoring of Nuclear Energy<\/em>\u00bb de l&rsquo;Office f\u00e9d\u00e9ral de l&rsquo;\u00e9nergie, publi\u00e9 cet \u00e9t\u00e9. Ce rapport s&rsquo;inscrit dans le cadre du \u00abmonitoring technologique de l\u2019\u00e9nergie nucl\u00e9aire\u00bb, une obligation l\u00e9gale imposant aux autorit\u00e9s de tenir r\u00e9guli\u00e8rement le public inform\u00e9 de l\u2019\u00e9tat de l\u2019\u00e9nergie nucl\u00e9aire et de ses \u00e9volutions. Greenpeace Suisse a r\u00e9cemment d\u00e9pos\u00e9 une plainte \u00e0 l\u2019autorit\u00e9 de surveillance contre cette forme de monitoring.<\/p>\n\n<h2 class=\"wp-block-heading\"><strong>Des auteurs en conflit d&rsquo;int\u00e9r\u00eats avec les exploitants nucl\u00e9aires<\/strong><\/h2>\n\n<p>Le rapport \u00ab<em>Technology Monitoring of Nuclear Energy<\/em>\u00bb est impr\u00e9cis et incomplet. Il minimise la situation globale li\u00e9e \u00e0 l&rsquo;\u00e9nergie nucl\u00e9aire. Ce document de plus de 260 pages ne mentionne par exemple \u00e0 aucun moment la situation extr\u00eamement critique de la centrale nucl\u00e9aire de Zaporijjia, en Ukraine, occup\u00e9e par la Russie au m\u00e9pris des normes de s\u00e9curit\u00e9 internationales. <a href=\"https:\/\/www.parlament.ch\/fr\/ratsbetrieb\/suche-curia-vista\/geschaeft?AffairId=20247603\">Comme l\u2019a reconnu le conseiller f\u00e9d\u00e9ral Albert R\u00f6sti en r\u00e9ponse \u00e0 une question parlementaire<\/a>, le rapport n\u2019a pas fait l\u2019objet d\u2019une r\u00e9vision qualitative.<\/p>\n\n<p>En outre, ce rapport a \u00e9t\u00e9 r\u00e9dig\u00e9 par des auteurs avec un conflit d&rsquo;int\u00e9r\u00eats. Deux des contributeurs travaillent directement avec Axpo, l\u2019exploitant de la centrale nucl\u00e9aire de Beznau et un partenaire des centrales nucl\u00e9aires de Leibstadt et de G\u00f6sgen.<\/p>\n\n<h2 class=\"wp-block-heading\"><strong>Le rapport doit \u00eatre retir\u00e9<\/strong><\/h2>\n\n<p>Ce rapport ne r\u00e9pond en aucun cas aux exigences d\u2019un monitoring objectif et complet, ce qui est particuli\u00e8rement probl\u00e9matique. En effet, ce texte est essentiel pour le d\u00e9bat actuel sur le nucl\u00e9aire, et de nombreuses personnes, y compris des experts, des membres de l&rsquo;administration f\u00e9d\u00e9rale et du Conseil f\u00e9d\u00e9ral, s\u2019appuient sur ce document. Dans sa forme actuelle, ce rapport fausse donc gravement la discussion sur l\u2019avenir du nucl\u00e9aire en Suisse.<\/p>\n\n<p>Nous exigeons le retrait imm\u00e9diat du rapport \u00ab<em>Technology Monitoring of Nuclear Energy<\/em>\u00bb. Les faits pr\u00e9sent\u00e9s doivent \u00eatre r\u00e9\u00e9valu\u00e9s de mani\u00e8re ind\u00e9pendante. Le monitoring technologique doit \u00eatre r\u00e9dig\u00e9 par des auteurs impartiaux et un comit\u00e9 d\u2019experts ind\u00e9pendants doit en assurer la qualit\u00e9 et l\u2019\u00e9quilibre.<\/p>\n\n<p>Nos revendications sont d&rsquo;autant plus cruciales que la population suisse pourrait bient\u00f4t \u00eatre appel\u00e9e \u00e0 se prononcer \u00e0 nouveau sur le sujet. Si le Parlement soutient les projets dangereux et inutiles du Conseil f\u00e9d\u00e9ral, Greenpeace et d\u2019autres organisations lanceront un r\u00e9f\u00e9rendum. Une nouvelle votation populaire pourrait alors avoir lieu.<\/p>\n\n<p>Nous nous opposons fermement \u00e0 un retour de l\u2019\u00e9nergie nucl\u00e9aire. <a href=\"https:\/\/www.greenpeace.ch\/fr\/publication\/111146\/le-nucleaire-na-pas-davenir\/\">Le nucl\u00e9aire n\u2019a pas d\u2019avenir<\/a>. Plut\u00f4t que de gaspiller du temps et de l\u2019argent dans une technologie obsol\u00e8te, le Conseil f\u00e9d\u00e9ral devrait s&rsquo;assurer que le d\u00e9veloppement des \u00e9nergies renouvelables progresse rapidement dans notre pays. C&rsquo;est la meilleure solution pour garantir la s\u00e9curit\u00e9 de notre approvisionnement \u00e9nerg\u00e9tique.<\/p>\n","protected":false},"excerpt":{"rendered":"<p>Le conseiller f\u00e9d\u00e9ral Albert R\u00f6sti a rouvert la porte \u00e0 la construction de nouvelles centrales nucl\u00e9aires en Suisse. Dans quelques mois, le Parlement se penchera sur ce sujet. Un rapport&hellip;<\/p>\n","protected":false},"author":127,"featured_media":113155,"comment_status":"closed","ping_status":"open","sticky":false,"template":"","format":"standard","meta":{"_acf_changed":false,"_planet4_optimize_post_is_variant":false,"_planet4_optimize_experiment_name":"","_planet4_optimize_variant_name":"","ep_exclude_from_search":false,"p4_og_title":"","p4_og_description":"","p4_og_image":"","p4_og_image_id":"","p4_seo_canonical_url":"","p4_campaign_name":"","p4_local_project":"","p4_basket_name":"","p4_department":"","footnotes":""},"categories":[22],"tags":[58,197],"p4-page-type":[77],"gpch-article-type":[],"class_list":["post-113161","post","type-post","status-publish","format-standard","has-post-thumbnail","hentry","category-non-classifiee","tag-climat","tag-energie-fr","p4-page-type-story-fr"],"acf":[],"_links":{"self":[{"href":"https:\/\/www.greenpeace.ch\/fr\/wp-json\/wp\/v2\/posts\/113161","targetHints":{"allow":["GET"]}}],"collection":[{"href":"https:\/\/www.greenpeace.ch\/fr\/wp-json\/wp\/v2\/posts"}],"about":[{"href":"https:\/\/www.greenpeace.ch\/fr\/wp-json\/wp\/v2\/types\/post"}],"author":[{"embeddable":true,"href":"https:\/\/www.greenpeace.ch\/fr\/wp-json\/wp\/v2\/users\/127"}],"replies":[{"embeddable":true,"href":"https:\/\/www.greenpeace.ch\/fr\/wp-json\/wp\/v2\/comments?post=113161"}],"version-history":[{"count":5,"href":"https:\/\/www.greenpeace.ch\/fr\/wp-json\/wp\/v2\/posts\/113161\/revisions"}],"predecessor-version":[{"id":113192,"href":"https:\/\/www.greenpeace.ch\/fr\/wp-json\/wp\/v2\/posts\/113161\/revisions\/113192"}],"wp:featuredmedia":[{"embeddable":true,"href":"https:\/\/www.greenpeace.ch\/fr\/wp-json\/wp\/v2\/media\/113155"}],"wp:attachment":[{"href":"https:\/\/www.greenpeace.ch\/fr\/wp-json\/wp\/v2\/media?parent=113161"}],"wp:term":[{"taxonomy":"category","embeddable":true,"href":"https:\/\/www.greenpeace.ch\/fr\/wp-json\/wp\/v2\/categories?post=113161"},{"taxonomy":"post_tag","embeddable":true,"href":"https:\/\/www.greenpeace.ch\/fr\/wp-json\/wp\/v2\/tags?post=113161"},{"taxonomy":"p4-page-type","embeddable":true,"href":"https:\/\/www.greenpeace.ch\/fr\/wp-json\/wp\/v2\/p4-page-type?post=113161"},{"taxonomy":"gpch-article-type","embeddable":true,"href":"https:\/\/www.greenpeace.ch\/fr\/wp-json\/wp\/v2\/gpch-article-type?post=113161"}],"curies":[{"name":"wp","href":"https:\/\/api.w.org\/{rel}","templated":true}]}}