{"id":113605,"date":"2024-10-21T09:26:23","date_gmt":"2024-10-21T07:26:23","guid":{"rendered":"https:\/\/www.greenpeace.ch\/?p=113605"},"modified":"2024-11-07T15:00:00","modified_gmt":"2024-11-07T14:00:00","slug":"votations-du-24-novembre-agrandir-les-autoroutes-cest-non","status":"publish","type":"post","link":"https:\/\/www.greenpeace.ch\/fr\/story-fr\/113605\/votations-du-24-novembre-agrandir-les-autoroutes-cest-non\/","title":{"rendered":"Votations du 24 novembre:\u00a0agrandir les autoroutes? C\u2019est NON!"},"content":{"rendered":"\n<p><strong>Greenpeace Suisse appelle de ses v\u0153ux de nouvelles politiques de transport, compatibles avec les efforts n\u00e9cessaires pour prot\u00e9ger notre climat, notre sant\u00e9 et notre bien-\u00eatre. C\u2019est pourquoi nous prenons part \u00e0 une alliance de 29 organisations, associations et partis qui s\u2019opposent aux 6 projets d\u2019\u00e9largissement des autoroutes contenus dans le projet soutenu par le Conseiller f\u00e9d\u00e9ral Albert R\u00f6sti. Voici les principaux arguments qui nous poussent \u00e0 nous engager pour le NON le 24 novembre. <\/strong><\/p>\n\n<ul class=\"wp-block-list\">\n<li><strong>En Suisse, <a href=\"https:\/\/www.greenpeace.ch\/fr\/story-fr\/113194\/poussieres-de-pneus-notre-poison-quotidien\/\" data-type=\"link\" data-id=\"https:\/\/www.greenpeace.ch\/fr\/story-fr\/113194\/poussieres-de-pneus-notre-poison-quotidien\/\">l\u2019abrasion des pneus<\/a> est la premi\u00e8re source des microplastiques diffus\u00e9s dans notre environnement. <\/strong>Ces poussi\u00e8res de pneus contiennent pour une grande part des additifs toxiques. Leur diffusion dans l\u2019air et les eaux de ruissellement est potentiellement nocive pour la sant\u00e9 et l\u2019environnement. Ces particules fines font partie du cocktail que nous respirons et ing\u00e9rons quotidiennement. Seule une r\u00e9duction du trafic motoris\u00e9 permet de r\u00e9duire cette pollution et le danger qu\u2019elle fait peser sur notre sant\u00e9. Agrandir les routes ou en construire de nouvelles aggraverait le probl\u00e8me.<\/li>\n\n\n\n<li><strong>Plus de routes, c\u2019est plus de voitures<\/strong>. Depuis la fin de la seconde guerre mondiale, de nombreux expert\u00b7es ont d\u00e9montr\u00e9 que la construction de nouvelles routes ou leur agrandissement induit un effet rebond qui aboutit \u00e0 une augmentation du nombre de voitures. Cette th\u00e9orie se v\u00e9rifie partout dans le monde. Cette \u00e9volution est aussi anticip\u00e9e par les autorit\u00e9s f\u00e9d\u00e9rales. Parmi les 6 extensions autorouti\u00e8res contenues dans le projet, il est notamment pr\u00e9vu d\u2019\u00e9largir \u00e0 6 voies l\u2019A1 dans la r\u00e9gion de Nyon. <a href=\"https:\/\/drive.google.com\/file\/d\/1BLMJwtrKHMKSD1qVfPnon59f8YuTWl_e\/view?usp=share_link\">Un rapport<\/a> de l\u2019Office f\u00e9d\u00e9ral des routes (OFROU) concernant ce projet reconna\u00eet une augmentation du trafic dans le secteur. <em>\u00abA l\u2019horizon 2040, l\u2019infrastructure pr\u00e9vue n\u2019est plus suffisante pour accueillir la demande de trafic<\/em>\u00bb, peut-on y lire. Les villes de <a href=\"https:\/\/conseil-municipal.geneve.ch\/conseil-municipal\/objets-interventions\/detail-objet\/objet-cm\/314-181e\/\">Gen\u00e8ve<\/a> et de <a href=\"https:\/\/www.24heures.ch\/autoroute-a1-craignant-de-suffoquer-sous-le-trafic-nyon-s-oppose-a-la-3e-voie-248231071953\">Nyon<\/a> s\u2019opposent au projet car rien n&rsquo;est pr\u00e9vu pour absorber les nombreuses voitures suppl\u00e9mentaires dans une r\u00e9gion o\u00f9 les routes sont d\u00e9j\u00e0 surcharg\u00e9es.&nbsp;<\/li>\n\n\n\n<li><strong>En Suisse, le secteur des transports, sans compter le trafic a\u00e9rien, est un des principaux \u00e9metteur de gaz \u00e0 effet de serre<\/strong>.&nbsp;Il est \u00e0 l\u2019origine d\u2019un tiers des \u00e9missions g\u00e9n\u00e9r\u00e9es sur le territoire national et plus des deux tiers sont \u00e0 mettre sur le compte des voitures individuelles. Agrandir les autoroutes augmente nos \u00e9missions carbones et la responsabilit\u00e9 de la Suisse dans les catastrophes climatiques telles que les s\u00e9cheresses, les famines, les incendies de for\u00eat et les inondations, chez nous comme partout dans le monde. Notre politique des transports doit devenir compatible avec la protection du climat et soutenir une r\u00e9duction des \u00e9missions carbones. D\u00e9penser plus de 5 milliards pour agrandir des autoroutes, c\u2019est un gaspillage extravagant face \u00e0 la crise climatique.&nbsp;<\/li>\n\n\n\n<li><strong>En plus des \u00e9missions li\u00e9es au trafic motoris\u00e9, il faut ajouter celles induites par la fabrication des v\u00e9hicules et de l\u2019extraction des mati\u00e8res premi\u00e8res.<\/strong> Les Suisses sont amateurs de v\u00e9hicules puissants et lourds, ce qui aggrave encore notre impact climatique. La Suisse a pris l\u2019engagement de respecter les objectifs de l\u2019Accord de Paris sur le climat. Impossible d\u2019y parvenir sans une r\u00e9duction du trafic. La baisse du nombre de v\u00e9hicules est aussi la voie \u00e0 suivre pour limiter les bouchons. Pour y parvenir, l\u2019argent public, notre argent, doit \u00eatre utilis\u00e9 pour favoriser l\u2019\u00e9mergence d\u2019un mod\u00e8le de mobilit\u00e9 \u00e9quitable, sobre et \u00e9cologique qui s\u2019appuie sur les transports en commun, la mobilit\u00e9 douce et des v\u00e9hicules l\u00e9gers et durables. Il faut aussi promouvoir des usages qui permettent de limiter les d\u00e9placements comme le t\u00e9l\u00e9travail, la livraison des achats ou les horaires de travail modulables. Il existe ainsi de nombreuses solutions \u00e0 explorer pour r\u00e9duire la congestion sur nos routes. Elles permettent d\u2019\u00e9viter de sacrifier inutilement des milliards d\u2019argent public, des terres agricoles, des for\u00eats ou des habitations pour agrandir les autoroutes.<br><\/li>\n<\/ul>\n\n<p>D\u00e9couvrez davantage d\u2019arguments en faveur du NON au r\u00e9f\u00e9rendum <a href=\"https:\/\/www.extension-autoroutes-non.ch\/arguments\">sur le site du comit\u00e9 r\u00e9f\u00e9rendaire<\/a>.<\/p>\n\t\t\t<section\n\t\t\tclass=\"boxout  \"\n\t\t\t\n\t\t>\n\t\t\t<a\n\t\t\t\tdata-ga-category=\"Take Action Boxout\"\n\t\t\t\tdata-ga-action=\"Image\"\n\t\t\t\tdata-ga-label=\"n\/a\"\n\t\t\t\tclass=\"cover-card-overlay\"\n\t\t\t\thref=\"https:\/\/www.extension-autoroutes-non.ch\/commander-du-materiel\" \n\t\t\t><\/a>\n\t\t\t\t\t\t\t<img\n\t\t\t\t\t\tsrc=\"https:\/\/www.greenpeace.ch\/static\/planet4-switzerland-stateless\/2024\/10\/56b7b72c-mockup-fahne-fr-cut-400x400-q80.jpg\"\n\t\t\t\t\t\tsrcset=\"https:\/\/www.greenpeace.ch\/static\/planet4-switzerland-stateless\/2024\/10\/56b7b72c-mockup-fahne-fr-cut-400x400-q80-300x211.jpg 300w, https:\/\/www.greenpeace.ch\/static\/planet4-switzerland-stateless\/2024\/10\/56b7b72c-mockup-fahne-fr-cut-400x400-q80.jpg 400w\"\n\t\t\t\t\t\tsizes=\"(min-width: 1000px) 358px, (min-width: 780px) 313px, 88px\"\n\t\t\t\t\t\talt=\"\" title=\"\"\n\t\t\t\t\/>\n            \t\t\t<div class=\"boxout-content\">\n\t\t\t\t\t\t\t\t\t<a\n\t\t\t\t\t\tclass=\"boxout-heading medium\"\n\t\t\t\t\t\tdata-ga-category=\"Take Action Boxout\"\n\t\t\t\t\t\tdata-ga-action=\"Title\"\n\t\t\t\t\t\tdata-ga-label=\"n\/a\"\n\t\t\t\t\t\thref=\"https:\/\/www.extension-autoroutes-non.ch\/commander-du-materiel\"\n\t\t\t\t\t\t\n\t\t\t\t\t>\n\t\t\t\t\t\tCommandez gratuitement du mat\u00e9riel\n\t\t\t\t\t<\/a>\n\t\t\t\t\t\t\t\t\t\t\t\t\t<p class=\"boxout-excerpt\">Montrez votre engagement contre les projets autoroutiers extr\u00eames. Commandez gratuitement du mat\u00e9riel de campagne.<\/p>\n\t\t\t\t                                    <a\n                        class=\"btn btn-primary\"\n                        data-ga-category=\"Take Action Boxout\"\n                        data-ga-action=\"Call to Action\"\n                        data-ga-label=\"n\/a\"\n                        href=\"https:\/\/www.extension-autoroutes-non.ch\/commander-du-materiel\"\n                        \n                    >\n                        Je commande\n                    <\/a>\n                \t\t\t<\/div>\n\t\t\t\t\t<\/section>\n\t\n<h3 class=\"wp-block-heading\">Le 24 novembre, votons NON aux projets extr\u00eames autoroutiers!<\/h3>\n","protected":false},"excerpt":{"rendered":"<p>Voici les principaux arguments qui nous poussent \u00e0 nous engager pour le NON le 24 novembre.<\/p>\n","protected":false},"author":127,"featured_media":113640,"comment_status":"closed","ping_status":"open","sticky":false,"template":"","format":"standard","meta":{"_acf_changed":false,"_planet4_optimize_post_is_variant":false,"_planet4_optimize_experiment_name":"","_planet4_optimize_variant_name":"","ep_exclude_from_search":false,"p4_og_title":"","p4_og_description":"","p4_og_image":"","p4_og_image_id":"","p4_seo_canonical_url":"","p4_campaign_name":"","p4_local_project":"","p4_basket_name":"","p4_department":"","footnotes":""},"categories":[22],"tags":[58],"p4-page-type":[77],"gpch-article-type":[],"class_list":["post-113605","post","type-post","status-publish","format-standard","has-post-thumbnail","hentry","category-non-classifiee","tag-climat","p4-page-type-story-fr"],"acf":[],"_links":{"self":[{"href":"https:\/\/www.greenpeace.ch\/fr\/wp-json\/wp\/v2\/posts\/113605","targetHints":{"allow":["GET"]}}],"collection":[{"href":"https:\/\/www.greenpeace.ch\/fr\/wp-json\/wp\/v2\/posts"}],"about":[{"href":"https:\/\/www.greenpeace.ch\/fr\/wp-json\/wp\/v2\/types\/post"}],"author":[{"embeddable":true,"href":"https:\/\/www.greenpeace.ch\/fr\/wp-json\/wp\/v2\/users\/127"}],"replies":[{"embeddable":true,"href":"https:\/\/www.greenpeace.ch\/fr\/wp-json\/wp\/v2\/comments?post=113605"}],"version-history":[{"count":11,"href":"https:\/\/www.greenpeace.ch\/fr\/wp-json\/wp\/v2\/posts\/113605\/revisions"}],"predecessor-version":[{"id":114214,"href":"https:\/\/www.greenpeace.ch\/fr\/wp-json\/wp\/v2\/posts\/113605\/revisions\/114214"}],"wp:featuredmedia":[{"embeddable":true,"href":"https:\/\/www.greenpeace.ch\/fr\/wp-json\/wp\/v2\/media\/113640"}],"wp:attachment":[{"href":"https:\/\/www.greenpeace.ch\/fr\/wp-json\/wp\/v2\/media?parent=113605"}],"wp:term":[{"taxonomy":"category","embeddable":true,"href":"https:\/\/www.greenpeace.ch\/fr\/wp-json\/wp\/v2\/categories?post=113605"},{"taxonomy":"post_tag","embeddable":true,"href":"https:\/\/www.greenpeace.ch\/fr\/wp-json\/wp\/v2\/tags?post=113605"},{"taxonomy":"p4-page-type","embeddable":true,"href":"https:\/\/www.greenpeace.ch\/fr\/wp-json\/wp\/v2\/p4-page-type?post=113605"},{"taxonomy":"gpch-article-type","embeddable":true,"href":"https:\/\/www.greenpeace.ch\/fr\/wp-json\/wp\/v2\/gpch-article-type?post=113605"}],"curies":[{"name":"wp","href":"https:\/\/api.w.org\/{rel}","templated":true}]}}