{"id":113891,"date":"2024-10-29T09:52:27","date_gmt":"2024-10-29T08:52:27","guid":{"rendered":"https:\/\/www.greenpeace.ch\/?p=113891"},"modified":"2024-10-29T16:00:17","modified_gmt":"2024-10-29T15:00:17","slug":"traite-international-la-suisse-doit-sengager-en-faveur-dune-reduction-drastique-de-la-production-de-plastique","status":"publish","type":"post","link":"https:\/\/www.greenpeace.ch\/fr\/communique-de-presse\/113891\/traite-international-la-suisse-doit-sengager-en-faveur-dune-reduction-drastique-de-la-production-de-plastique\/","title":{"rendered":"Trait\u00e9 international: la Suisse doit s&rsquo;engager en faveur d\u2019une r\u00e9duction drastique de la production de plastique"},"content":{"rendered":"\n<p><strong>A moins d\u2019un mois de la reprise des n\u00e9gociations sur le trait\u00e9 international contre la pollution plastique, des militant\u00b7es Greenpeace ont install\u00e9 ce matin \u00e0 Berne un immense fossile cr\u00e9\u00e9 \u00e0 partir de d\u00e9chets plastiques pour insister sur la n\u00e9cessit\u00e9 de r\u00e9duire drastiquement la production de plastique. La Suisse peut en effet jouer un r\u00f4le important dans ces n\u00e9gociations en rejoignant les pays qui demandent que le trait\u00e9 fixe des objectifs contraignants et ambitieux de r\u00e9duction de la production.&nbsp;<\/strong><\/p>\n\n<p>Quel h\u00e9ritage pour les g\u00e9n\u00e9rations futures si la production et la consommation de plastique ne diminuent pas? Une dizaine de militant\u00b7es Greenpeace ont men\u00e9 une action symbolique en installant d\u00e8s 8h devant la gare de Berne un fossile de dinosaure de 12m sur 12 constitu\u00e9 de d\u00e9chets plastiques. Les militant\u00b7es ont souhait\u00e9 sensibiliser les passants sur cette pollution \u00e0 long terme et envoyer un message au gouvernement suisse qui retrouvera le 25 novembre en Cor\u00e9e du Sud les autres membres de l\u2019ONU pour le cycle final de n\u00e9gociations (CIN5) du trait\u00e9 international sur les plastiques.<\/p>\n\n<p>Si la Suisse fait partie de la <a href=\"https:\/\/hactoendplasticpollution.org\/\">Coalition de haute ambition<\/a> qui souhaite que le trait\u00e9 prenne en compte l&rsquo;ensemble du cycle de vie des plastiques, y compris sa phase de production, elle a toutefois c\u00e9d\u00e9 du terrain le dernier jour des pr\u00e9c\u00e9dentes n\u00e9gociations ce printemps. \u00abLa Suisse a un vrai r\u00f4le \u00e0 jouer. Nous attendons de sa part qu&rsquo;elle en fasse plus et rejoigne des pays comme le P\u00e9rou, le Rwanda et la France qui demandent \u00e0 ce que le trait\u00e9 comprenne un objectif chiffr\u00e9 de r\u00e9duction de la production de plastiques primaires. Il est temps pour la Suisse d&rsquo;intensifier ses efforts diplomatiques et de lutter contre les plans d&rsquo;expansion insens\u00e9s de l&rsquo;industrie des combustibles fossiles\u00bb d\u00e9clare Jo\u00eblle H\u00e9rin, experte consommation et \u00e9conomie circulaire pour Greenpeace Suisse. Car si rien ne change, la production de plastique devrait tripler d\u2019ici 2050 (<a href=\"https:\/\/www3.weforum.org\/docs\/WEF_The_New_Plastics_Economy.pdf\">WEF The New Plastics Economy, 2016<\/a>).&nbsp;<\/p>\n\n<p>Ce trait\u00e9 international est donc une occasion unique de venir \u00e0 bout de la pollution plastique qui submerge notre plan\u00e8te, d\u00e9truit la biodiversit\u00e9 et aggrave la crise climatique. Ce mat\u00e9riau a des effets n\u00e9fastes tout au long de son cycle de vie, de son extraction \u00e0 son \u00e9limination. Il se fragmente en microplastiques que l\u2019on retrouve partout, des oc\u00e9ans \u00e0 la neige de nos montagnes et dans nos rivi\u00e8res. Son impact sur la sant\u00e9 est toujours plus document\u00e9 (<a href=\"https:\/\/www.greenpeace.ch\/static\/planet4-switzerland-stateless\/2024\/10\/56bba6be-greenpeace-global-health-brief-2024.pdf\">liste des effets)<\/a>. Des microplastiques ont m\u00eame \u00e9t\u00e9 trouv\u00e9s dans les organes du corps humain ainsi que dans le lait maternel et le placenta (<a href=\"https:\/\/www.sciencedirect.com\/science\/article\/abs\/pii\/S0048969722057989?via%3Dihub\">source<\/a>). En effet, plus de 16\u2019000 substances chimiques sont pr\u00e9sentes dans les mat\u00e9riaux en plastique, dont moins de 6% sont r\u00e9glement\u00e9es. Plus de 4\u2019200 produits chimiques ont \u00e9t\u00e9 class\u00e9s comme pr\u00e9occupants et plus de 10\u2019000 doivent encore faire l&rsquo;objet de recherches en ce qui concerne leur danger potentiel (<a href=\"https:\/\/www.foodpackagingforum.org\/news\/plastchem-report-synthesizes-current-science-on-plastic-chemicals\">rapport PlastChem 2024<\/a>).<\/p>\n\n<p>\u00abNous demandons \u00e0 la Suisse de s\u2019engager fermement en faveur d\u2019un accord ambitieux qui permette enfin de prot\u00e9ger l&rsquo;environnement et notre sant\u00e9. Pour cela, nous recommandons que le trait\u00e9 fixe un objectif juridiquement contraignant de r\u00e9duction de la production de plastique d&rsquo;au moins 75% d&rsquo;ici 2040, mette fin aux plastiques \u00e0 usage unique et assure une transition vers une \u00e9conomie durable bas\u00e9e sur la r\u00e9utilisation. Notre production et consommation effr\u00e9n\u00e9es de plastique sert uniquement les int\u00e9r\u00eats d\u2019une industrie extr\u00eamement polluante et menace notre sant\u00e9. La d\u00e9l\u00e9gation suisse doit saisir cette chance unique de prot\u00e9ger notre plan\u00e8te et ses habitant\u00b7es\u00bb, indique avec espoir Jo\u00eblle H\u00e9rin.&nbsp;<\/p>\n\n<p><\/p>\n\n<p><strong>Mat\u00e9riel compl\u00e9mentaire<\/strong><\/p>\n\n<p><a href=\"https:\/\/media.greenpeace.org\/Detail\/27MZIFJV0P5SE\">Photos de l\u2019action \u00e0 Berne<\/a><\/p>\n\n<p><a href=\"https:\/\/www.greenpeace.ch\/static\/planet4-switzerland-stateless\/2024\/10\/56bba6be-greenpeace-global-health-brief-2024.pdf\">Fiche d\u2019information sur le plastique et la sant\u00e9<\/a> (en anglais)<\/p>\n\n<p>Briefing m\u00e9dia de Greenpeace International pour le trait\u00e9 sur les plastiques \u00e0 disposition sur demande<\/p>\n\n<p><strong>Contacts<\/strong><\/p>\n\n<p>Jo\u00eblle H\u00e9rin, experte consommation et \u00e9conomie circulaire, Greenpeace Suisse (pr\u00e9sente en novembre en Cor\u00e9e), + 41 79 256 32 65, <a href=\"mailto:joelle.herin@greenpeace.org\">joelle.herin@greenpeace.org<\/a>&nbsp;<\/p>\n\n<p>Fanny Eternod, porte-parole consommation, Greenpeace Suisse, +41 78 662 07 31, <a href=\"mailto:fanny.eternod@greenpeace.org\">fanny.eternod@greenpeace.org<\/a><\/p>\n","protected":false},"excerpt":{"rendered":"<p>A un mois de la reprise des n\u00e9gociations sur le trait\u00e9 international contre la pollution plastique, des militant\u00b7es Greenpeace ont montr\u00e9 la n\u00e9cessit\u00e9 de r\u00e9duire drastiquement la production de plastique.<\/p>\n","protected":false},"author":76,"featured_media":113907,"comment_status":"closed","ping_status":"open","sticky":false,"template":"","format":"standard","meta":{"_acf_changed":false,"_planet4_optimize_post_is_variant":false,"_planet4_optimize_experiment_name":"","_planet4_optimize_variant_name":"","ep_exclude_from_search":false,"p4_og_title":"","p4_og_description":"","p4_og_image":"","p4_og_image_id":"","p4_seo_canonical_url":"","p4_campaign_name":"","p4_local_project":"","p4_basket_name":"","p4_department":"","footnotes":""},"categories":[149],"tags":[74,218],"p4-page-type":[73],"gpch-article-type":[],"class_list":["post-113891","post","type-post","status-publish","format-standard","has-post-thumbnail","hentry","category-zero-waste-fr","tag-zero-dechet","tag-consommation","p4-page-type-communique-de-presse"],"acf":[],"_links":{"self":[{"href":"https:\/\/www.greenpeace.ch\/fr\/wp-json\/wp\/v2\/posts\/113891","targetHints":{"allow":["GET"]}}],"collection":[{"href":"https:\/\/www.greenpeace.ch\/fr\/wp-json\/wp\/v2\/posts"}],"about":[{"href":"https:\/\/www.greenpeace.ch\/fr\/wp-json\/wp\/v2\/types\/post"}],"author":[{"embeddable":true,"href":"https:\/\/www.greenpeace.ch\/fr\/wp-json\/wp\/v2\/users\/76"}],"replies":[{"embeddable":true,"href":"https:\/\/www.greenpeace.ch\/fr\/wp-json\/wp\/v2\/comments?post=113891"}],"version-history":[{"count":1,"href":"https:\/\/www.greenpeace.ch\/fr\/wp-json\/wp\/v2\/posts\/113891\/revisions"}],"predecessor-version":[{"id":113892,"href":"https:\/\/www.greenpeace.ch\/fr\/wp-json\/wp\/v2\/posts\/113891\/revisions\/113892"}],"wp:featuredmedia":[{"embeddable":true,"href":"https:\/\/www.greenpeace.ch\/fr\/wp-json\/wp\/v2\/media\/113907"}],"wp:attachment":[{"href":"https:\/\/www.greenpeace.ch\/fr\/wp-json\/wp\/v2\/media?parent=113891"}],"wp:term":[{"taxonomy":"category","embeddable":true,"href":"https:\/\/www.greenpeace.ch\/fr\/wp-json\/wp\/v2\/categories?post=113891"},{"taxonomy":"post_tag","embeddable":true,"href":"https:\/\/www.greenpeace.ch\/fr\/wp-json\/wp\/v2\/tags?post=113891"},{"taxonomy":"p4-page-type","embeddable":true,"href":"https:\/\/www.greenpeace.ch\/fr\/wp-json\/wp\/v2\/p4-page-type?post=113891"},{"taxonomy":"gpch-article-type","embeddable":true,"href":"https:\/\/www.greenpeace.ch\/fr\/wp-json\/wp\/v2\/gpch-article-type?post=113891"}],"curies":[{"name":"wp","href":"https:\/\/api.w.org\/{rel}","templated":true}]}}