{"id":114280,"date":"2024-11-11T10:50:38","date_gmt":"2024-11-11T09:50:38","guid":{"rendered":"https:\/\/www.greenpeace.ch\/?p=114280"},"modified":"2024-11-11T17:06:47","modified_gmt":"2024-11-11T16:06:47","slug":"cop-29-tout-ce-quil-faut-savoir-sur-le-sommet-annuel-mondial-sur-le-climat","status":"publish","type":"post","link":"https:\/\/www.greenpeace.ch\/fr\/story-fr\/114280\/cop-29-tout-ce-quil-faut-savoir-sur-le-sommet-annuel-mondial-sur-le-climat\/","title":{"rendered":"COP 29: tout ce qu&rsquo;il faut savoir sur le sommet annuel mondial sur le climat"},"content":{"rendered":"\n<p><strong>Alors que la plan\u00e8te encha\u00eene mois apr\u00e8s mois les records de temp\u00e9rature et que nous nous rapprochons de plus en plus de la temp\u00e9rature limite fix\u00e9e par l&rsquo;Accord de Paris, les dirigeants mondiaux se r\u00e9uniront du lundi 11 novembre au vendredi 22 novembre 2024 \u00e0 l&rsquo;occasion des 29e n\u00e9gociations annuelles sur le climat. La conf\u00e9rence se tient \u00e0 Bakou, en Azerba\u00efdjan, un pays qui figure parmi les plus grands producteurs de p\u00e9trole et de gaz au monde.&nbsp;<\/strong><\/p>\n\n<h2 class=\"wp-block-heading\"><strong>C\u2019est quoi la COP 29?<\/strong><\/h2>\n\n<p>La conf\u00e9rence annuelle des Nations unies sur le changement climatique, appel\u00e9e \u00ab COP \u00bb (acronyme de Conference of the Parties), se tient chaque ann\u00e9e dans une ville diff\u00e9rente depuis 1995. Les ministres et les chefs d&rsquo;\u00c9tat des gouvernements du monde entier y participent, de m\u00eame que les repr\u00e9sentants de la soci\u00e9t\u00e9 civile (ONG, entreprises, groupes confessionnels, scientifiques) et d&rsquo;autres groupes d&rsquo;acteurs tels que les peuples autochtones et les communaut\u00e9s locales.&nbsp;<\/p>\n\n<p>Greenpeace est pr\u00e9sente depuis le d\u00e9but \u00e0 chacune de ces conf\u00e9rences. Au sein d&rsquo;un petit groupe comprenant des militant\u00b7es et des expert\u00b7es, notre d\u00e9l\u00e9gation observe les n\u00e9gociations et veille \u00e0 ce que les d\u00e9l\u00e9gu\u00e9s \u00e9coutent les conclusions des scientifiques et les voix de la soci\u00e9t\u00e9 civile.<\/p>\n\n<p>Si l&rsquo;objectif ultime est la collaboration mondiale pour lutter contre le r\u00e9chauffement climatique, chaque COP se concentre sur des questions et des t\u00e2ches de mise en \u0153uvre diff\u00e9rentes, le pays h\u00f4te donnant le ton et la direction. La COP 29 sera la \u201cCOP des finances\u201d, au cours de laquelle un accord devra \u00eatre trouv\u00e9 sur un nouvel objectif de financement de la lutte contre le changement climatique, connu sous le nom de nouvel objectif quantitatif collectif sur le financement du climat (NCQG).&nbsp;<\/p>\n\n<p>La COP 28, qui s&rsquo;est tenue l&rsquo;an dernier \u00e0 Duba\u00ef, d\u00e9tient le titre de la plus grande participation, avec pr\u00e8s de 100 000 d\u00e9l\u00e9gu\u00e9s et plus de 150 chefs d&rsquo;\u00c9tat. Apr\u00e8s deux semaines de n\u00e9gociations intenses, l&rsquo;accord final reconna\u00eet la n\u00e9cessit\u00e9 de plus en plus pressante d&rsquo;une transition vers l&rsquo;abandon des combustibles fossiles. Il reste cependant encore beaucoup \u00e0 faire pour mettre fin \u00e0 l&rsquo;\u00e8re du charbon, du p\u00e9trole et du gaz.<\/p>\n\n<h2 class=\"wp-block-heading\"><strong>Pourquoi la COP 29 est-elle importante?<\/strong><\/h2>\n\n<p>L&rsquo;ann\u00e9e derni\u00e8re, la plan\u00e8te a connu une aggravation des impacts climatiques, des ouragans aux vagues de chaleur, en passant par les s\u00e9cheresses et les inondations. Les ph\u00e9nom\u00e8nes m\u00e9t\u00e9orologiques extr\u00eames d\u00e9vastent les communaut\u00e9s, les maisons et les moyens de subsistance. Jamais une action mondiale coordonn\u00e9e n&rsquo;a \u00e9t\u00e9 aussi urgente.<\/p>\n\n<p>Le tout premier inventaire mondial sur les progr\u00e8s climatiques des diff\u00e9rents pays a \u00e9t\u00e9 pr\u00e9sent\u00e9 \u00e0 la COP 28. Il a r\u00e9v\u00e9l\u00e9 que les \u00e9missions mondiales de gaz \u00e0 effet de serre doivent \u00eatre r\u00e9duites d&rsquo;environ 43% d&rsquo;ici \u00e0 2030 et de 60% d&rsquo;ici \u00e0 2035 pour conserver une chance de contenir le r\u00e9chauffement climatique dans une limite supportable.&nbsp;<\/p>\n\n<p>Nous avons pris beaucoup de retard dans nos efforts pour atteindre l&rsquo;objectif de l&rsquo;Accord de Paris de limiter le r\u00e9chauffement climatique \u00e0 1,5 \u00b0C. C\u2019est ce que confirment un r\u00e9cent<a href=\"https:\/\/www.greenpeace.org\/international\/press-release\/70832\/time-to-act-unep-paints-bleak-climate-picture-without-rapid-emissions-cut\"> rapport du PNUE <\/a>sur l\u2019\u00e9cart entre les besoins et les perspectives en mati\u00e8re de r\u00e9duction des \u00e9missions ainsi que les <a href=\"https:\/\/www.greenpeace.org\/international\/press-release\/70514\/greenpeace-comment-international-energy-agency-world-energy-outlook-2024\">chiffres de l&rsquo;Agence internationale de l&rsquo;\u00e9nergie<\/a>. Nous attendons des actions concr\u00e8tes et ambitieuses lors de la COP 29.<\/p>\n\n<figure class=\"wp-block-image size-large\"><img loading=\"lazy\" decoding=\"async\" width=\"1024\" height=\"731\" src=\"https:\/\/www.greenpeace.ch\/static\/planet4-switzerland-stateless\/2024\/11\/4d28e71e-climate-action-now-1024x731.jpeg\" alt=\"\" class=\"wp-image-114286\" srcset=\"https:\/\/www.greenpeace.ch\/static\/planet4-switzerland-stateless\/2024\/11\/4d28e71e-climate-action-now-1024x731.jpeg 1024w, https:\/\/www.greenpeace.ch\/static\/planet4-switzerland-stateless\/2024\/11\/4d28e71e-climate-action-now-300x214.jpeg 300w, https:\/\/www.greenpeace.ch\/static\/planet4-switzerland-stateless\/2024\/11\/4d28e71e-climate-action-now-768x548.jpeg 768w, https:\/\/www.greenpeace.ch\/static\/planet4-switzerland-stateless\/2024\/11\/4d28e71e-climate-action-now-476x340.jpeg 476w, https:\/\/www.greenpeace.ch\/static\/planet4-switzerland-stateless\/2024\/11\/4d28e71e-climate-action-now.jpeg 1200w\" sizes=\"auto, (max-width: 1024px) 100vw, 1024px\" \/><figcaption class=\"wp-element-caption\">D\u00e9l\u00e9gation de jeunes \u00e0 la COP28 \u00a9 Marie Jacquemin \/ Greenpeace<br><\/figcaption><\/figure>\n\n<h2 class=\"wp-block-heading\"><strong>Nos exigences pour la COP 29:&nbsp;<\/strong><\/h2>\n\n<ul class=\"wp-block-list\">\n<li>Le nouvel objectif quantitatif collectif sur le financement du climat, le NCQG, doit garantir une augmentation significative des financements publics pour les pays en d\u00e9veloppement pour l&rsquo;adaptation, l&rsquo;att\u00e9nuation et les pertes et dommages. De plus, avec cet objectif le principe du pollueur-payeur doit \u00eatre mis au c\u0153ur de la r\u00e9flexion. Cet objectif doit aussi clairement int\u00e9grer <a href=\"https:\/\/www.greenpeace.org\/international\/story\/67702\/time-make-polluters-pay\/?_gl=1*116503q*_up*MQ..*_ga*MTE2NTA0MzEyMi4xNzMwNzM3MjA2*_ga_94MRTN8HG4*MTczMDczNzIwNi4xLjAuMTczMDczNzIyOC4wLjAuMTE0OTA5NzA0OQ..*_ga_0CCB1GTVV6*MTczMDczNzIwNi4xLjEuMTczMDczNzIyOC4wLjAuMA..*_ga_99CSX66YC1*MTczMDczNzIwNi4xLjEuMTczMDczNzIyOC4wLjAuMA..\">le principe du pollueur-payeur<\/a>.<\/li>\n\n\n\n<li>La COP 29 doit rendre concr\u00e8te la mise en \u0153uvre de la transition vers un abandon des combustibles fossiles, \u00e9voqu\u00e9e dans l\u2019accord de la COP 28. Les plans d\u2019action climatiques des pays pour 2030 et 2035, les contributions d\u00e9termin\u00e9es au niveau national (CDN), doivent inclure des plans et des politiques d&rsquo;abandon progressif des combustibles fossiles en accord avec l&rsquo;objectif internationalement reconnu de limiter l\u2019\u00e9l\u00e9vation globale des temp\u00e9ratures \u00e0 1,5 \u00b0C.<\/li>\n\n\n\n<li>Les d\u00e9l\u00e9gations doivent s\u2019entendre sur <a href=\"https:\/\/www.greenpeace.org\/international\/story\/50689\/carbon-offsets-net-zero-greenwashing-scam\/\">des m\u00e9canismes de compensation et des march\u00e9s carbones<\/a> qui permettent r\u00e9ellement de prot\u00e9ger et restaurer les&nbsp; \u00e9cosyst\u00e8mes \u00e0 forte densit\u00e9 de carbone.<\/li>\n<\/ul>\n\n<blockquote class=\"instagram-media\" data-instgrm-permalink=\"https:\/\/www.instagram.com\/p\/DCOow25ocQO\/\" data-instgrm-version=\"14\" style=\"background:#FFF; border:0; border-radius:3px; box-shadow:0 0 1px 0 rgba(0,0,0,0.5),0 1px 10px 0 rgba(0,0,0,0.15); margin: 1px; max-width:540px; min-width:326px; padding:0; width:99.375%; width:-webkit-calc(100% - 2px); width:calc(100% - 2px);\">\n<\/blockquote>\n<script async src=\"\/\/www.instagram.com\/embed.js\"><\/script>\n\n<style>\n\/* Hide the caption below the Instagram embed *\/\n.instagram-media p {\n    display: none;\n}\n<\/style>\n\n<figure class=\"wp-block-table\"><table class=\"has-fixed-layout\"><tbody><tr><td><strong>La Suisse doit rompre avec ses insuffisances<\/strong><br><br>Au regard de <strong>la <a href=\"http:\/\/url8849.greenpeace.ch\/ls\/click?upn=u001.4fy19utFy0oiar-2BsiBr50YugvZI5G5FYeBxF4Z5ilMe7WTI1gzZZfXNRgWsHGwxq6eLIAoMBUr2KRyhrZnj02erF4zkUtu6-2FUZ78L-2FOE9O34WiMyappTEt6O1W-2FgSueSFBlh0Q9Ma5yUNFjj6hikwQ-3D-3DggCU_Qn1Vz3DaVCPuB55npwrvbVrSCi-2FZtplTFtUK9YY2geGKAauQlE6tglHL6LXHJ-2BmaGYyOk1uUfeOgxAi9o7hLTzQ1z1ByYYt5c-2FzTNVZoDx8XOS0opg7LRJtjTgj8WW0Fb-2Fz4-2Bw6hQr1EdgDmNaTv-2FCSeks-2BHMOwndcs0IQ8lek3k2O6J27BPOtx9t6-2B8BGILCoQZTUf2haQegT7L91qsjRGl3yDu-2B6LBfDfPa4gnwecnjVcmOqEkXc5TET8ewXhFlKMfHoHvxohy9L-2FbW4i00Kfrh6vfOVUFL8933q9BUVxDDJqSf99dLsp9mu1JuNZEOpIpSk5bzRwaU3-2FzSHsTG-2BhqnFWVA6aGxtZj23ZQKP-2BODEDMGbGOw4-2BudTcOxbGUFyB8uXjpSM-2BvPgT9QrGIETjYemQ5PFMk37sIxfNb8FEP8fDjUfyRkNZQcgJBs6meDiRqMqFsZZKrOIhQLctc4tftEwxR8qPhukXfGOhYOvxouG71-2Fy7TFNrRpnrnfSFLb-2Fc5JtpRfnOay6twiwkSy4va4aDEf3Vuhx0YURMeSQRf3mQs-2FhzLm5R45bpdGQMh1kDxLOa2xE-2FL25b6PJKPO-2FC0XNRqL0vg06shGfwgGlCVKLC-2B1mEIXf7U-2BSRgToWzEkF9ZCZk0Fv3nNDGEzVxy5yVkzsKeWE3u-2B-2FfVz5BD9v0eVwP1Aj2t8nKh050LXjWRIeRhAWilO7so7poQZxrfVI5VjOrjtQ9ymaIKD0j8XDm3FdkuBhhr90NAijGFnrQSMHoSsHeIFMGaHsZHJPR5TfAEa25Fm5-2BH8fK7etR3X2enKU8XGl2bfxPIgDw9ion1ZR84bBMwsAlNJf5PY5p0ELkGyYe5-2F45dpIYCiXXvwXWelGxHBE1Mf0JkOp3em8YgGgQUlQI-2FGNTGS144LV1qFEq6JrOSwNeTvTBiWwew7g-3D\">r\u00e9action des autorit\u00e9s f\u00e9d\u00e9rales suite au verdict de la CEDH<\/a><\/strong>, la Suisse agit comme si elle avait d\u00e9j\u00e0 renonc\u00e9 \u00e0 l\u2019objectif internationalement reconnu de limiter le r\u00e9chauffement climatique \u00e0 1.5\u00b0C. La Conf\u00e9d\u00e9ration doit rompre avec le cours normal des choses et r\u00e9orienter sa strat\u00e9gie climatique.\u00a0<br><br>Le seuil d\u2019\u00e9missions carbones \u00e0 respecter au niveau de la plan\u00e8te, le budget carbone, doit \u00eatre partag\u00e9 \u00e9quitablement entre les diff\u00e9rents \u00e9tats. Dans cette r\u00e9partition, la taille de la population compte, tout comme la puissance \u00e9conomique et la quantit\u00e9 de CO2 d\u00e9j\u00e0 \u00e9mise. La Suisse a d\u00e9cid\u00e9 d\u2019ignorer ces derniers \u00e9l\u00e9ments et de s\u2019octroyer une part abusive du budget carbone.\u00a0<br><br>Les objectifs de r\u00e9ductions des \u00e9missions carbones nationales de la Suisse pour 2030 sont largement insuffisantes, surtout au regard de celles de pays comparables comme le Danemark, l\u2019Allemagne, la Finlande ou l\u2019Union Europ\u00e9enne. Pire, les \u00e9missions li\u00e9es \u00e0 la consommation (environ le double des \u00e9missions nationales) et aux capitaux g\u00e9r\u00e9s par les institutions financi\u00e8res (entre 14 et 18 fois les \u00e9missions nationales) sont compl\u00e8tement oubli\u00e9es dans les plans de la Suisse.\u00a0<br><br>La Suisse doit revoir son objectif de r\u00e9duction des \u00e9missions nationales afin d\u2019atteindre au moins 60% de r\u00e9duction d\u2019ici \u00e0 2030. La Suisse doit \u00e9galement d\u00e9velopper massivement le financement de la protection du climat dans d&rsquo;autres pays, sans comptabiliser les r\u00e9ductions obtenues dans l&rsquo;objectif national. Entre les mesures domestiques et celles r\u00e9alis\u00e9es \u00e0 l\u2019\u00e9tranger, l\u2019objectif est d\u2019atteindre 100% de r\u00e9duction en 2030 par rapport au niveau de 1990. Enfin, la Suisse doit aussi drastiquement augmenter sa contribution financi\u00e8re et la faire correspondre aux estimations les plus r\u00e9centes des besoins telles qu\u2019exprim\u00e9es par le PNUE et l\u2019Agence Internationale de l\u2019Energie.<br><\/td><\/tr><\/tbody><\/table><\/figure>\n","protected":false},"excerpt":{"rendered":"<p>Alors que la plan\u00e8te encha\u00eene mois apr\u00e8s mois les records de temp\u00e9rature et que nous nous rapprochons de plus en plus de la temp\u00e9rature limite fix\u00e9e par l&#8217;Accord de Paris,&hellip;<\/p>\n","protected":false},"author":127,"featured_media":114313,"comment_status":"closed","ping_status":"open","sticky":false,"template":"","format":"standard","meta":{"_acf_changed":false,"_planet4_optimize_post_is_variant":false,"_planet4_optimize_experiment_name":"","_planet4_optimize_variant_name":"","ep_exclude_from_search":false,"p4_og_title":"","p4_og_description":"","p4_og_image":"","p4_og_image_id":"","p4_seo_canonical_url":"","p4_campaign_name":"","p4_local_project":"","p4_basket_name":"","p4_department":"","footnotes":""},"categories":[22],"tags":[136,58],"p4-page-type":[77],"gpch-article-type":[],"class_list":["post-114280","post","type-post","status-publish","format-standard","has-post-thumbnail","hentry","category-non-classifiee","tag-justice-climatique","tag-climat","p4-page-type-story-fr"],"acf":[],"_links":{"self":[{"href":"https:\/\/www.greenpeace.ch\/fr\/wp-json\/wp\/v2\/posts\/114280","targetHints":{"allow":["GET"]}}],"collection":[{"href":"https:\/\/www.greenpeace.ch\/fr\/wp-json\/wp\/v2\/posts"}],"about":[{"href":"https:\/\/www.greenpeace.ch\/fr\/wp-json\/wp\/v2\/types\/post"}],"author":[{"embeddable":true,"href":"https:\/\/www.greenpeace.ch\/fr\/wp-json\/wp\/v2\/users\/127"}],"replies":[{"embeddable":true,"href":"https:\/\/www.greenpeace.ch\/fr\/wp-json\/wp\/v2\/comments?post=114280"}],"version-history":[{"count":8,"href":"https:\/\/www.greenpeace.ch\/fr\/wp-json\/wp\/v2\/posts\/114280\/revisions"}],"predecessor-version":[{"id":114347,"href":"https:\/\/www.greenpeace.ch\/fr\/wp-json\/wp\/v2\/posts\/114280\/revisions\/114347"}],"wp:featuredmedia":[{"embeddable":true,"href":"https:\/\/www.greenpeace.ch\/fr\/wp-json\/wp\/v2\/media\/114313"}],"wp:attachment":[{"href":"https:\/\/www.greenpeace.ch\/fr\/wp-json\/wp\/v2\/media?parent=114280"}],"wp:term":[{"taxonomy":"category","embeddable":true,"href":"https:\/\/www.greenpeace.ch\/fr\/wp-json\/wp\/v2\/categories?post=114280"},{"taxonomy":"post_tag","embeddable":true,"href":"https:\/\/www.greenpeace.ch\/fr\/wp-json\/wp\/v2\/tags?post=114280"},{"taxonomy":"p4-page-type","embeddable":true,"href":"https:\/\/www.greenpeace.ch\/fr\/wp-json\/wp\/v2\/p4-page-type?post=114280"},{"taxonomy":"gpch-article-type","embeddable":true,"href":"https:\/\/www.greenpeace.ch\/fr\/wp-json\/wp\/v2\/gpch-article-type?post=114280"}],"curies":[{"name":"wp","href":"https:\/\/api.w.org\/{rel}","templated":true}]}}