{"id":114591,"date":"2024-11-25T08:00:00","date_gmt":"2024-11-25T07:00:00","guid":{"rendered":"https:\/\/www.greenpeace.ch\/?p=114591"},"modified":"2024-12-02T09:45:24","modified_gmt":"2024-12-02T08:45:24","slug":"traite-plastique-inc5-cinq-questions","status":"publish","type":"post","link":"https:\/\/www.greenpeace.ch\/fr\/story-fr\/114591\/traite-plastique-inc5-cinq-questions\/","title":{"rendered":"Trait\u00e9 sur les plastiques: l\u2019INC5 en cinq questions"},"content":{"rendered":"\n<p><strong>A l\u2019approche de la reprise des n\u00e9gociations en faveur du trait\u00e9 international sur les plastiques, notre experte en consommation et \u00e9conomie circulaire Jo\u00eblle H\u00e9rin pr\u00e9sente les enjeux de cet accord, qui pourrait se r\u00e9v\u00e9ler historique dans la lutte contre la pollution plastique. Une interview express avant de\u00a0retourner sur le terrain\u00a0pour \u0153uvrer en faveur d\u2019un accord ambitieux.<br><\/strong><\/p>\n\n<h2 class=\"wp-block-heading\"><strong>Qu&rsquo;est-ce que l&rsquo;INC5?<\/strong><\/h2>\n\n<p>\u00abCe terme un peu technique signifie le 5e cycle de n\u00e9gociation entre gouvernements pour un trait\u00e9 international contre la pollution plastique. Le plastique est un probl\u00e8me mondial auquel il faut apporter une r\u00e9ponse globale. Les Nations Unies r\u00e9unissent donc depuis 2022 les pays membres autour de la table des n\u00e9gociations pour arriver \u00e0 un accord international contre la pollution plastique. Cette 5e session, qui se tient du 25 novembre au 1er d\u00e9cembre 2024 en Cor\u00e9e du Sud, sera vraiment d\u00e9terminante, car il s\u2019agit normalement de la derni\u00e8re \u00e9tape dans le processus de n\u00e9gociation. A la cl\u00e9: soit un accord ambitieux qui permettra de se lib\u00e9rer de l\u2019\u00e8re du plastique, soit un accord faible qui laissera la pollution plastique menacer notre sant\u00e9, notre climat et notre plan\u00e8te. C\u2019est pourquoi je me rends avec d\u2019autres coll\u00e8gues de Greenpeace et nos alli\u00e9s du monde entier \u00e0 Busan pour faire pencher la balance du bon c\u00f4t\u00e9: en faveur de notre plan\u00e8te.\u00bb<\/p>\n\n<figure class=\"wp-block-image size-large\"><img loading=\"lazy\" decoding=\"async\" width=\"1024\" height=\"704\" src=\"https:\/\/www.greenpeace.ch\/static\/planet4-switzerland-stateless\/2024\/11\/08fbfd09-gp0su0awb_pressmedia-2500px-1024x704.jpg\" alt=\"\" class=\"wp-image-114609\" srcset=\"https:\/\/www.greenpeace.ch\/static\/planet4-switzerland-stateless\/2024\/11\/08fbfd09-gp0su0awb_pressmedia-2500px-1024x704.jpg 1024w, https:\/\/www.greenpeace.ch\/static\/planet4-switzerland-stateless\/2024\/11\/08fbfd09-gp0su0awb_pressmedia-2500px-300x206.jpg 300w, https:\/\/www.greenpeace.ch\/static\/planet4-switzerland-stateless\/2024\/11\/08fbfd09-gp0su0awb_pressmedia-2500px-768x528.jpg 768w, https:\/\/www.greenpeace.ch\/static\/planet4-switzerland-stateless\/2024\/11\/08fbfd09-gp0su0awb_pressmedia-2500px-1536x1056.jpg 1536w, https:\/\/www.greenpeace.ch\/static\/planet4-switzerland-stateless\/2024\/11\/08fbfd09-gp0su0awb_pressmedia-2500px-2048x1408.jpg 2048w, https:\/\/www.greenpeace.ch\/static\/planet4-switzerland-stateless\/2024\/11\/08fbfd09-gp0su0awb_pressmedia-2500px-1987x1366.jpg 1987w, https:\/\/www.greenpeace.ch\/static\/planet4-switzerland-stateless\/2024\/11\/08fbfd09-gp0su0awb_pressmedia-2500px-494x340.jpg 494w\" sizes=\"auto, (max-width: 1024px) 100vw, 1024px\" \/><figcaption class=\"wp-element-caption\">Quatri\u00e8me cycle de n\u00e9gociations pour un trait\u00e9 international (INC4) sur le plastique \u00e0 Ottawa, des centaines de militant\u00b7es du monde entier se sont rassembl\u00e9s pour exiger un accord ambitieux.&nbsp;\u00a9 Tim Aubry \/ Greenpeace<\/figcaption><\/figure>\n\n<h2 class=\"wp-block-heading\"><strong>Pourquoi ce trait\u00e9 sur les plastiques est-il essentiel?<\/strong><\/h2>\n\n<p>\u00abJe n\u2019exag\u00e8re pas en disant que c\u2019est la plus grande chance pour la plan\u00e8te et ses habitants de se lib\u00e9rer enfin du plastique. On le sait, le plastique pollue depuis sa production jusqu&rsquo;\u00e0 son \u00e9limination. Il nuit \u00e0 notre environnement et contribue au r\u00e9chauffement climatique. Et m\u00eame si j\u2019ai parfois l\u2019impression de me r\u00e9p\u00e9ter, je le redis, car c\u2019est choquant: on retrouve du plastique absolument partout, dans les aliments que l\u2019on mange, dans l\u2019air qu\u2019on respire et m\u00eame dans notre corps\u2026 Nous avons besoin d\u2019un trait\u00e9 international qui soit juridiquement contraignant, avec des mesures fortes comme la r\u00e9duction de la production de plastique. C\u2019est \u00e0 la source qu\u2019il faut intervenir!\u00bb<\/p>\n\n<h2 class=\"wp-block-heading\"><strong>Quelles attentes pouvons-nous avoir?&nbsp;<\/strong><\/h2>\n\n<p>\u00abLes pr\u00e9c\u00e9dentes n\u00e9gociations ce printemps au Canada ont \u00e9t\u00e9 d\u00e9cevantes, les pays ayant c\u00e9d\u00e9 en partie aux pressions des lobbys de l\u2019industrie p\u00e9trochimique. Nous nous attendons de nouveau \u00e0 devoir faire face au puissant lobby des pays producteurs de p\u00e9trole, car il faut le rappeler, le plastique est produit \u00e0 base de p\u00e9trole et de gaz. Heureusement cependant, certains pays, comme le Rwanda et le P\u00e9rou, ne se laissent pas influencer et exigent un objectif chiffr\u00e9 ambitieux de r\u00e9duction de la production de plastique. De nombreux \u00c9tats membres, dont la Suisse, insistent sur la n\u00e9cessit\u00e9 d\u2019adresser (aussi) le probl\u00e8me \u00e0 la racine: la production effr\u00e9n\u00e9e de plastique. Nous soutenons ces d\u00e9marches qui vont dans le bon sens. On s\u2019attend aussi \u00e0 de nombreuses discussions sur les processus de d\u00e9cision, les mesures de contr\u00f4le, l\u2019interdiction de produits chimiques dangereux ou des emballages \u00e0 usage unique, et le financement. A premi\u00e8re vue, ce n\u2019est pas tr\u00e8s sexy, c\u2019est pourtant essentiel \u00e0 la mise en \u0153uvre d\u2019un trait\u00e9 efficace.\u00bb<\/p>\n\n<figure class=\"wp-block-image size-large\"><img loading=\"lazy\" decoding=\"async\" width=\"1024\" height=\"794\" src=\"https:\/\/www.greenpeace.ch\/static\/planet4-switzerland-stateless\/2024\/11\/e9c8bcaf-gp0su0awt_medium-res-1200px-2-1024x794.jpg\" alt=\"\" class=\"wp-image-114612\" srcset=\"https:\/\/www.greenpeace.ch\/static\/planet4-switzerland-stateless\/2024\/11\/e9c8bcaf-gp0su0awt_medium-res-1200px-2-1024x794.jpg 1024w, https:\/\/www.greenpeace.ch\/static\/planet4-switzerland-stateless\/2024\/11\/e9c8bcaf-gp0su0awt_medium-res-1200px-2-300x233.jpg 300w, https:\/\/www.greenpeace.ch\/static\/planet4-switzerland-stateless\/2024\/11\/e9c8bcaf-gp0su0awt_medium-res-1200px-2-768x596.jpg 768w, https:\/\/www.greenpeace.ch\/static\/planet4-switzerland-stateless\/2024\/11\/e9c8bcaf-gp0su0awt_medium-res-1200px-2-438x340.jpg 438w, https:\/\/www.greenpeace.ch\/static\/planet4-switzerland-stateless\/2024\/11\/e9c8bcaf-gp0su0awt_medium-res-1200px-2.jpg 1200w\" sizes=\"auto, (max-width: 1024px) 100vw, 1024px\" \/><figcaption class=\"wp-element-caption\">\u00a9 Tim Aubry \/ Greenpeace<\/figcaption><\/figure>\n\n<h2 class=\"wp-block-heading\"><strong>Quel est le r\u00e9sultat souhait\u00e9?<\/strong><\/h2>\n\n<p>\u00abSoyons clairs: <strong>il est impossible de mettre fin \u00e0 la pollution plastique sans r\u00e9duire la production de plastique.<\/strong> Nous demandons donc un trait\u00e9 juridiquement contraignant qui r\u00e9duise la production de plastique d&rsquo;au moins 75% d&rsquo;ici 2040 et qui mette fin au plastique \u00e0 usage unique. L\u2019accord devra indiquer des objectifs clairs ainsi que le syst\u00e8me de financement pour permettre \u00e0 chaque pays de r\u00e9duire sa production de plastique et de d\u00e9velopper la r\u00e9utilisation.\u00bb<\/p>\n\n<h2 class=\"wp-block-heading\"><strong>Que peut-on vous souhaiter pour cette semaine cruciale?<\/strong><\/h2>\n\n<p>\u00abJe suis pour le moment optimiste, car nous avons des signes encourageants: une quarantaine d\u2019Etats membres se sont engag\u00e9s en faveur d\u2019un objectif global permettant de revenir \u00e0 des niveaux de production qui soient durables. Mais la puissance des lobbys m\u2019inqui\u00e8te, leur nombre ayant consid\u00e9rablement augment\u00e9 lors des derni\u00e8res n\u00e9gociations. Ce n\u2019est pas \u00e0 moi qu\u2019il faut souhaiter quelque chose, mais \u00e0 ceux qui nous gouvernent: agissez en faveur de vos populations, r\u00e9sistez aux sir\u00e8nes du lobby p\u00e9trochimique et mettez-vous d\u2019accord sur cet \u00e9l\u00e9ment cl\u00e9 du trait\u00e9: une r\u00e9duction de la production. Ce n\u2019est qu\u2019ainsi que nous pourrons pr\u00e9server notre plan\u00e8te et ses habitants.\u00bb<\/p>\n\t\t\t<section\n\t\t\tclass=\"boxout  \"\n\t\t\t\n\t\t>\n\t\t\t<a\n\t\t\t\tdata-ga-category=\"Take Action Boxout\"\n\t\t\t\tdata-ga-action=\"Image\"\n\t\t\t\tdata-ga-label=\"n\/a\"\n\t\t\t\tclass=\"cover-card-overlay\"\n\t\t\t\thref=\"https:\/\/www.greenpeace.ch\/fr\/explorer\/zero-dechet\/\" \n\t\t\t><\/a>\n\t\t\t\t\t\t\t<img\n\t\t\t\t\t\tsrc=\"https:\/\/www.greenpeace.ch\/static\/planet4-switzerland-stateless\/2019\/08\/6c891830-3747f446-suffizienz-minimalismus-7747.jpg\"\n\t\t\t\t\t\tsrcset=\"https:\/\/www.greenpeace.ch\/static\/planet4-switzerland-stateless\/2019\/08\/6c891830-3747f446-suffizienz-minimalismus-7747-300x225.jpg 300w, https:\/\/www.greenpeace.ch\/static\/planet4-switzerland-stateless\/2019\/08\/6c891830-3747f446-suffizienz-minimalismus-7747-768x576.jpg 768w, https:\/\/www.greenpeace.ch\/static\/planet4-switzerland-stateless\/2019\/08\/6c891830-3747f446-suffizienz-minimalismus-7747-453x340.jpg 453w, https:\/\/www.greenpeace.ch\/static\/planet4-switzerland-stateless\/2019\/08\/6c891830-3747f446-suffizienz-minimalismus-7747.jpg 992w\"\n\t\t\t\t\t\tsizes=\"(min-width: 1000px) 358px, (min-width: 780px) 313px, 88px\"\n\t\t\t\t\t\talt=\"\" title=\"\"\n\t\t\t\t\/>\n            \t\t\t<div class=\"boxout-content\">\n\t\t\t\t\t\t\t\t\t<a\n\t\t\t\t\t\tclass=\"boxout-heading medium\"\n\t\t\t\t\t\tdata-ga-category=\"Take Action Boxout\"\n\t\t\t\t\t\tdata-ga-action=\"Title\"\n\t\t\t\t\t\tdata-ga-label=\"n\/a\"\n\t\t\t\t\t\thref=\"https:\/\/www.greenpeace.ch\/fr\/explorer\/zero-dechet\/\"\n\t\t\t\t\t\t\n\t\t\t\t\t>\n\t\t\t\t\t\tEn savoir plus sur le th\u00e8me\n\t\t\t\t\t<\/a>\n\t\t\t\t\t\t\t\t\t\t\t\t\t<p class=\"boxout-excerpt\"><strong>Nous sommes noy\u00e9s sous les d\u00e9chets.<\/strong>\u00a0Avec plus de 700 kg par personne, la Suisse produit beaucoup trop de d\u00e9chets. Les emballages \u00e0 usage unique repr\u00e9sentent environ un tiers de nos d\u00e9chets. C\u2019est donc une composante majeure de notre soci\u00e9t\u00e9 de consommation et de la culture du jetable.<\/p>\n\t\t\t\t                                    <a\n                        class=\"btn btn-primary\"\n                        data-ga-category=\"Take Action Boxout\"\n                        data-ga-action=\"Call to Action\"\n                        data-ga-label=\"n\/a\"\n                        href=\"https:\/\/www.greenpeace.ch\/fr\/explorer\/zero-dechet\/\"\n                        \n                    >\n                        En savoir plus\n                    <\/a>\n                \t\t\t<\/div>\n\t\t\t\t\t<\/section>\n\t","protected":false},"excerpt":{"rendered":"<p>A l\u2019approche de la reprise des n\u00e9gociations en faveur du trait\u00e9 international sur les plastiques, notre experte en consommation et \u00e9conomie circulaire Jo\u00eblle H\u00e9rin pr\u00e9sente les enjeux de cet accord, qui pourrait se r\u00e9v\u00e9ler historique dans la lutte contre la pollution plastique. <\/p>\n","protected":false},"author":38,"featured_media":115025,"comment_status":"closed","ping_status":"open","sticky":false,"template":"","format":"standard","meta":{"_acf_changed":false,"_planet4_optimize_post_is_variant":false,"_planet4_optimize_experiment_name":"","_planet4_optimize_variant_name":"","ep_exclude_from_search":false,"p4_og_title":"","p4_og_description":"","p4_og_image":"","p4_og_image_id":"","p4_seo_canonical_url":"","p4_campaign_name":"","p4_local_project":"","p4_basket_name":"","p4_department":"","footnotes":""},"categories":[22],"tags":[218],"p4-page-type":[77],"gpch-article-type":[],"class_list":["post-114591","post","type-post","status-publish","format-standard","has-post-thumbnail","hentry","category-non-classifiee","tag-consommation","p4-page-type-story-fr"],"acf":[],"_links":{"self":[{"href":"https:\/\/www.greenpeace.ch\/fr\/wp-json\/wp\/v2\/posts\/114591","targetHints":{"allow":["GET"]}}],"collection":[{"href":"https:\/\/www.greenpeace.ch\/fr\/wp-json\/wp\/v2\/posts"}],"about":[{"href":"https:\/\/www.greenpeace.ch\/fr\/wp-json\/wp\/v2\/types\/post"}],"author":[{"embeddable":true,"href":"https:\/\/www.greenpeace.ch\/fr\/wp-json\/wp\/v2\/users\/38"}],"replies":[{"embeddable":true,"href":"https:\/\/www.greenpeace.ch\/fr\/wp-json\/wp\/v2\/comments?post=114591"}],"version-history":[{"count":13,"href":"https:\/\/www.greenpeace.ch\/fr\/wp-json\/wp\/v2\/posts\/114591\/revisions"}],"predecessor-version":[{"id":115308,"href":"https:\/\/www.greenpeace.ch\/fr\/wp-json\/wp\/v2\/posts\/114591\/revisions\/115308"}],"wp:featuredmedia":[{"embeddable":true,"href":"https:\/\/www.greenpeace.ch\/fr\/wp-json\/wp\/v2\/media\/115025"}],"wp:attachment":[{"href":"https:\/\/www.greenpeace.ch\/fr\/wp-json\/wp\/v2\/media?parent=114591"}],"wp:term":[{"taxonomy":"category","embeddable":true,"href":"https:\/\/www.greenpeace.ch\/fr\/wp-json\/wp\/v2\/categories?post=114591"},{"taxonomy":"post_tag","embeddable":true,"href":"https:\/\/www.greenpeace.ch\/fr\/wp-json\/wp\/v2\/tags?post=114591"},{"taxonomy":"p4-page-type","embeddable":true,"href":"https:\/\/www.greenpeace.ch\/fr\/wp-json\/wp\/v2\/p4-page-type?post=114591"},{"taxonomy":"gpch-article-type","embeddable":true,"href":"https:\/\/www.greenpeace.ch\/fr\/wp-json\/wp\/v2\/gpch-article-type?post=114591"}],"curies":[{"name":"wp","href":"https:\/\/api.w.org\/{rel}","templated":true}]}}