{"id":114974,"date":"2024-11-24T08:32:15","date_gmt":"2024-11-24T07:32:15","guid":{"rendered":"https:\/\/www.greenpeace.ch\/?p=114974"},"modified":"2024-11-24T10:27:16","modified_gmt":"2024-11-24T09:27:16","slug":"cop-29-decevant","status":"publish","type":"post","link":"https:\/\/www.greenpeace.ch\/fr\/communique-de-presse\/114974\/cop-29-decevant\/","title":{"rendered":"COP 29: apr\u00e8s un accord d\u00e9cevant, la Suisse doit enfin relever le gant du d\u00e9fi climatique"},"content":{"rendered":"\n<p><a href=\"https:\/\/www.greenpeace.org\/international\/press-release\/71474\/cop29-ends-weak-climate-finance-goal-eyes-turn-belem\/\"><em>Retrouvez la r\u00e9action de Greenpeace sur l\u2019accord final de la COP 28 dans le communiqu\u00e9 de presse de Greenpeace International<\/em><\/a><\/p>\n\n<p><strong>La COP29 s&rsquo;ach\u00e8ve sur un bilan d\u00e9cevant, notamment sur la r\u00e9duction des \u00e9missions et la sortie des \u00e9nergies fossiles. La Suisse doit imp\u00e9rativement revoir ses efforts \u00e0 la hausse sur la question climatique et op\u00e9rer une rupture avec les combustibles fossiles. La publication des contributions d\u00e9termin\u00e9es au niveau national pour 2035 joue d\u00e9sormais un r\u00f4le crucial pour relancer la protection du climat.<\/strong><\/p>\n\n<p><em>Commentaire de Nathan Solothurnmann, expert des questions climatiques pour Greenpeace Suisse:&nbsp;<\/em><\/p>\n\n<p>\u201cContrairement \u00e0 ce qu\u2019a affirm\u00e9 Albert R\u00f6sti \u00e0 Bakou, la Suisse est loin d\u2019en faire assez pour le climat. Pour une politique climatique qui permette effectivement de maintenir l\u2019objectif de limiter le r\u00e9chauffement \u00e0 1.5\u00b0C, nous devons doubler nos efforts de d\u00e9carbonation sur le territoire et op\u00e9rer une rapide transition hors des \u00e9nergies fossiles.\u201d<\/p>\n\n<p>\u201cLa Suisse fait partie des pays qui r\u00e9unissent toutes les conditions pour r\u00e9ussir une telle transition. C\u2019est vrai pour ce qui concerne notre puissance \u00e9conomique et nos comp\u00e9tences, mais aussi au regard du potentiel de production des \u00e9nergies renouvelables, tout particuli\u00e8rement du solaire, et celui des \u00e9conomies d\u2019\u00e9nergie. Notre pays a aussi tout \u00e0 y gagner. Cesser de d\u00e9pendre des importations renforce notre ind\u00e9pendance et notre s\u00e9curit\u00e9 d\u2019approvisionnement. De plus, cela nous \u00e9vite d\u2019envoyer chaque ann\u00e9e des milliards de francs \u00e0 l\u2019\u00e9tranger et nous permet de cr\u00e9er des milliers d\u2019emplois chez nous. Notre politique climatique doit toutefois \u00eatre revue \u00e0 la hausse et poser les gardes fous qui permettent de s\u2019assurer que le d\u00e9veloppement des renouvelables conduise bien \u00e0 une r\u00e9duction des \u00e9missions.\u201d&nbsp;<\/p>\n\n<p>\u201cLa r\u00e9cente loi sur l\u2019\u00e9lectricit\u00e9, pl\u00e9biscit\u00e9e en votation au mois de juin dernier, trace la voie \u00e0 suivre pour une transition hors des \u00e9nergies fossiles. Toutefois, nous devons imp\u00e9rativement \u00e9viter de nous laisser aveugler par de fausses solutions. Les compensations carbones r\u00e9alis\u00e9es \u00e0 l&rsquo;\u00e9tranger entravent cette \u00e9volution positive. C\u2019est aussi le cas pour le retour du nucl\u00e9aire dans le d\u00e9bat politique. Une relance de l\u2019atome arrivera trop tard pour r\u00e9duire efficacement nos \u00e9missions et nous maintiendra dans une d\u00e9pendance envers les importations de combustible. Il est important que les parlementaires rejettent l\u2019initiative pro-atome ainsi que le contre-projet d\u2019Albert R\u00f6sti et \u00e9vitent \u00e0 la Suisse de perdre du temps et de l\u2019argent dans ces lubies contre-productives.\u201d<\/p>\n\n<p><strong>Contact<\/strong><\/p>\n\n<p>Nathan Solothurnmann, expert des questions climatiques pour Greenpeace Suisse, +41 76 514 90 48, nathan.solothurnmann@greenpeace.org<\/p>\n\n<p>Mathias Schlegel, porte-parole pour Greenpeace Suisse, +41 79 794 61 23, mathias.schlegel@greenpeace.org<br><\/p>\n","protected":false},"excerpt":{"rendered":"<p>La COP29 s&rsquo;ach\u00e8ve sur un bilan d\u00e9cevant, notamment sur la r\u00e9duction des \u00e9missions et la sortie des \u00e9nergies fossiles. La Suisse doit imp\u00e9rativement revoir ses efforts \u00e0 la hausse sur la question climatique et op\u00e9rer une rupture avec les combustibles fossiles. La publication des contributions d\u00e9termin\u00e9es au niveau national pour 2035 joue d\u00e9sormais un r\u00f4le crucial pour relancer la protection du climat.<\/p>\n","protected":false},"author":37,"featured_media":104426,"comment_status":"closed","ping_status":"open","sticky":false,"template":"","format":"standard","meta":{"_acf_changed":false,"_planet4_optimize_post_is_variant":false,"_planet4_optimize_experiment_name":"","_planet4_optimize_variant_name":"","ep_exclude_from_search":false,"p4_og_title":"","p4_og_description":"","p4_og_image":"","p4_og_image_id":"","p4_seo_canonical_url":"","p4_campaign_name":"","p4_local_project":"","p4_basket_name":"","p4_department":"","footnotes":""},"categories":[22],"tags":[],"p4-page-type":[73],"gpch-article-type":[],"class_list":["post-114974","post","type-post","status-publish","format-standard","has-post-thumbnail","hentry","category-non-classifiee","p4-page-type-communique-de-presse"],"acf":[],"_links":{"self":[{"href":"https:\/\/www.greenpeace.ch\/fr\/wp-json\/wp\/v2\/posts\/114974","targetHints":{"allow":["GET"]}}],"collection":[{"href":"https:\/\/www.greenpeace.ch\/fr\/wp-json\/wp\/v2\/posts"}],"about":[{"href":"https:\/\/www.greenpeace.ch\/fr\/wp-json\/wp\/v2\/types\/post"}],"author":[{"embeddable":true,"href":"https:\/\/www.greenpeace.ch\/fr\/wp-json\/wp\/v2\/users\/37"}],"replies":[{"embeddable":true,"href":"https:\/\/www.greenpeace.ch\/fr\/wp-json\/wp\/v2\/comments?post=114974"}],"version-history":[{"count":2,"href":"https:\/\/www.greenpeace.ch\/fr\/wp-json\/wp\/v2\/posts\/114974\/revisions"}],"predecessor-version":[{"id":114976,"href":"https:\/\/www.greenpeace.ch\/fr\/wp-json\/wp\/v2\/posts\/114974\/revisions\/114976"}],"wp:featuredmedia":[{"embeddable":true,"href":"https:\/\/www.greenpeace.ch\/fr\/wp-json\/wp\/v2\/media\/104426"}],"wp:attachment":[{"href":"https:\/\/www.greenpeace.ch\/fr\/wp-json\/wp\/v2\/media?parent=114974"}],"wp:term":[{"taxonomy":"category","embeddable":true,"href":"https:\/\/www.greenpeace.ch\/fr\/wp-json\/wp\/v2\/categories?post=114974"},{"taxonomy":"post_tag","embeddable":true,"href":"https:\/\/www.greenpeace.ch\/fr\/wp-json\/wp\/v2\/tags?post=114974"},{"taxonomy":"p4-page-type","embeddable":true,"href":"https:\/\/www.greenpeace.ch\/fr\/wp-json\/wp\/v2\/p4-page-type?post=114974"},{"taxonomy":"gpch-article-type","embeddable":true,"href":"https:\/\/www.greenpeace.ch\/fr\/wp-json\/wp\/v2\/gpch-article-type?post=114974"}],"curies":[{"name":"wp","href":"https:\/\/api.w.org\/{rel}","templated":true}]}}