{"id":115289,"date":"2024-12-01T17:39:18","date_gmt":"2024-12-01T16:39:18","guid":{"rendered":"https:\/\/www.greenpeace.ch\/?p=115289"},"modified":"2024-12-01T19:16:09","modified_gmt":"2024-12-01T18:16:09","slug":"traite-sur-les-plastiques-les-negociations-naboutissent-pas-le-combat-contre-la-pollution-plastique-continue","status":"publish","type":"post","link":"https:\/\/www.greenpeace.ch\/fr\/communique-de-presse\/115289\/traite-sur-les-plastiques-les-negociations-naboutissent-pas-le-combat-contre-la-pollution-plastique-continue\/","title":{"rendered":"Trait\u00e9 sur les plastiques: les n\u00e9gociations n&rsquo;aboutissent pas, le combat contre la pollution plastique continue"},"content":{"rendered":"\n<p>La 5<sup>e<\/sup> session de n\u00e9gociation pour un trait\u00e9 international contre la pollution plastique s&rsquo;est achev\u00e9e aujourd&rsquo;hui sur un seul accord, celui de se r\u00e9unir \u00e0 nouveau lors d\u2019un ultime cycle de n\u00e9gociation.<\/p>\n\n<p><strong>Depuis Busan, le commentaire de Jo\u00eblle H\u00e9rin, experte consommation et \u00e9conomie circulaire chez Greenpeace Suisse:<\/strong>&nbsp;<\/p>\n\n<p>\u00abChaque jour de plus o\u00f9 les gouvernements permettent aux pollueurs de continuer \u00e0 inonder le monde de plastique, nous en payons tous et toutes le prix. Ce retard a des cons\u00e9quences d\u00e9sastreuses pour la plan\u00e8te et ses habitant\u00b7es, et plus particuli\u00e8rement pour les personnes en premi\u00e8re ligne de cette pollution. Plus de 100 \u00c9tats membres, dont la Suisse, repr\u00e9sentant au total des milliards de personnes, ont rejet\u00e9 cette semaine un accord inutile qui n&rsquo;aurait rien apport\u00e9 et se sont engag\u00e9s devant le monde entier en faveur d&rsquo;un trait\u00e9 ambitieux. Il est maintenant temps qu&rsquo;ils tiennent leur promesse.\u00bb<\/p>\n\n<p>\u00abL\u2019objectif des \u00c9tats membres pour les prochaines n\u00e9gociations est clair: la majorit\u00e9 ambitieuse doit briser l&rsquo;influence des combustibles fossiles et l\u2019obstruction d\u2019un petit nombre de pays afin de parvenir \u00e0 un accord efficace, avec des objectifs contraignants et des mesures visant \u00e0 r\u00e9duire la production de plastique. Ils doivent se battre contre les produits chimiques dangereux, pour une interdiction des plastiques \u00e0 usage unique, pour des objectifs de r\u00e9utilisation et pour un plan de financement \u00e9quitable. Ils devront s&rsquo;assurer que les n\u00e9gociations soient justes et inclusives avec un acc\u00e8s \u00e9quitable aux communaut\u00e9s les plus touch\u00e9es par la pollution plastique\u00bb.<\/p>\n\n<p>\u00abNous nous trouvons \u00e0 un carrefour historique. La possibilit\u00e9 d&rsquo;obtenir un trait\u00e9 qui prot\u00e8ge notre sant\u00e9, la biodiversit\u00e9 et le climat reste \u00e0 port\u00e9e de main. Les vents politiques contraires rendent la t\u00e2che plus ardue, mais la le\u00e7on tir\u00e9e \u00e0 Busan est claire: les pays ambitieux ne doivent pas permettre aux industries des combustibles fossiles et de la p\u00e9trochimie, soutenues par une petite minorit\u00e9 de pays, d&#8217;emp\u00eacher la volont\u00e9 de la grande majorit\u00e9. Un accord fort qui prot\u00e8ge la plan\u00e8te et ses habitant\u00b7es est notre seule option.\u00bb<\/p>\n\n<p><strong>Contacts<\/strong><\/p>\n\n<p>Jo\u00eblle H\u00e9rin, experte consommation et \u00e9conomie circulaire, Greenpeace Suisse, +41 79 256 32 65, joelle.herin@greenpeace.org (sur place \u00e0 Busan en Cor\u00e9e du Sud)<\/p>\n\n<p>Fanny Eternod, porte-parole consommation, Greenpeace Suisse, +41 78 662 07 31, fanny.eternod@greenpeace.org<\/p>\n","protected":false},"excerpt":{"rendered":"<p>La 5e session de n\u00e9gociation pour un trait\u00e9 international contre la pollution plastique s&rsquo;est achev\u00e9e aujourd&rsquo;hui. Le commentaire de Jo\u00eblle H\u00e9rin.<\/p>\n","protected":false},"author":76,"featured_media":115284,"comment_status":"closed","ping_status":"open","sticky":false,"template":"","format":"standard","meta":{"_acf_changed":false,"_planet4_optimize_post_is_variant":false,"_planet4_optimize_experiment_name":"","_planet4_optimize_variant_name":"","ep_exclude_from_search":false,"p4_og_title":"","p4_og_description":"","p4_og_image":"","p4_og_image_id":"","p4_seo_canonical_url":"","p4_campaign_name":"","p4_local_project":"","p4_basket_name":"","p4_department":"","footnotes":""},"categories":[22],"tags":[74,218],"p4-page-type":[73],"gpch-article-type":[],"class_list":["post-115289","post","type-post","status-publish","format-standard","has-post-thumbnail","hentry","category-non-classifiee","tag-zero-dechet","tag-consommation","p4-page-type-communique-de-presse"],"acf":[],"_links":{"self":[{"href":"https:\/\/www.greenpeace.ch\/fr\/wp-json\/wp\/v2\/posts\/115289","targetHints":{"allow":["GET"]}}],"collection":[{"href":"https:\/\/www.greenpeace.ch\/fr\/wp-json\/wp\/v2\/posts"}],"about":[{"href":"https:\/\/www.greenpeace.ch\/fr\/wp-json\/wp\/v2\/types\/post"}],"author":[{"embeddable":true,"href":"https:\/\/www.greenpeace.ch\/fr\/wp-json\/wp\/v2\/users\/76"}],"replies":[{"embeddable":true,"href":"https:\/\/www.greenpeace.ch\/fr\/wp-json\/wp\/v2\/comments?post=115289"}],"version-history":[{"count":4,"href":"https:\/\/www.greenpeace.ch\/fr\/wp-json\/wp\/v2\/posts\/115289\/revisions"}],"predecessor-version":[{"id":115293,"href":"https:\/\/www.greenpeace.ch\/fr\/wp-json\/wp\/v2\/posts\/115289\/revisions\/115293"}],"wp:featuredmedia":[{"embeddable":true,"href":"https:\/\/www.greenpeace.ch\/fr\/wp-json\/wp\/v2\/media\/115284"}],"wp:attachment":[{"href":"https:\/\/www.greenpeace.ch\/fr\/wp-json\/wp\/v2\/media?parent=115289"}],"wp:term":[{"taxonomy":"category","embeddable":true,"href":"https:\/\/www.greenpeace.ch\/fr\/wp-json\/wp\/v2\/categories?post=115289"},{"taxonomy":"post_tag","embeddable":true,"href":"https:\/\/www.greenpeace.ch\/fr\/wp-json\/wp\/v2\/tags?post=115289"},{"taxonomy":"p4-page-type","embeddable":true,"href":"https:\/\/www.greenpeace.ch\/fr\/wp-json\/wp\/v2\/p4-page-type?post=115289"},{"taxonomy":"gpch-article-type","embeddable":true,"href":"https:\/\/www.greenpeace.ch\/fr\/wp-json\/wp\/v2\/gpch-article-type?post=115289"}],"curies":[{"name":"wp","href":"https:\/\/api.w.org\/{rel}","templated":true}]}}