{"id":115309,"date":"2024-12-02T09:36:15","date_gmt":"2024-12-02T08:36:15","guid":{"rendered":"https:\/\/www.greenpeace.ch\/article-de-magazine\/115309\/globales-plastikabkommen-verhandlungen-scheitern-der-kampf-geht-weiter-2\/"},"modified":"2024-12-02T15:26:51","modified_gmt":"2024-12-02T14:26:51","slug":"traite-plastique-negociations-lutte","status":"publish","type":"post","link":"https:\/\/www.greenpeace.ch\/fr\/story-fr\/115309\/traite-plastique-negociations-lutte\/","title":{"rendered":"Trait\u00e9 sur les plastiques: les n\u00e9gociations \u00e9chouent, la lutte se poursuit."},"content":{"rendered":"\n<p><strong>La 5e session de n\u00e9gociation pour un trait\u00e9 international contre la pollution plastique s&rsquo;est achev\u00e9e aujourd&rsquo;hui sur un seul accord, celui de se r\u00e9unir \u00e0 nouveau lors d\u2019un ultime cycle de n\u00e9gociation.<\/strong><\/p>\n\n<p>J<strong>o\u00eblle H\u00e9rin, experte consommation et \u00e9conomie circulaire chez Greenpeace Suisse commente:<\/strong>&nbsp;<\/p>\n\n<p>\u00ab Chaque jour de plus o\u00f9 les gouvernements permettent aux pollueurs de continuer \u00e0 inonder le monde de plastique, nous en payons tous et toutes le prix. Ce retard a des cons\u00e9quences d\u00e9sastreuses pour la plan\u00e8te et ses habitant\u00b7es, et plus particuli\u00e8rement pour les personnes en premi\u00e8re ligne de cette pollution. Plus de 100 \u00c9tats membres, dont la Suisse, repr\u00e9sentant au total des milliards de personnes, ont rejet\u00e9 cette semaine un accord inutile qui n&rsquo;aurait rien apport\u00e9 et se sont engag\u00e9s devant le monde entier en faveur d&rsquo;un trait\u00e9 ambitieux. Il est maintenant temps qu&rsquo;ils tiennent leur promesse.\u00bb<\/p>\n<div data-hydrate=\"planet4-blocks\/gallery\" data-attributes=\"{&quot;attributes&quot;:{&quot;multiple_image&quot;:&quot;115318,115329,115335,115341,115347,115350,115353,115356&quot;,&quot;image_data&quot;:[{&quot;url&quot;:&quot;https:\\\/\\\/www.greenpeace.ch\\\/static\\\/planet4-switzerland-stateless\\\/2024\\\/12\\\/823e6870-gp0su3jcd_pressmedia-2500px.jpg&quot;,&quot;focalPoint&quot;:{&quot;x&quot;:0.5,&quot;y&quot;:0.5},&quot;id&quot;:115318},{&quot;url&quot;:&quot;https:\\\/\\\/www.greenpeace.ch\\\/static\\\/planet4-switzerland-stateless\\\/2024\\\/12\\\/214b2c2f-gp0su3jdw_pressmedia-2500px.jpg&quot;,&quot;focalPoint&quot;:{&quot;x&quot;:0.5,&quot;y&quot;:0.5},&quot;id&quot;:115329},{&quot;url&quot;:&quot;https:\\\/\\\/www.greenpeace.ch\\\/static\\\/planet4-switzerland-stateless\\\/2024\\\/12\\\/8a9d33fa-gp0su3jee_pressmedia-2500px.jpg&quot;,&quot;focalPoint&quot;:{&quot;x&quot;:0.5,&quot;y&quot;:0.5},&quot;id&quot;:115335},{&quot;url&quot;:&quot;https:\\\/\\\/www.greenpeace.ch\\\/static\\\/planet4-switzerland-stateless\\\/2024\\\/12\\\/6b369eec-gp0su3jj1_pressmedia-2500px.jpg&quot;,&quot;focalPoint&quot;:{&quot;x&quot;:0.5,&quot;y&quot;:0.5},&quot;id&quot;:115341},{&quot;url&quot;:&quot;https:\\\/\\\/www.greenpeace.ch\\\/static\\\/planet4-switzerland-stateless\\\/2024\\\/12\\\/8e53d01a-gp0su3jp5_pressmedia-2500px.jpg&quot;,&quot;focalPoint&quot;:{&quot;x&quot;:0.5,&quot;y&quot;:0.5},&quot;id&quot;:115347},{&quot;url&quot;:&quot;https:\\\/\\\/www.greenpeace.ch\\\/static\\\/planet4-switzerland-stateless\\\/2024\\\/12\\\/86ea5c74-gp0su3lma_pressmedia-2500px.jpg&quot;,&quot;focalPoint&quot;:{&quot;x&quot;:0.5,&quot;y&quot;:0.5},&quot;id&quot;:115350},{&quot;url&quot;:&quot;https:\\\/\\\/www.greenpeace.ch\\\/static\\\/planet4-switzerland-stateless\\\/2024\\\/12\\\/c2738678-gp0su3olk_pressmedia-2500px.jpg&quot;,&quot;focalPoint&quot;:{&quot;x&quot;:0.5,&quot;y&quot;:0.5},&quot;id&quot;:115353},{&quot;url&quot;:&quot;https:\\\/\\\/www.greenpeace.ch\\\/static\\\/planet4-switzerland-stateless\\\/2024\\\/12\\\/74190b27-gp0su3oml_pressmedia-2500px.jpg&quot;,&quot;focalPoint&quot;:{&quot;x&quot;:0.5,&quot;y&quot;:0.5},&quot;id&quot;:115356}],&quot;className&quot;:&quot;is-style-slider&quot;,&quot;gallery_block_style&quot;:0,&quot;gallery_block_title&quot;:&quot;&quot;,&quot;gallery_block_description&quot;:&quot;&quot;,&quot;gallery_block_focus_points&quot;:&quot;&quot;,&quot;images&quot;:[{&quot;image_src&quot;:&quot;https:\\\/\\\/www.greenpeace.ch\\\/static\\\/planet4-switzerland-stateless\\\/2024\\\/12\\\/823e6870-gp0su3jcd_pressmedia-2500px.jpg&quot;,&quot;image_srcset&quot;:&quot;https:\\\/\\\/www.greenpeace.ch\\\/static\\\/planet4-switzerland-stateless\\\/2024\\\/12\\\/823e6870-gp0su3jcd_pressmedia-2500px.jpg 2500w, https:\\\/\\\/www.greenpeace.ch\\\/static\\\/planet4-switzerland-stateless\\\/2024\\\/12\\\/823e6870-gp0su3jcd_pressmedia-2500px-300x225.jpg 300w, https:\\\/\\\/www.greenpeace.ch\\\/static\\\/planet4-switzerland-stateless\\\/2024\\\/12\\\/823e6870-gp0su3jcd_pressmedia-2500px-1024x767.jpg 1024w, https:\\\/\\\/www.greenpeace.ch\\\/static\\\/planet4-switzerland-stateless\\\/2024\\\/12\\\/823e6870-gp0su3jcd_pressmedia-2500px-768x575.jpg 768w, https:\\\/\\\/www.greenpeace.ch\\\/static\\\/planet4-switzerland-stateless\\\/2024\\\/12\\\/823e6870-gp0su3jcd_pressmedia-2500px-1536x1150.jpg 1536w, https:\\\/\\\/www.greenpeace.ch\\\/static\\\/planet4-switzerland-stateless\\\/2024\\\/12\\\/823e6870-gp0su3jcd_pressmedia-2500px-2048x1534.jpg 2048w, https:\\\/\\\/www.greenpeace.ch\\\/static\\\/planet4-switzerland-stateless\\\/2024\\\/12\\\/823e6870-gp0su3jcd_pressmedia-2500px-1824x1366.jpg 1824w, https:\\\/\\\/www.greenpeace.ch\\\/static\\\/planet4-switzerland-stateless\\\/2024\\\/12\\\/823e6870-gp0su3jcd_pressmedia-2500px-454x340.jpg 454w&quot;,&quot;image_sizes&quot;:false,&quot;alt_text&quot;:&quot;&quot;,&quot;caption&quot;:&quot;&quot;,&quot;focus_image&quot;:&quot;&quot;,&quot;credits&quot;:&quot;&quot;},{&quot;image_src&quot;:&quot;https:\\\/\\\/www.greenpeace.ch\\\/static\\\/planet4-switzerland-stateless\\\/2024\\\/12\\\/214b2c2f-gp0su3jdw_pressmedia-2500px.jpg&quot;,&quot;image_srcset&quot;:&quot;https:\\\/\\\/www.greenpeace.ch\\\/static\\\/planet4-switzerland-stateless\\\/2024\\\/12\\\/214b2c2f-gp0su3jdw_pressmedia-2500px.jpg 2500w, https:\\\/\\\/www.greenpeace.ch\\\/static\\\/planet4-switzerland-stateless\\\/2024\\\/12\\\/214b2c2f-gp0su3jdw_pressmedia-2500px-300x200.jpg 300w, https:\\\/\\\/www.greenpeace.ch\\\/static\\\/planet4-switzerland-stateless\\\/2024\\\/12\\\/214b2c2f-gp0su3jdw_pressmedia-2500px-1024x683.jpg 1024w, https:\\\/\\\/www.greenpeace.ch\\\/static\\\/planet4-switzerland-stateless\\\/2024\\\/12\\\/214b2c2f-gp0su3jdw_pressmedia-2500px-768x512.jpg 768w, https:\\\/\\\/www.greenpeace.ch\\\/static\\\/planet4-switzerland-stateless\\\/2024\\\/12\\\/214b2c2f-gp0su3jdw_pressmedia-2500px-1536x1024.jpg 1536w, https:\\\/\\\/www.greenpeace.ch\\\/static\\\/planet4-switzerland-stateless\\\/2024\\\/12\\\/214b2c2f-gp0su3jdw_pressmedia-2500px-2048x1366.jpg 2048w, https:\\\/\\\/www.greenpeace.ch\\\/static\\\/planet4-switzerland-stateless\\\/2024\\\/12\\\/214b2c2f-gp0su3jdw_pressmedia-2500px-510x340.jpg 510w&quot;,&quot;image_sizes&quot;:false,&quot;alt_text&quot;:&quot;&quot;,&quot;caption&quot;:&quot;&quot;,&quot;focus_image&quot;:&quot;&quot;,&quot;credits&quot;:&quot;&quot;},{&quot;image_src&quot;:&quot;https:\\\/\\\/www.greenpeace.ch\\\/static\\\/planet4-switzerland-stateless\\\/2024\\\/12\\\/8a9d33fa-gp0su3jee_pressmedia-2500px.jpg&quot;,&quot;image_srcset&quot;:&quot;https:\\\/\\\/www.greenpeace.ch\\\/static\\\/planet4-switzerland-stateless\\\/2024\\\/12\\\/8a9d33fa-gp0su3jee_pressmedia-2500px.jpg 2500w, https:\\\/\\\/www.greenpeace.ch\\\/static\\\/planet4-switzerland-stateless\\\/2024\\\/12\\\/8a9d33fa-gp0su3jee_pressmedia-2500px-300x200.jpg 300w, https:\\\/\\\/www.greenpeace.ch\\\/static\\\/planet4-switzerland-stateless\\\/2024\\\/12\\\/8a9d33fa-gp0su3jee_pressmedia-2500px-1024x683.jpg 1024w, https:\\\/\\\/www.greenpeace.ch\\\/static\\\/planet4-switzerland-stateless\\\/2024\\\/12\\\/8a9d33fa-gp0su3jee_pressmedia-2500px-768x512.jpg 768w, https:\\\/\\\/www.greenpeace.ch\\\/static\\\/planet4-switzerland-stateless\\\/2024\\\/12\\\/8a9d33fa-gp0su3jee_pressmedia-2500px-1536x1024.jpg 1536w, https:\\\/\\\/www.greenpeace.ch\\\/static\\\/planet4-switzerland-stateless\\\/2024\\\/12\\\/8a9d33fa-gp0su3jee_pressmedia-2500px-2048x1366.jpg 2048w, https:\\\/\\\/www.greenpeace.ch\\\/static\\\/planet4-switzerland-stateless\\\/2024\\\/12\\\/8a9d33fa-gp0su3jee_pressmedia-2500px-510x340.jpg 510w&quot;,&quot;image_sizes&quot;:false,&quot;alt_text&quot;:&quot;&quot;,&quot;caption&quot;:&quot;&quot;,&quot;focus_image&quot;:&quot;&quot;,&quot;credits&quot;:&quot;&quot;},{&quot;image_src&quot;:&quot;https:\\\/\\\/www.greenpeace.ch\\\/static\\\/planet4-switzerland-stateless\\\/2024\\\/12\\\/6b369eec-gp0su3jj1_pressmedia-2500px.jpg&quot;,&quot;image_srcset&quot;:&quot;https:\\\/\\\/www.greenpeace.ch\\\/static\\\/planet4-switzerland-stateless\\\/2024\\\/12\\\/6b369eec-gp0su3jj1_pressmedia-2500px.jpg 2500w, https:\\\/\\\/www.greenpeace.ch\\\/static\\\/planet4-switzerland-stateless\\\/2024\\\/12\\\/6b369eec-gp0su3jj1_pressmedia-2500px-300x200.jpg 300w, https:\\\/\\\/www.greenpeace.ch\\\/static\\\/planet4-switzerland-stateless\\\/2024\\\/12\\\/6b369eec-gp0su3jj1_pressmedia-2500px-1024x683.jpg 1024w, https:\\\/\\\/www.greenpeace.ch\\\/static\\\/planet4-switzerland-stateless\\\/2024\\\/12\\\/6b369eec-gp0su3jj1_pressmedia-2500px-768x512.jpg 768w, https:\\\/\\\/www.greenpeace.ch\\\/static\\\/planet4-switzerland-stateless\\\/2024\\\/12\\\/6b369eec-gp0su3jj1_pressmedia-2500px-1536x1024.jpg 1536w, https:\\\/\\\/www.greenpeace.ch\\\/static\\\/planet4-switzerland-stateless\\\/2024\\\/12\\\/6b369eec-gp0su3jj1_pressmedia-2500px-2048x1366.jpg 2048w, https:\\\/\\\/www.greenpeace.ch\\\/static\\\/planet4-switzerland-stateless\\\/2024\\\/12\\\/6b369eec-gp0su3jj1_pressmedia-2500px-510x340.jpg 510w&quot;,&quot;image_sizes&quot;:false,&quot;alt_text&quot;:&quot;&quot;,&quot;caption&quot;:&quot;&quot;,&quot;focus_image&quot;:&quot;&quot;,&quot;credits&quot;:&quot;&quot;},{&quot;image_src&quot;:&quot;https:\\\/\\\/www.greenpeace.ch\\\/static\\\/planet4-switzerland-stateless\\\/2024\\\/12\\\/8e53d01a-gp0su3jp5_pressmedia-2500px.jpg&quot;,&quot;image_srcset&quot;:&quot;https:\\\/\\\/www.greenpeace.ch\\\/static\\\/planet4-switzerland-stateless\\\/2024\\\/12\\\/8e53d01a-gp0su3jp5_pressmedia-2500px.jpg 2500w, https:\\\/\\\/www.greenpeace.ch\\\/static\\\/planet4-switzerland-stateless\\\/2024\\\/12\\\/8e53d01a-gp0su3jp5_pressmedia-2500px-300x200.jpg 300w, https:\\\/\\\/www.greenpeace.ch\\\/static\\\/planet4-switzerland-stateless\\\/2024\\\/12\\\/8e53d01a-gp0su3jp5_pressmedia-2500px-1024x683.jpg 1024w, https:\\\/\\\/www.greenpeace.ch\\\/static\\\/planet4-switzerland-stateless\\\/2024\\\/12\\\/8e53d01a-gp0su3jp5_pressmedia-2500px-768x512.jpg 768w, https:\\\/\\\/www.greenpeace.ch\\\/static\\\/planet4-switzerland-stateless\\\/2024\\\/12\\\/8e53d01a-gp0su3jp5_pressmedia-2500px-1536x1024.jpg 1536w, https:\\\/\\\/www.greenpeace.ch\\\/static\\\/planet4-switzerland-stateless\\\/2024\\\/12\\\/8e53d01a-gp0su3jp5_pressmedia-2500px-2048x1366.jpg 2048w, https:\\\/\\\/www.greenpeace.ch\\\/static\\\/planet4-switzerland-stateless\\\/2024\\\/12\\\/8e53d01a-gp0su3jp5_pressmedia-2500px-510x340.jpg 510w&quot;,&quot;image_sizes&quot;:false,&quot;alt_text&quot;:&quot;&quot;,&quot;caption&quot;:&quot;&quot;,&quot;focus_image&quot;:&quot;&quot;,&quot;credits&quot;:&quot;&quot;},{&quot;image_src&quot;:&quot;https:\\\/\\\/www.greenpeace.ch\\\/static\\\/planet4-switzerland-stateless\\\/2024\\\/12\\\/86ea5c74-gp0su3lma_pressmedia-2500px.jpg&quot;,&quot;image_srcset&quot;:&quot;https:\\\/\\\/www.greenpeace.ch\\\/static\\\/planet4-switzerland-stateless\\\/2024\\\/12\\\/86ea5c74-gp0su3lma_pressmedia-2500px.jpg 1920w, https:\\\/\\\/www.greenpeace.ch\\\/static\\\/planet4-switzerland-stateless\\\/2024\\\/12\\\/86ea5c74-gp0su3lma_pressmedia-2500px-300x200.jpg 300w, https:\\\/\\\/www.greenpeace.ch\\\/static\\\/planet4-switzerland-stateless\\\/2024\\\/12\\\/86ea5c74-gp0su3lma_pressmedia-2500px-1024x683.jpg 1024w, https:\\\/\\\/www.greenpeace.ch\\\/static\\\/planet4-switzerland-stateless\\\/2024\\\/12\\\/86ea5c74-gp0su3lma_pressmedia-2500px-768x512.jpg 768w, https:\\\/\\\/www.greenpeace.ch\\\/static\\\/planet4-switzerland-stateless\\\/2024\\\/12\\\/86ea5c74-gp0su3lma_pressmedia-2500px-1536x1024.jpg 1536w, https:\\\/\\\/www.greenpeace.ch\\\/static\\\/planet4-switzerland-stateless\\\/2024\\\/12\\\/86ea5c74-gp0su3lma_pressmedia-2500px-510x340.jpg 510w&quot;,&quot;image_sizes&quot;:false,&quot;alt_text&quot;:&quot;&quot;,&quot;caption&quot;:&quot;&quot;,&quot;focus_image&quot;:&quot;&quot;,&quot;credits&quot;:&quot;&quot;},{&quot;image_src&quot;:&quot;https:\\\/\\\/www.greenpeace.ch\\\/static\\\/planet4-switzerland-stateless\\\/2024\\\/12\\\/c2738678-gp0su3olk_pressmedia-2500px.jpg&quot;,&quot;image_srcset&quot;:&quot;https:\\\/\\\/www.greenpeace.ch\\\/static\\\/planet4-switzerland-stateless\\\/2024\\\/12\\\/c2738678-gp0su3olk_pressmedia-2500px.jpg 2500w, https:\\\/\\\/www.greenpeace.ch\\\/static\\\/planet4-switzerland-stateless\\\/2024\\\/12\\\/c2738678-gp0su3olk_pressmedia-2500px-300x200.jpg 300w, https:\\\/\\\/www.greenpeace.ch\\\/static\\\/planet4-switzerland-stateless\\\/2024\\\/12\\\/c2738678-gp0su3olk_pressmedia-2500px-1024x683.jpg 1024w, https:\\\/\\\/www.greenpeace.ch\\\/static\\\/planet4-switzerland-stateless\\\/2024\\\/12\\\/c2738678-gp0su3olk_pressmedia-2500px-768x512.jpg 768w, https:\\\/\\\/www.greenpeace.ch\\\/static\\\/planet4-switzerland-stateless\\\/2024\\\/12\\\/c2738678-gp0su3olk_pressmedia-2500px-1536x1024.jpg 1536w, https:\\\/\\\/www.greenpeace.ch\\\/static\\\/planet4-switzerland-stateless\\\/2024\\\/12\\\/c2738678-gp0su3olk_pressmedia-2500px-2048x1366.jpg 2048w, https:\\\/\\\/www.greenpeace.ch\\\/static\\\/planet4-switzerland-stateless\\\/2024\\\/12\\\/c2738678-gp0su3olk_pressmedia-2500px-510x340.jpg 510w&quot;,&quot;image_sizes&quot;:false,&quot;alt_text&quot;:&quot;&quot;,&quot;caption&quot;:&quot;&quot;,&quot;focus_image&quot;:&quot;&quot;,&quot;credits&quot;:&quot;&quot;},{&quot;image_src&quot;:&quot;https:\\\/\\\/www.greenpeace.ch\\\/static\\\/planet4-switzerland-stateless\\\/2024\\\/12\\\/74190b27-gp0su3oml_pressmedia-2500px.jpg&quot;,&quot;image_srcset&quot;:&quot;https:\\\/\\\/www.greenpeace.ch\\\/static\\\/planet4-switzerland-stateless\\\/2024\\\/12\\\/74190b27-gp0su3oml_pressmedia-2500px.jpg 2500w, https:\\\/\\\/www.greenpeace.ch\\\/static\\\/planet4-switzerland-stateless\\\/2024\\\/12\\\/74190b27-gp0su3oml_pressmedia-2500px-300x200.jpg 300w, https:\\\/\\\/www.greenpeace.ch\\\/static\\\/planet4-switzerland-stateless\\\/2024\\\/12\\\/74190b27-gp0su3oml_pressmedia-2500px-1024x683.jpg 1024w, https:\\\/\\\/www.greenpeace.ch\\\/static\\\/planet4-switzerland-stateless\\\/2024\\\/12\\\/74190b27-gp0su3oml_pressmedia-2500px-768x512.jpg 768w, https:\\\/\\\/www.greenpeace.ch\\\/static\\\/planet4-switzerland-stateless\\\/2024\\\/12\\\/74190b27-gp0su3oml_pressmedia-2500px-1536x1024.jpg 1536w, https:\\\/\\\/www.greenpeace.ch\\\/static\\\/planet4-switzerland-stateless\\\/2024\\\/12\\\/74190b27-gp0su3oml_pressmedia-2500px-2048x1366.jpg 2048w, https:\\\/\\\/www.greenpeace.ch\\\/static\\\/planet4-switzerland-stateless\\\/2024\\\/12\\\/74190b27-gp0su3oml_pressmedia-2500px-510x340.jpg 510w&quot;,&quot;image_sizes&quot;:false,&quot;alt_text&quot;:&quot;&quot;,&quot;caption&quot;:&quot;&quot;,&quot;focus_image&quot;:&quot;&quot;,&quot;credits&quot;:&quot;&quot;}]}}\"><section class=\"block carousel-wrap is-style-slider\"><\/section><\/div>\n<p>\u00abL\u2019objectif des \u00c9tats membres pour les prochaines n\u00e9gociations est clair: la majorit\u00e9 ambitieuse doit briser l&rsquo;influence des combustibles fossiles et l\u2019obstruction d\u2019un petit nombre de pays afin de parvenir \u00e0 un accord efficace, avec des objectifs contraignants et des mesures visant \u00e0 r\u00e9duire la production de plastique. Ils doivent se battre contre les produits chimiques dangereux, pour une interdiction des plastiques \u00e0 usage unique, pour des objectifs de r\u00e9utilisation et pour un plan de financement \u00e9quitable. Ils devront s&rsquo;assurer que les n\u00e9gociations soient justes et inclusives avec un acc\u00e8s \u00e9quitable aux communaut\u00e9s les plus touch\u00e9es par la pollution plastique.\u00bb<\/p>\n\n<p>\u00abNous nous trouvons \u00e0 un carrefour historique. La possibilit\u00e9 d&rsquo;obtenir un trait\u00e9 qui prot\u00e8ge notre sant\u00e9, la biodiversit\u00e9 et le climat reste \u00e0 port\u00e9e de main. Les vents politiques contraires rendent la t\u00e2che plus ardue, mais la le\u00e7on tir\u00e9e \u00e0 Busan est claire: les pays ambitieux ne doivent pas permettre aux industries des combustibles fossiles et de la p\u00e9trochimie, soutenues par une petite minorit\u00e9 de pays, d&#8217;emp\u00eacher la volont\u00e9 de la grande majorit\u00e9. Un accord fort qui prot\u00e8ge la plan\u00e8te et ses habitant\u00b7es est notre seule option.\u00bb<\/p>\n\n<p>Les militant\u00b7es Greenpeace se sont mobilis\u00e9\u00b7es toute la semaine pour faire avancer les n\u00e9gociations. Drapeau g\u00e9ant flottant au dessus du port de Busan, marches, conf\u00e9rences ou m\u00eame en mer au sommet d&rsquo;un navire pour d\u00e9noncer le transport de produits chimiques n\u00e9cessaire au plastique, les actions ont \u00e9t\u00e9 nombreuses. Rien n&rsquo;est encore jou\u00e9: les prochaines n\u00e9gociations devraient se tenir courant 2025. Nous ne rel\u00e2cherons pas nos efforts tant qu&rsquo;un accord qui prot\u00e8ge la plan\u00e8te et ses habitant\u00b7es de la pollution plastique n&rsquo;aura pas \u00e9t\u00e9 trouv\u00e9.<\/p>\n\t\t\t<section\n\t\t\tclass=\"boxout  \"\n\t\t\t\n\t\t>\n\t\t\t<a\n\t\t\t\tdata-ga-category=\"Take Action Boxout\"\n\t\t\t\tdata-ga-action=\"Image\"\n\t\t\t\tdata-ga-label=\"n\/a\"\n\t\t\t\tclass=\"cover-card-overlay\"\n\t\t\t\thref=\"https:\/\/www.greenpeace.ch\/fr\/explorer\/zero-dechet\/\" \n\t\t\t><\/a>\n\t\t\t\t\t\t\t<img\n\t\t\t\t\t\tsrc=\"https:\/\/www.greenpeace.ch\/static\/planet4-switzerland-stateless\/2020\/05\/abd865d2-gp0stskbr_medium_res-1-1024x768.jpg\"\n\t\t\t\t\t\tsrcset=\"https:\/\/www.greenpeace.ch\/static\/planet4-switzerland-stateless\/2020\/05\/abd865d2-gp0stskbr_medium_res-1-300x225.jpg 300w, https:\/\/www.greenpeace.ch\/static\/planet4-switzerland-stateless\/2020\/05\/abd865d2-gp0stskbr_medium_res-1-1024x768.jpg 1024w, https:\/\/www.greenpeace.ch\/static\/planet4-switzerland-stateless\/2020\/05\/abd865d2-gp0stskbr_medium_res-1-768x576.jpg 768w, https:\/\/www.greenpeace.ch\/static\/planet4-switzerland-stateless\/2020\/05\/abd865d2-gp0stskbr_medium_res-1-453x340.jpg 453w, https:\/\/www.greenpeace.ch\/static\/planet4-switzerland-stateless\/2020\/05\/abd865d2-gp0stskbr_medium_res-1.jpg 1200w\"\n\t\t\t\t\t\tsizes=\"(min-width: 1000px) 358px, (min-width: 780px) 313px, 88px\"\n\t\t\t\t\t\talt=\"\" title=\"\"\n\t\t\t\t\/>\n            \t\t\t<div class=\"boxout-content\">\n\t\t\t\t\t\t\t\t\t<a\n\t\t\t\t\t\tclass=\"boxout-heading medium\"\n\t\t\t\t\t\tdata-ga-category=\"Take Action Boxout\"\n\t\t\t\t\t\tdata-ga-action=\"Title\"\n\t\t\t\t\t\tdata-ga-label=\"n\/a\"\n\t\t\t\t\t\thref=\"https:\/\/www.greenpeace.ch\/fr\/explorer\/zero-dechet\/\"\n\t\t\t\t\t\t\n\t\t\t\t\t>\n\t\t\t\t\t\tEn savoir plus sur le th\u00e8me\n\t\t\t\t\t<\/a>\n\t\t\t\t\t\t\t\t\t\t\t\t\t<p class=\"boxout-excerpt\">Nous sommes noy\u00e9s sous les d\u00e9chets.\u00a0Avec plus de 700 kg par personne, la Suisse produit beaucoup trop de d\u00e9chets. Les emballages \u00e0 usage unique repr\u00e9sentent environ un tiers de nos d\u00e9chets. C\u2019est donc une composante majeure de notre soci\u00e9t\u00e9 de consommation et de la culture du jetable.<\/p>\n\t\t\t\t                                    <a\n                        class=\"btn btn-primary\"\n                        data-ga-category=\"Take Action Boxout\"\n                        data-ga-action=\"Call to Action\"\n                        data-ga-label=\"n\/a\"\n                        href=\"https:\/\/www.greenpeace.ch\/fr\/explorer\/zero-dechet\/\"\n                        \n                    >\n                        En savoir plus\n                    <\/a>\n                \t\t\t<\/div>\n\t\t\t\t\t<\/section>\n\t","protected":false},"excerpt":{"rendered":"<p>La 5e session de n\u00e9gociation pour un trait\u00e9 international contre la pollution plastique s&rsquo;est achev\u00e9e aujourd&rsquo;hui sur un seul accord, celui de se r\u00e9unir \u00e0 nouveau lors d\u2019un ultime cycle de n\u00e9gociation.<\/p>\n","protected":false},"author":50,"featured_media":115303,"comment_status":"closed","ping_status":"open","sticky":false,"template":"","format":"standard","meta":{"_acf_changed":false,"_planet4_optimize_post_is_variant":false,"_planet4_optimize_experiment_name":"","_planet4_optimize_variant_name":"","ep_exclude_from_search":false,"p4_og_title":"","p4_og_description":"","p4_og_image":"https:\/\/www.greenpeace.ch\/static\/planet4-switzerland-stateless\/2024\/12\/490af5ef-gp0su3mba_medium-res-1200px.jpg","p4_og_image_id":"115302","p4_seo_canonical_url":"","p4_campaign_name":"","p4_local_project":"","p4_basket_name":"","p4_department":"","footnotes":""},"categories":[149],"tags":[74],"p4-page-type":[77],"gpch-article-type":[],"class_list":["post-115309","post","type-post","status-publish","format-standard","has-post-thumbnail","hentry","category-zero-waste-fr","tag-zero-dechet","p4-page-type-story-fr"],"acf":[],"_links":{"self":[{"href":"https:\/\/www.greenpeace.ch\/fr\/wp-json\/wp\/v2\/posts\/115309","targetHints":{"allow":["GET"]}}],"collection":[{"href":"https:\/\/www.greenpeace.ch\/fr\/wp-json\/wp\/v2\/posts"}],"about":[{"href":"https:\/\/www.greenpeace.ch\/fr\/wp-json\/wp\/v2\/types\/post"}],"author":[{"embeddable":true,"href":"https:\/\/www.greenpeace.ch\/fr\/wp-json\/wp\/v2\/users\/50"}],"replies":[{"embeddable":true,"href":"https:\/\/www.greenpeace.ch\/fr\/wp-json\/wp\/v2\/comments?post=115309"}],"version-history":[{"count":5,"href":"https:\/\/www.greenpeace.ch\/fr\/wp-json\/wp\/v2\/posts\/115309\/revisions"}],"predecessor-version":[{"id":115368,"href":"https:\/\/www.greenpeace.ch\/fr\/wp-json\/wp\/v2\/posts\/115309\/revisions\/115368"}],"wp:featuredmedia":[{"embeddable":true,"href":"https:\/\/www.greenpeace.ch\/fr\/wp-json\/wp\/v2\/media\/115303"}],"wp:attachment":[{"href":"https:\/\/www.greenpeace.ch\/fr\/wp-json\/wp\/v2\/media?parent=115309"}],"wp:term":[{"taxonomy":"category","embeddable":true,"href":"https:\/\/www.greenpeace.ch\/fr\/wp-json\/wp\/v2\/categories?post=115309"},{"taxonomy":"post_tag","embeddable":true,"href":"https:\/\/www.greenpeace.ch\/fr\/wp-json\/wp\/v2\/tags?post=115309"},{"taxonomy":"p4-page-type","embeddable":true,"href":"https:\/\/www.greenpeace.ch\/fr\/wp-json\/wp\/v2\/p4-page-type?post=115309"},{"taxonomy":"gpch-article-type","embeddable":true,"href":"https:\/\/www.greenpeace.ch\/fr\/wp-json\/wp\/v2\/gpch-article-type?post=115309"}],"curies":[{"name":"wp","href":"https:\/\/api.w.org\/{rel}","templated":true}]}}