{"id":115364,"date":"2024-12-02T14:46:35","date_gmt":"2024-12-02T13:46:35","guid":{"rendered":"https:\/\/www.greenpeace.ch\/?p=115364"},"modified":"2024-12-02T14:46:39","modified_gmt":"2024-12-02T13:46:39","slug":"climat-suisse-responsabilites","status":"publish","type":"post","link":"https:\/\/www.greenpeace.ch\/fr\/communique-de-presse\/115364\/climat-suisse-responsabilites\/","title":{"rendered":"Climat: la Suisse va devoir cesser de se soustraire \u00e0 ses responsabilit\u00e9s"},"content":{"rendered":"\n<p><strong>La Cour internationale de justice (CIJ) se penche sur les obligations des \u00c9tats dans la lutte contre le r\u00e9chauffement climatique. Aujourd\u2019hui d\u00e9marre un cycle d\u2019audiences publiques sur le sujet \u00e0 La Haye. La CIJ pourrait envoyer un signal important, \u00e0 l\u2019image de l\u2019arr\u00eat de la Cour europ\u00e9enne des droits de l&rsquo;homme (CEDH) dans le cadre de l\u2019affaire des A\u00een\u00e9es pour le climat Suisse.&nbsp;<\/strong><\/p>\n\n<p>Les \u00c9tats sont tenus de prot\u00e9ger leurs citoyens des cons\u00e9quences du r\u00e9chauffement climatique. Pour y parvenir, l\u2019\u00e9l\u00e9vation globale du niveau des temp\u00e9ratures doit \u00eatre limit\u00e9e \u00e0 1,5\u00b0C. C&rsquo;est ce qu\u2019\u00e9tablit le r\u00e9cent verdict de la Cour europ\u00e9enne des droits de l&rsquo;homme (CEDH) sur la requ\u00eate des A\u00een\u00e9es pour le climat Suisse.&nbsp;<\/p>\n\n<p>La Cour internationale de justice (CIJ) pourrait arriver \u00e0 une conclusion similaire. \u00c0 partir d\u2019aujourd\u2019hui et jusqu\u2019au 13 d\u00e9cembre, elle tient des audiences publiques. L\u2019objectif est de d\u00e9terminer les obligations et les responsabilit\u00e9s des \u00c9tats face au r\u00e9chauffement climatique. Les auditions verront la participation de <a href=\"https:\/\/www.icj-cij.org\/sites\/default\/files\/case-related\/187\/187-20241108-pre-01-00-fr.pdf\">98 \u00c9tats et de 12 organisations internationales<\/a>.&nbsp;<\/p>\n\n<p>La Suisse sera auditionn\u00e9e <a href=\"https:\/\/journal.un.org\/en\/the-hague\/icjannouncements\/2024-11-27\">mercredi 11 d\u00e9cembre<\/a>. Contrairement \u00e0 d&rsquo;autres pays, elle a rendu publique <a href=\"https:\/\/www.greenpeace.ch\/static\/planet4-switzerland-stateless\/2024\/11\/20240318-obligations-states-respect-climate-change-statement-CH_EN.pdf\">sa d\u00e9claration<\/a> d\u00e8s le mois de mars. Greenpeace International a aussi \u00e9mis un prise de position qui cite abondamment l\u2019affaire des A\u00een\u00e9es pour le climat Suisse.&nbsp; Le processus doit aboutir \u00e0 la publication d\u2019un avis consultatif (<em>Advisory Opinion<\/em>) sur le sujet. En guise de pr\u00e9paration, des membres de la Cour ont rencontr\u00e9 <a href=\"https:\/\/www.icj-cij.org\/sites\/default\/files\/case-related\/187\/187-20241126-pre-01-00-fr.pdf\">des auteur\u00b7es des rapports pass\u00e9s et actuels du GIEC<\/a>.&nbsp;&nbsp;<\/p>\n\n<p>\u201cLa Suisse va devoir cesser de se soustraire \u00e0 ses responsabilit\u00e9s\u201d, explique Georg Klingler, expert des questions climatiques pour Greenpeace Suisse. \u201cL&rsquo;avis de la Cour internationale de justice permet de clarifier les obligations des \u00c9tats en mati\u00e8re de droit international public sur la protection des personnes contre les cons\u00e9quences du r\u00e9chauffement climatique. Le Conseil f\u00e9d\u00e9ral et les parlementaires s&rsquo;opposent encore bec et ongles \u00e0 l&rsquo;application de l&rsquo;arr\u00eat dans l\u2019affaire des A\u00een\u00e9es pour le climat Suisse et tentent par tous les moyens de discr\u00e9diter la Cour europ\u00e9enne des droits de l&rsquo;homme (CEDH). Le fait que la responsabilit\u00e9 pour la crise climatique mondiale est collective ne dispense aucun \u00c9tat de l&rsquo;obligation de contribuer \u00e9quitablement \u00e0 la r\u00e9solution du probl\u00e8me. Chaque pays doit montrer, sur la base du budget carbone global restant, comment il apporte sa contribution \u00e0 la solution. C&rsquo;est pr\u00e9cis\u00e9ment ce que la Suisse a refus\u00e9 de faire jusqu&rsquo;\u00e0 pr\u00e9sent.\u201d<\/p>\n\n<hr class=\"wp-block-separator has-alpha-channel-opacity\"\/>\n\n<h2 class=\"wp-block-heading\"><strong>Une demande de l&rsquo;ONU<\/strong><\/h2>\n\n<p>La Cour internationale de justice (CIJ), install\u00e9e \u00e0 La Haye (Pays-Bas), est le principal organe juridictionnel des Nations unies. Une r\u00e9solution a \u00e9t\u00e9 adopt\u00e9e \u00e0 l\u2019unanimit\u00e9 \u00e0 l&rsquo;Assembl\u00e9e g\u00e9n\u00e9rale des Nations Unies &#8211; donc avec la voix de la Suisse &#8211; le 23 mars 2023. <a href=\"https:\/\/press.un.org\/fr\/2023\/ag12497.doc.htm\">Cette r\u00e9solution<\/a> demande \u00e0 la CIJ de clarifier dans un avis consultatif les obligations juridiques des \u00c9tats membres des Nations Unies face au r\u00e9chauffement climatique. \u201c<a href=\"https:\/\/press.un.org\/en\/2023\/sgsm21750.doc.htm\">Ensemble, vous faites l\u2019Histoire<\/a>\u201d, a d\u00e9clar\u00e9 le secr\u00e9taire g\u00e9n\u00e9ral de l&rsquo;ONU Ant\u00f3nio Guterres en f\u00e9licitant les \u00c9tats membres. La <a href=\"https:\/\/documents.un.org\/doc\/undoc\/ltd\/n23\/094\/53\/pdf\/n2309453.pdf\">r\u00e9solution<\/a> d\u00e9marre par ces mots: \u201cl\u2019Assembl\u00e9e g\u00e9n\u00e9rale, (est) consciente que les changements climatiques constituent un d\u00e9fi sans pr\u00e9c\u00e9dent de port\u00e9e civilisationnelle et que le bien-\u00eatre des g\u00e9n\u00e9rations pr\u00e9sentes et futures exige de notre part une r\u00e9action imm\u00e9diate et urgente\u201d.<\/p>\n\n<hr class=\"wp-block-separator has-alpha-channel-opacity\"\/>\n\n<h3 class=\"wp-block-heading\"><strong>Plus d&rsquo;informations:&nbsp;<\/strong><\/h3>\n\n<p>Les audiences sont retransmises en direct sur <a href=\"https:\/\/webtv.un.org\/en\/asset\/k1c\/k1ce3oitwq\">le site Internet de la Cour internationale de justice<\/a>.&nbsp;<\/p>\n\n<p>Prise de position de Greenpeace International \u00e0 l&rsquo;attention de la Cour internationale de justice sur les obligations des \u00c9tats face au r\u00e9chauffement climatique (<a href=\"https:\/\/www.greenpeace.org\/international\/greenpeace-brief-to-international-court-of-justice-on-obligations-of-states-regarding-climate-change\/\">communiqu\u00e9 de presse<\/a>, <a href=\"https:\/\/www.greenpeace.org\/static\/planet4-international-stateless\/2024\/03\/154c198a-greenpeace-international_icj-ao-climate_20240321_final.pdf\">prise de position<\/a>)&nbsp;<\/p>\n\n<p><a href=\"https:\/\/www.greenpeace.ch\/static\/planet4-switzerland-stateless\/2024\/11\/20240318-obligations-states-respect-climate-change-statement-CH_EN.pdf\">Prise de position de la Suisse<\/a> \u00e0 l&rsquo;attention de la Cour internationale de justice<\/p>\n\n<h3 class=\"wp-block-heading\"><strong>Contacts<\/strong><\/h3>\n\n<p>Georg Klingler, expert climat et \u00e9nergie, Greenpeace Suisse, +41 79 785 07 38, georg.klingler@greenpeace.org<\/p>\n\n<p>Mathias Schlegel, porte-parole, Greenpeace Suisse, +41 79 794 61 23, mathias.schlegel@greenpeace.org<\/p>\n","protected":false},"excerpt":{"rendered":"<p>La Cour internationale de justice (CIJ) se penche sur les obligations des \u00c9tats dans la lutte contre le r\u00e9chauffement climatique. Aujourd\u2019hui d\u00e9marre un cycle d\u2019audiences publiques sur le sujet \u00e0 La Haye. La CIJ pourrait envoyer un signal important, \u00e0 l\u2019image de l\u2019arr\u00eat de la Cour europ\u00e9enne des droits de l&rsquo;homme (CEDH) dans le cadre de l\u2019affaire des A\u00een\u00e9es pour le climat Suisse.\u00a0<\/p>\n","protected":false},"author":37,"featured_media":1702,"comment_status":"closed","ping_status":"open","sticky":false,"template":"","format":"standard","meta":{"_acf_changed":false,"_planet4_optimize_post_is_variant":false,"_planet4_optimize_experiment_name":"","_planet4_optimize_variant_name":"","ep_exclude_from_search":false,"p4_og_title":"","p4_og_description":"","p4_og_image":"","p4_og_image_id":"","p4_seo_canonical_url":"","p4_campaign_name":"","p4_local_project":"","p4_basket_name":"","p4_department":"","footnotes":""},"categories":[22],"tags":[136,58],"p4-page-type":[73],"gpch-article-type":[],"class_list":["post-115364","post","type-post","status-publish","format-standard","has-post-thumbnail","hentry","category-non-classifiee","tag-justice-climatique","tag-climat","p4-page-type-communique-de-presse"],"acf":[],"_links":{"self":[{"href":"https:\/\/www.greenpeace.ch\/fr\/wp-json\/wp\/v2\/posts\/115364","targetHints":{"allow":["GET"]}}],"collection":[{"href":"https:\/\/www.greenpeace.ch\/fr\/wp-json\/wp\/v2\/posts"}],"about":[{"href":"https:\/\/www.greenpeace.ch\/fr\/wp-json\/wp\/v2\/types\/post"}],"author":[{"embeddable":true,"href":"https:\/\/www.greenpeace.ch\/fr\/wp-json\/wp\/v2\/users\/37"}],"replies":[{"embeddable":true,"href":"https:\/\/www.greenpeace.ch\/fr\/wp-json\/wp\/v2\/comments?post=115364"}],"version-history":[{"count":1,"href":"https:\/\/www.greenpeace.ch\/fr\/wp-json\/wp\/v2\/posts\/115364\/revisions"}],"predecessor-version":[{"id":115366,"href":"https:\/\/www.greenpeace.ch\/fr\/wp-json\/wp\/v2\/posts\/115364\/revisions\/115366"}],"wp:featuredmedia":[{"embeddable":true,"href":"https:\/\/www.greenpeace.ch\/fr\/wp-json\/wp\/v2\/media\/1702"}],"wp:attachment":[{"href":"https:\/\/www.greenpeace.ch\/fr\/wp-json\/wp\/v2\/media?parent=115364"}],"wp:term":[{"taxonomy":"category","embeddable":true,"href":"https:\/\/www.greenpeace.ch\/fr\/wp-json\/wp\/v2\/categories?post=115364"},{"taxonomy":"post_tag","embeddable":true,"href":"https:\/\/www.greenpeace.ch\/fr\/wp-json\/wp\/v2\/tags?post=115364"},{"taxonomy":"p4-page-type","embeddable":true,"href":"https:\/\/www.greenpeace.ch\/fr\/wp-json\/wp\/v2\/p4-page-type?post=115364"},{"taxonomy":"gpch-article-type","embeddable":true,"href":"https:\/\/www.greenpeace.ch\/fr\/wp-json\/wp\/v2\/gpch-article-type?post=115364"}],"curies":[{"name":"wp","href":"https:\/\/api.w.org\/{rel}","templated":true}]}}