{"id":116301,"date":"2025-01-09T10:30:00","date_gmt":"2025-01-09T09:30:00","guid":{"rendered":"https:\/\/www.greenpeace.ch\/?p=116301"},"modified":"2025-01-15T13:12:02","modified_gmt":"2025-01-15T12:12:02","slug":"oui-a-une-autre-economie-oui-a-linitiative-pour-la-responsabilite-environnementale","status":"publish","type":"post","link":"https:\/\/www.greenpeace.ch\/fr\/communique-de-presse\/116301\/oui-a-une-autre-economie-oui-a-linitiative-pour-la-responsabilite-environnementale\/","title":{"rendered":"OUI \u00e0 une autre \u00e9conomie, OUI \u00e0 l&rsquo;initiative pour la responsabilit\u00e9 environnementale\u00a0"},"content":{"rendered":"\n<p><strong>Greenpeace soutient l&rsquo;initiative pour la responsabilit\u00e9 environnementale.<\/strong> <strong>Il faut une \u00e9conomie qui privil\u00e9gie la prosp\u00e9rit\u00e9 de tous\u00b7tes plut\u00f4t que les profits d\u2019une minorit\u00e9.<\/strong><\/p>\n\n<p>Une <a href=\"https:\/\/www.greenpeace.ch\/fr\/story-fr\/97254\/la-suisse-depasse-les-bornes-pour-un-respect-des-limites-planetaires-2\/\">\u00e9tude de Greenpeace<\/a> montre que la Suisse d\u00e9passe les limites plan\u00e9taires, et ce de mani\u00e8re particuli\u00e8rement importante en ce qui concerne le climat et la biodiversit\u00e9. Pas de changement en vue malgr\u00e9 la loi sur la protection de l&rsquo;environnement, la loi sur l&rsquo;\u00e9lectricit\u00e9, l&rsquo;Accord de Paris.<\/p>\n\n<p><strong>Davantage de bien-\u00eatre plut\u00f4t qu&rsquo;une croissance infinie<\/strong><\/p>\n\n<p>Huit personnes sur dix sont convaincues de la n\u00e9cessit\u00e9 de \u00ab trouver des moyens de bien vivre ind\u00e9pendamment de la croissance \u00e9conomique \u00bb selon le <a href=\"https:\/\/www.greenpeace.ch\/fr\/communique-de-presse\/110885\/jour-depassement-terre\/\">sondage repr\u00e9sentatif<\/a> r\u00e9alis\u00e9 en juin dernier \u00e0 la demande de Greenpeace. Cela signifie qu&rsquo;une majorit\u00e9 de la population a un point de vue critique sur une croissance \u00e9conomique infinie.<\/p>\n\n<p>Agnes Jezler, experte en changement socio-\u00e9conomique chez Greenpeace, explique : \u00abIl est temps d&rsquo;adopter un mod\u00e8le \u00e9conomique moderne. De nombreux acteurs politiques affirment que la croissance est n\u00e9cessaire pour que le niveau de vie augmente. C&rsquo;est une vision \u00e0 court terme. La question est la suivante: est-il raisonnable de produire toujours plus, que cela nous permette de nous sentir mieux ou non? La r\u00e9ponse est non. Une \u00e9conomie moderne met l&rsquo;accent sur les services et sur nos besoins \u00e9l\u00e9mentaires : alimentation, eau, \u00e9nergie, mobilit\u00e9 abordable et publique, logement, sant\u00e9, \u00e9ducation, soins et assistance. Ce qui compte, c&rsquo;est une vie de qualit\u00e9 pour tous et toutes et non les profits d\u2019une minorit\u00e9.\u00bb<\/p>\n\n<p>L&rsquo;\u00e9conomiste fran\u00e7ais Timoth\u00e9e Parrique le r\u00e9sume ainsi: \u00abUne partie de notre confort mat\u00e9riel d\u00e9pend des choses que nous poss\u00e9dons d\u00e9j\u00e0. Je n&rsquo;ai pas besoin d&rsquo;acheter une machine \u00e0 laver &#8211; j\u2019ai besoin d\u2019avoir acc\u00e8s \u00e0 une machine \u00e0 laver lorsque je souhaite nettoyer mon linge\u00bb.<\/p>\n\n<p><strong>Une autre forme d&rsquo;\u00e9conomie est possible<\/strong><\/p>\n\n<p>L&rsquo;initiative pour la responsabilit\u00e9 environnementale a un objectif clair: le respect des limites plan\u00e9taires. \u200b\u200bL&rsquo;initiative demande d&rsquo;introduire dans la Constitution f\u00e9d\u00e9rale une nouvelle disposition (art. 94a): \u00abLa nature et sa capacit\u00e9 de renouvellement constituent les limites pos\u00e9es \u00e0 l\u2019\u00e9conomie nationale. Les activit\u00e9s \u00e9conomiques ne peuvent utiliser des ressources et \u00e9mettre des polluants que dans la mesure o\u00f9 les bases naturelles de la vie sont conserv\u00e9es.\u00bb<\/p>\n\n<p>L&rsquo;\u00e9conomiste Irmi Seidl, qui dirige l&rsquo;unit\u00e9 de recherche en sciences \u00e9conomiques et sociales \u00e0 l&rsquo;Institut f\u00e9d\u00e9ral de recherches sur la for\u00eat, la neige et le paysage (WSL), est convaincue de la pertinence \u00e9conomique de l&rsquo;initiative: \u00ab Nous avons les connaissances n\u00e9cessaires et nous pouvons mobiliser le capital n\u00e9cessaire pour investir et transformer l&rsquo;\u00e9conomie de mani\u00e8re \u00e0 respecter les limites plan\u00e9taires. Par exemple, si la construction devient plus ch\u00e8re parce que l&rsquo;on utilise moins de b\u00e9ton nuisible au climat, on devrait dans de nombreux cas r\u00e9nover au lieu de d\u00e9molir et de construire du neuf\u00bb.<\/p>\n\n<p>En votant OUI \u00e0 l&rsquo;initiative sur la responsabilit\u00e9 environnementale, la Suisse ferait un pas courageux vers une \u00e9conomie respectueuse des limites plan\u00e9taires.<\/p>\n\n<p><strong>Contacts<\/strong><\/p>\n\n<p>Agnes Jezler, experte en changement socio-\u00e9conomique, Greenpeace Suisse, 078 231 35 21, <a href=\"mailto:agnes.jezler@greenpeace.org\">agnes.jezler@greenpeace.org<\/a>&nbsp;<\/p>\n\n<p>Service de presse de Greenpeace Suisse, 078 662 07 31, <a href=\"mailto:fanny.eternod@greenpeace.org\">fanny.eternod@greenpeace.org<\/a>&nbsp;<\/p>\n","protected":false},"excerpt":{"rendered":"<p>Greenpeace soutient l&rsquo;initiative pour la responsabilit\u00e9 environnementale. Il faut une \u00e9conomie qui privil\u00e9gie la prosp\u00e9rit\u00e9 de tous\u00b7tes plut\u00f4t que les profits d\u2019une minorit\u00e9.<\/p>\n","protected":false},"author":111,"featured_media":116112,"comment_status":"closed","ping_status":"open","sticky":false,"template":"","format":"standard","meta":{"_acf_changed":false,"_planet4_optimize_post_is_variant":false,"_planet4_optimize_experiment_name":"","_planet4_optimize_variant_name":"","ep_exclude_from_search":false,"p4_og_title":"","p4_og_description":"","p4_og_image":"","p4_og_image_id":"","p4_seo_canonical_url":"","p4_campaign_name":"","p4_local_project":"","p4_basket_name":"","p4_department":"","footnotes":""},"categories":[22],"tags":[230],"p4-page-type":[73],"gpch-article-type":[],"class_list":["post-116301","post","type-post","status-publish","format-standard","has-post-thumbnail","hentry","category-non-classifiee","tag-change-fr","p4-page-type-communique-de-presse"],"acf":[],"_links":{"self":[{"href":"https:\/\/www.greenpeace.ch\/fr\/wp-json\/wp\/v2\/posts\/116301","targetHints":{"allow":["GET"]}}],"collection":[{"href":"https:\/\/www.greenpeace.ch\/fr\/wp-json\/wp\/v2\/posts"}],"about":[{"href":"https:\/\/www.greenpeace.ch\/fr\/wp-json\/wp\/v2\/types\/post"}],"author":[{"embeddable":true,"href":"https:\/\/www.greenpeace.ch\/fr\/wp-json\/wp\/v2\/users\/111"}],"replies":[{"embeddable":true,"href":"https:\/\/www.greenpeace.ch\/fr\/wp-json\/wp\/v2\/comments?post=116301"}],"version-history":[{"count":1,"href":"https:\/\/www.greenpeace.ch\/fr\/wp-json\/wp\/v2\/posts\/116301\/revisions"}],"predecessor-version":[{"id":116302,"href":"https:\/\/www.greenpeace.ch\/fr\/wp-json\/wp\/v2\/posts\/116301\/revisions\/116302"}],"wp:featuredmedia":[{"embeddable":true,"href":"https:\/\/www.greenpeace.ch\/fr\/wp-json\/wp\/v2\/media\/116112"}],"wp:attachment":[{"href":"https:\/\/www.greenpeace.ch\/fr\/wp-json\/wp\/v2\/media?parent=116301"}],"wp:term":[{"taxonomy":"category","embeddable":true,"href":"https:\/\/www.greenpeace.ch\/fr\/wp-json\/wp\/v2\/categories?post=116301"},{"taxonomy":"post_tag","embeddable":true,"href":"https:\/\/www.greenpeace.ch\/fr\/wp-json\/wp\/v2\/tags?post=116301"},{"taxonomy":"p4-page-type","embeddable":true,"href":"https:\/\/www.greenpeace.ch\/fr\/wp-json\/wp\/v2\/p4-page-type?post=116301"},{"taxonomy":"gpch-article-type","embeddable":true,"href":"https:\/\/www.greenpeace.ch\/fr\/wp-json\/wp\/v2\/gpch-article-type?post=116301"}],"curies":[{"name":"wp","href":"https:\/\/api.w.org\/{rel}","templated":true}]}}