{"id":116327,"date":"2025-01-13T06:58:09","date_gmt":"2025-01-13T05:58:09","guid":{"rendered":"https:\/\/www.greenpeace.ch\/?p=116327"},"modified":"2025-01-15T13:08:05","modified_gmt":"2025-01-15T12:08:05","slug":"une-alimentation-davenir-la-pyramide-alimentaire-analysee-du-point-de-vue-environnemental","status":"publish","type":"post","link":"https:\/\/www.greenpeace.ch\/fr\/communique-de-presse\/116327\/une-alimentation-davenir-la-pyramide-alimentaire-analysee-du-point-de-vue-environnemental\/","title":{"rendered":"Une alimentation d&rsquo;avenir? La pyramide alimentaire analys\u00e9e du point de vue environnemental"},"content":{"rendered":"\n<figure class=\"wp-block-table\"><table class=\"has-fixed-layout\"><tbody><tr><td>Communiqu\u00e9 commun de Greenpeace Suisse et du WWF Suisse<\/td><\/tr><\/tbody><\/table><\/figure>\n\n<p><strong>Les recommandations nutritionnelles de la Conf\u00e9d\u00e9ration peuvent contribuer de mani\u00e8re importante \u00e0 la r\u00e9alisation des objectifs climatiques de la Suisse, \u00e0 condition de privil\u00e9gier les aliments les plus respectueux de l&rsquo;environnement au sein de la pyramide alimentaire. C&rsquo;est ce que d\u00e9montre une <\/strong><a href=\"https:\/\/www.greenpeace.ch\/static\/planet4-switzerland-stateless\/2025\/01\/6785aef5-2025_greenpeace_wwf_pyramide_alimentaire.pdf\"><strong>analyse commune de Greenpeace Suisse et du WWF Suisse<\/strong><\/a><strong>.&nbsp;<\/strong><\/p>\n\n<p>Le Conseil f\u00e9d\u00e9ral s&rsquo;est fix\u00e9 pour objectif de r\u00e9duire l&#8217;empreinte carbone de l&rsquo;alimentation de 25% d&rsquo;ici 2030 par rapport \u00e0 2020 et d&rsquo;au moins deux tiers d&rsquo;ici 2050. En septembre 2024, la Conf\u00e9d\u00e9ration a publi\u00e9 de nouvelles recommandations nutritionnelles (voir encadr\u00e9) qui tiennent compte de crit\u00e8res li\u00e9s non seulement \u00e0 la sant\u00e9 mais aussi \u00e0 l&rsquo;environnement. Sur mandat de Greenpeace Suisse et du WWF Suisse, les sp\u00e9cialistes des \u00e9cobilans d&rsquo;ESU-Services ont analys\u00e9 dans quelle mesure cette nouvelle pyramide alimentaire permet d&rsquo;atteindre l&rsquo;objectif de la Conf\u00e9d\u00e9ration.<\/p>\n\n<p>Le calcul compare l&rsquo;impact de la consommation moyenne suisse actuelle avec le <a href=\"https:\/\/eatforum.org\/eat-lancet-commission\/the-planetary-health-diet-and-you\/\">Planetary Health Diet<\/a> (un r\u00e9gime \u00e9labor\u00e9 par une \u00e9quipe internationale de scientifiques pour permettre une alimentation saine et respectueuse de l&rsquo;environnement dans le monde) ainsi qu\u2019avec deux variantes de la nouvelle pyramide alimentaire (minimale et maximale). Deux sc\u00e9narios ont \u00e9t\u00e9 pris en compte dans les recommandations nutritionnelles suisses, car une grande marge de man\u0153uvre est possible. Pour la viande par exemple, la quantit\u00e9 recommand\u00e9e se situe entre z\u00e9ro et 360 grammes par semaine. Le calcul tient compte d&rsquo;une variante maximale, dans laquelle tous les aliments particuli\u00e8rement n\u00e9fastes pour l&rsquo;environnement (en particulier la viande et les produits laitiers) sont consomm\u00e9s dans la quantit\u00e9 maximale recommand\u00e9e. La variante minimale se base sur l&rsquo;application la plus \u00e9cologique des recommandations, c\u2019est-\u00e0-dire une alimentation v\u00e9g\u00e9tarienne, sans viande ni poisson.<\/p>\n\n<figure class=\"wp-block-image size-large\"><img loading=\"lazy\" decoding=\"async\" width=\"1024\" height=\"472\" src=\"https:\/\/www.greenpeace.ch\/static\/planet4-switzerland-stateless\/2025\/01\/49d5ac8a-pyramide_treibhausgasemissionen_fr-1024x472.jpg\" alt=\"\" class=\"wp-image-116328\" srcset=\"https:\/\/www.greenpeace.ch\/static\/planet4-switzerland-stateless\/2025\/01\/49d5ac8a-pyramide_treibhausgasemissionen_fr-1024x472.jpg 1024w, https:\/\/www.greenpeace.ch\/static\/planet4-switzerland-stateless\/2025\/01\/49d5ac8a-pyramide_treibhausgasemissionen_fr-300x138.jpg 300w, https:\/\/www.greenpeace.ch\/static\/planet4-switzerland-stateless\/2025\/01\/49d5ac8a-pyramide_treibhausgasemissionen_fr-768x354.jpg 768w, https:\/\/www.greenpeace.ch\/static\/planet4-switzerland-stateless\/2025\/01\/49d5ac8a-pyramide_treibhausgasemissionen_fr-1536x707.jpg 1536w, https:\/\/www.greenpeace.ch\/static\/planet4-switzerland-stateless\/2025\/01\/49d5ac8a-pyramide_treibhausgasemissionen_fr-510x235.jpg 510w, https:\/\/www.greenpeace.ch\/static\/planet4-switzerland-stateless\/2025\/01\/49d5ac8a-pyramide_treibhausgasemissionen_fr.jpg 2000w\" sizes=\"auto, (max-width: 1024px) 100vw, 1024px\" \/><\/figure>\n\n<p>Graphique: comparaison de l&rsquo;impact climatique des diff\u00e9rents modes d&rsquo;alimentation&nbsp;<\/p>\n\n<p>Les calculs indiquent qu&rsquo;une alimentation conforme \u00e0 la variante minimale des recommandations nutritionnelles contribuerait de mani\u00e8re importante \u00e0 une alimentation respectueuse de l&rsquo;environnement et aux objectifs climatiques de la Conf\u00e9d\u00e9ration. Cette alimentation a un impact sur le climat deux fois moins important qu\u2019une alimentation avec la variante maximale et deux fois et demie moins important que l&rsquo;alimentation actuelle. Elle a m\u00eame moins d&rsquo;impact sur le climat et l&rsquo;environnement que le <em>Planetary Health Diet.<\/em><\/p>\n\n<p><strong>Des mesures pour une alimentation plus durable&nbsp;<\/strong><\/p>\n\n<p>Les autorit\u00e9s politiques, les acteurs \u00e9conomiques et les m\u00e9nages portent tous une responsabilit\u00e9 dans la r\u00e9duction de l&rsquo;impact du syst\u00e8me alimentaire sur le climat et l&rsquo;environnement. Un changement n\u00e9cessite des mesures concr\u00e8tes de la part de chacun d\u2019entre eux. Il s&rsquo;agit notamment de supprimer les mauvaises incitations mises en place par la politique, le commerce de d\u00e9tail et la restauration, car celles-ci favorisent un comportement qui va \u00e0 l&rsquo;encontre d&rsquo;une alimentation durable et saine.<\/p>\n\n<p>Mariella Meyer, sp\u00e9cialiste de l&rsquo;alimentation durable au WWF, r\u00e9sume : \u00abNous sommes encore loin d&rsquo;une alimentation conforme aux recommandations nutritionnelles. Ce sont la viande et les produits laitiers qui ont le plus d&rsquo;impact sur le climat et l&rsquo;environnement. Pour manger de mani\u00e8re \u00e9cologique, il faut consommer moins de ces aliments. Les consommateur\u00b7trices ne sont pas les seuls \u00e0 avoir un r\u00f4le \u00e0 jouer. Les autorit\u00e9s politiques et le commerce de d\u00e9tail fixent des conditions-cadres qui d\u00e9terminent la mani\u00e8re dont nous nous alimentons\u00bb.<\/p>\n\n<p>\u00abCette analyse montre qu\u2019un syst\u00e8me alimentaire respectueux de l&rsquo;environnement est possible dans le cadre des recommandations alimentaires. Reste \u00e0 savoir si les acteurs politiques, le commerce de d\u00e9tail &amp; de gros et les consommateur\u00b7trices sont pr\u00eats \u00e0 prendre des mesures courageuses et coh\u00e9rentes pour que ce changement de consommation soit possible. A cet \u00e9gard, la politique agricole 2030 est une grande opportunit\u00e9\u00bb, indique Barbara Wegmann, experte en consommation chez Greenpeace Suisse.<\/p>\n\n<p>Pour qu&rsquo;une alimentation saine et durable devienne r\u00e9alit\u00e9, il faut :<\/p>\n\n<ul class=\"wp-block-list\">\n<li>Une politique agricole coh\u00e9rente qui responsabilise l&rsquo;ensemble de la cha\u00eene d\u2019approvisionnement et qui soutient la transition vers un syst\u00e8me alimentaire durable, conform\u00e9ment \u00e0 <a href=\"https:\/\/www.newsd.admin.ch\/newsd\/message\/attachments\/72188.pdf\">l\u2019orientation future du Conseil f\u00e9d\u00e9ral<\/a>.<\/li>\n\n\n\n<li>Des accords contraignants<em> <\/em>entre la Conf\u00e9d\u00e9ration et le commerce de d\u00e9tail &amp; de gros ainsi que la restauration, afin de permettre notamment de r\u00e9duire l&#8217;empreinte environnementale de l&rsquo;assortiment alimentaire en valeur absolue. Les mauvaises incitations doivent \u00eatre supprim\u00e9es.<\/li>\n\n\n\n<li>De la formation, de la sensibilisation et des alternatives faciles d&rsquo;acc\u00e8s pour aider le public \u00e0 modifier leur comportement en mati\u00e8re d&rsquo;alimentation et de boisson.<\/li>\n\n\n\n<li>Un fonds de transformation, qui est un moyen important de soutenir le changement n\u00e9cessaire. Ce fonds doit r\u00e9duire les obstacles en cr\u00e9ant des incitations financi\u00e8res pour l\u2019\u00e9volution sociale et culturelle n\u00e9cessaires \u00e0 une production et une consommation durables.<\/li>\n<\/ul>\n\n<p class=\"is-style-accent-1\"><strong>Pyramide alimentaire: une grande marge de manoeuvre <\/strong>L&rsquo;Office f\u00e9d\u00e9ral de la s\u00e9curit\u00e9 alimentaire et des affaires v\u00e9t\u00e9rinaires (OSAV) et la Soci\u00e9t\u00e9 Suisse de Nutrition (SSN) ont actualis\u00e9 en septembre leurs recommandations nutritionnelles. Pour la premi\u00e8re fois, la durabilit\u00e9 a \u00e9t\u00e9 prise en compte. Ces nouvelles recommandations nutritionnelles permettent une grande diversit\u00e9 de r\u00e9gimes alimentaires. Si les recommandations quantitatives sont rest\u00e9es en grande partie inchang\u00e9es, certains groupes d&rsquo;aliments sont d\u00e9sormais mis en avant: les sources de prot\u00e9ines v\u00e9g\u00e9tales telles que les l\u00e9gumineuses sont davantage mises en \u00e9vidence. Un mode d\u2019alimentation v\u00e9g\u00e9tarien est possible dans le cadre des nouvelles recommandations.<\/p>\n\n<p class=\"is-style-default has-small-font-size\"><\/p>\n\n<p><strong>Mat\u00e9riel compl\u00e9mentaire<\/strong><\/p>\n\n<ul class=\"wp-block-list\">\n<li>Rapport \u201c<a href=\"https:\/\/www.greenpeace.ch\/fr\/publication\/116127\/alimentation-avenir\/\">Une alimentation d\u2019avenir?<\/a>\u201d<\/li>\n\n\n\n<li><a href=\"https:\/\/www.blv.admin.ch\/blv\/fr\/home\/lebensmittel-und-ernaehrung\/ernaehrung\/empfehlungen-informationen\/schweizer-ernaehrungsempfehlungen.html\">Recommandations nutritionnelles<\/a> de la Conf\u00e9d\u00e9ration<\/li>\n\n\n\n<li><a href=\"https:\/\/drive.google.com\/drive\/folders\/1C8bHzj0WH6WWW2gTunXhuWHxvYczAHHE?usp=sharing\">Graphiques et images<\/a>&nbsp;<\/li>\n<\/ul>\n\n<p><strong>Contacts<\/strong><\/p>\n\n<ul class=\"wp-block-list\">\n<li>Barbara Wegmann, experte consommation, Greenpeace Suisse, <a href=\"mailto:barbara.wegmann@greenpeace.org\">barbara.wegmann@greenpeace.org<\/a>, +41 44 447 41 08<\/li>\n\n\n\n<li>Pierrette Rey, porte-parole, WWF Suisse, <a href=\"mailto:pierrette.rey@wwf.ch\">pierrette.rey@wwf.ch<\/a>, +41 21 966 73 75<\/li>\n\n\n\n<li>Fanny Eternod, porte-parole consommation, Greenpeace Suisse, <a href=\"mailto:fanny.eternod@greenpeace.org\">fanny.eternod@greenpeace.org<\/a>, +41 78 662 07 31<\/li>\n<\/ul>\n\n<p><\/p>\n","protected":false},"excerpt":{"rendered":"<p>Les recommandations nutritionnelles de la Conf\u00e9d\u00e9ration peuvent contribuer de mani\u00e8re importante \u00e0 la r\u00e9alisation des objectifs climatiques de la Suisse, \u00e0 condition de privil\u00e9gier les aliments les plus respectueux de l&rsquo;environnement.<\/p>\n","protected":false},"author":103,"featured_media":116366,"comment_status":"closed","ping_status":"open","sticky":false,"template":"","format":"standard","meta":{"_acf_changed":false,"_planet4_optimize_post_is_variant":false,"_planet4_optimize_experiment_name":"","_planet4_optimize_variant_name":"","ep_exclude_from_search":false,"p4_og_title":"","p4_og_description":"","p4_og_image":"","p4_og_image_id":"","p4_seo_canonical_url":"","p4_campaign_name":"","p4_local_project":"","p4_basket_name":"","p4_department":"","footnotes":""},"categories":[22],"tags":[113,218],"p4-page-type":[73],"gpch-article-type":[],"class_list":["post-116327","post","type-post","status-publish","format-standard","has-post-thumbnail","hentry","category-non-classifiee","tag-alimentation","tag-consommation","p4-page-type-communique-de-presse"],"acf":[],"_links":{"self":[{"href":"https:\/\/www.greenpeace.ch\/fr\/wp-json\/wp\/v2\/posts\/116327","targetHints":{"allow":["GET"]}}],"collection":[{"href":"https:\/\/www.greenpeace.ch\/fr\/wp-json\/wp\/v2\/posts"}],"about":[{"href":"https:\/\/www.greenpeace.ch\/fr\/wp-json\/wp\/v2\/types\/post"}],"author":[{"embeddable":true,"href":"https:\/\/www.greenpeace.ch\/fr\/wp-json\/wp\/v2\/users\/103"}],"replies":[{"embeddable":true,"href":"https:\/\/www.greenpeace.ch\/fr\/wp-json\/wp\/v2\/comments?post=116327"}],"version-history":[{"count":3,"href":"https:\/\/www.greenpeace.ch\/fr\/wp-json\/wp\/v2\/posts\/116327\/revisions"}],"predecessor-version":[{"id":116354,"href":"https:\/\/www.greenpeace.ch\/fr\/wp-json\/wp\/v2\/posts\/116327\/revisions\/116354"}],"wp:featuredmedia":[{"embeddable":true,"href":"https:\/\/www.greenpeace.ch\/fr\/wp-json\/wp\/v2\/media\/116366"}],"wp:attachment":[{"href":"https:\/\/www.greenpeace.ch\/fr\/wp-json\/wp\/v2\/media?parent=116327"}],"wp:term":[{"taxonomy":"category","embeddable":true,"href":"https:\/\/www.greenpeace.ch\/fr\/wp-json\/wp\/v2\/categories?post=116327"},{"taxonomy":"post_tag","embeddable":true,"href":"https:\/\/www.greenpeace.ch\/fr\/wp-json\/wp\/v2\/tags?post=116327"},{"taxonomy":"p4-page-type","embeddable":true,"href":"https:\/\/www.greenpeace.ch\/fr\/wp-json\/wp\/v2\/p4-page-type?post=116327"},{"taxonomy":"gpch-article-type","embeddable":true,"href":"https:\/\/www.greenpeace.ch\/fr\/wp-json\/wp\/v2\/gpch-article-type?post=116327"}],"curies":[{"name":"wp","href":"https:\/\/api.w.org\/{rel}","templated":true}]}}