{"id":116460,"date":"2025-01-16T15:50:08","date_gmt":"2025-01-16T14:50:08","guid":{"rendered":"https:\/\/www.greenpeace.ch\/?p=116460"},"modified":"2025-01-16T16:11:54","modified_gmt":"2025-01-16T15:11:54","slug":"recyclage-plastique-une-fuite-en-avant-avec-toujours-autant-demballages-nefastes-pour-le-climat-et-lenvironnement","status":"publish","type":"post","link":"https:\/\/www.greenpeace.ch\/fr\/communique-de-presse\/116460\/recyclage-plastique-une-fuite-en-avant-avec-toujours-autant-demballages-nefastes-pour-le-climat-et-lenvironnement\/","title":{"rendered":"Recyclage plastique: une fuite en avant, avec toujours autant d\u2019emballages n\u00e9fastes pour le climat et l\u2019environnement\u00a0"},"content":{"rendered":"\n<p><strong>L\u2019organisation Recypac, qui regroupe des acteurs de <\/strong><strong>l\u2019industrie du plastique, des producteurs et le commerce de d\u00e9tail, <\/strong><strong>confirme aujourd\u2019hui le lancement de la collecte pour les emballages plastiques et les briques \u00e0 boisson. Greenpeace Suisse d\u00e9plore que ces acteurs continuent d\u2019investir dans le recyclage au lieu de se coordonner pour mettre en place des syst\u00e8mes r\u00e9utilisables.<\/strong><\/p>\n\n<p>Le commentaire de Jo\u00eblle H\u00e9rin, experte en consommation et \u00e9conomie circulaire pour Greenpeace Suisse:\u00a0\u00abCette mise en place d\u2019une collecte de d\u00e9chets plastiques ne r\u00e9duira pas le besoin de plastique vierge pour les emballages. Car les emballages qui finissent au recyclage ne peuvent pas servir \u00e0 fabriquer de nouveaux emballages, seulement des produits plastiques plus grossiers (il s\u2019agit de <em>downcycling<\/em>). Le plastique \u00e9tant fabriqu\u00e9 \u00e0 partir de p\u00e9trole, il est en contradiction avec les objectifs climatiques. II serait bien plus judicieux de s&rsquo;attaquer au probl\u00e8me \u00e0 la source et de veiller \u00e0 ce que moins de plastique soit mis en circulation. Les avantages pour le climat et l\u2019environnement seraient bien plus importants. La seule vraie solution durable est donc celle qui donne la priorit\u00e9 au r\u00e9utilisable.\u00bb\u00a0<\/p>\n\n<p>\u00abRecypac, qui regroupe les principaux acteurs de la cha\u00eene d\u2019approvisionnement, du producteur au distributeur, manque une formidable opportunit\u00e9 de d\u00e9velopper le r\u00e9utilisable. Rejeter la responsabilit\u00e9 sur les consommateur\u00b7trices en leur demandant de payer pour trier des emballages impos\u00e9s par les producteurs et le commerce de d\u00e9tail ne d\u00e9note pas d\u2019une responsabilit\u00e9 \u00e9largie.\u00bb<\/p>\n\n<p><strong>Contacts<\/strong><\/p>\n\n<p>Fanny Eternod, porte-parole consommation pour Greenpeace Suisse, 078 662 07 31, <a href=\"mailto:fanny.eternod@greenpeace.org\">fanny.eternod@greenpeace.org<\/a><\/p>\n","protected":false},"excerpt":{"rendered":"<p>L\u2019organisation Recypac confirme le lancement de la collecte pour les emballages plastiques. Greenpeace d\u00e9plore l&rsquo;investissement dans le recyclage au lieu des syst\u00e8mes r\u00e9utilisables.<\/p>\n","protected":false},"author":76,"featured_media":116461,"comment_status":"closed","ping_status":"open","sticky":false,"template":"","format":"standard","meta":{"_acf_changed":false,"_planet4_optimize_post_is_variant":false,"_planet4_optimize_experiment_name":"","_planet4_optimize_variant_name":"","ep_exclude_from_search":false,"p4_og_title":"","p4_og_description":"","p4_og_image":"","p4_og_image_id":"","p4_seo_canonical_url":"","p4_campaign_name":"","p4_local_project":"","p4_basket_name":"","p4_department":"","footnotes":""},"categories":[22,149],"tags":[218,74],"p4-page-type":[73],"gpch-article-type":[],"class_list":["post-116460","post","type-post","status-publish","format-standard","has-post-thumbnail","hentry","category-non-classifiee","category-zero-waste-fr","tag-consommation","tag-zero-dechet","p4-page-type-communique-de-presse"],"acf":[],"_links":{"self":[{"href":"https:\/\/www.greenpeace.ch\/fr\/wp-json\/wp\/v2\/posts\/116460","targetHints":{"allow":["GET"]}}],"collection":[{"href":"https:\/\/www.greenpeace.ch\/fr\/wp-json\/wp\/v2\/posts"}],"about":[{"href":"https:\/\/www.greenpeace.ch\/fr\/wp-json\/wp\/v2\/types\/post"}],"author":[{"embeddable":true,"href":"https:\/\/www.greenpeace.ch\/fr\/wp-json\/wp\/v2\/users\/76"}],"replies":[{"embeddable":true,"href":"https:\/\/www.greenpeace.ch\/fr\/wp-json\/wp\/v2\/comments?post=116460"}],"version-history":[{"count":3,"href":"https:\/\/www.greenpeace.ch\/fr\/wp-json\/wp\/v2\/posts\/116460\/revisions"}],"predecessor-version":[{"id":116468,"href":"https:\/\/www.greenpeace.ch\/fr\/wp-json\/wp\/v2\/posts\/116460\/revisions\/116468"}],"wp:featuredmedia":[{"embeddable":true,"href":"https:\/\/www.greenpeace.ch\/fr\/wp-json\/wp\/v2\/media\/116461"}],"wp:attachment":[{"href":"https:\/\/www.greenpeace.ch\/fr\/wp-json\/wp\/v2\/media?parent=116460"}],"wp:term":[{"taxonomy":"category","embeddable":true,"href":"https:\/\/www.greenpeace.ch\/fr\/wp-json\/wp\/v2\/categories?post=116460"},{"taxonomy":"post_tag","embeddable":true,"href":"https:\/\/www.greenpeace.ch\/fr\/wp-json\/wp\/v2\/tags?post=116460"},{"taxonomy":"p4-page-type","embeddable":true,"href":"https:\/\/www.greenpeace.ch\/fr\/wp-json\/wp\/v2\/p4-page-type?post=116460"},{"taxonomy":"gpch-article-type","embeddable":true,"href":"https:\/\/www.greenpeace.ch\/fr\/wp-json\/wp\/v2\/gpch-article-type?post=116460"}],"curies":[{"name":"wp","href":"https:\/\/api.w.org\/{rel}","templated":true}]}}