{"id":117981,"date":"2025-03-04T08:20:24","date_gmt":"2025-03-04T07:20:24","guid":{"rendered":"https:\/\/www.greenpeace.ch\/?p=117981"},"modified":"2025-03-04T10:20:16","modified_gmt":"2025-03-04T09:20:16","slug":"traite-sur-les-plastiques-la-suisse-pays-hote-des-prochaines-negociations-doit-sengager-avec-determination-pour-un-accord-ambitieux","status":"publish","type":"post","link":"https:\/\/www.greenpeace.ch\/fr\/communique-de-presse\/117981\/traite-sur-les-plastiques-la-suisse-pays-hote-des-prochaines-negociations-doit-sengager-avec-determination-pour-un-accord-ambitieux\/","title":{"rendered":"Trait\u00e9 sur les plastiques: la Suisse, pays h\u00f4te des prochaines n\u00e9gociations, doit s\u2019engager avec d\u00e9termination pour un accord ambitieux"},"content":{"rendered":"\n<p>Les prochaines n\u00e9gociations pour un trait\u00e9 international contre la pollution plastique (INC5.2) se tiendront <a href=\"https:\/\/www.unep.org\/inc-plastic-pollution\/session-5.2\">\u00e0 Gen\u00e8ve du 5 au 14 ao\u00fbt<\/a>. L\u2019occasion pour la Suisse d&rsquo;\u0153uvrer en faveur d\u2019un trait\u00e9 ambitieux qui r\u00e9duise la production de plastique. Le commentaire de Jo\u00eblle H\u00e9rin, experte consommation et \u00e9conomie circulaire pour Greenpeace Suisse&nbsp;:&nbsp;<\/p>\n\n<p>\u00abLa mission des \u00c9tats membres, et en particulier de la Suisse en tant que pays h\u00f4te, est claire: briser l&rsquo;influence de l\u2019industrie des combustibles fossiles pour parvenir \u00e0 un accord efficace avec des objectifs contraignants de r\u00e9duction de la production de plastique. Ils doivent s\u2019engager pour \u00e9liminer les produits chimiques dangereux, interdire le plastique \u00e0 usage unique, mettre en place des objectifs de r\u00e9utilisation et d\u00e9finir un plan de financement \u00e9quitable. Ils doivent user de leur pouvoir pour garantir que ces n\u00e9gociations soient justes et inclusives et que les communaut\u00e9s les plus touch\u00e9es par la pollution plastique puissent y avoir acc\u00e8s.&nbsp;<\/p>\n\n<p>Nous comptons sur la Suisse, pays h\u00f4te, pour rallier la majorit\u00e9 des pays \u00e0 la signature d\u2019un trait\u00e9 r\u00e9ellement ambitieux. L&rsquo;\u00e9lan qui s&rsquo;est d\u00e9gag\u00e9 en Cor\u00e9e du Sud lors du dernier cycle de n\u00e9gociations doit se poursuivre cet \u00e9t\u00e9 \u00e0 Gen\u00e8ve.\u00bb<\/p>\n\n<p><strong>Contacts<\/strong><\/p>\n\n<p>Jo\u00eblle H\u00e9rin, experte consommation et \u00e9conomie circulaire, Greenpeace Suisse,\u00a0<a href=\"mailto:joelle.herin@greenpeace.org\">joelle.herin@greenpeace.org<\/a>, +41 79 256 32 65<\/p>\n\n<p>Fanny Eternod, porte-parole consommation, Greenpeace Suisse, <a href=\"mailto:feternod@greenpeace.org\">fanny.eternod@greenpeace.org<\/a>, +41 78 662 07 31<\/p>\n","protected":false},"excerpt":{"rendered":"<p>Les prochaines n\u00e9gociations pour un trait\u00e9 international contre la pollution plastique se tiendront \u00e0 Gen\u00e8ve en ao\u00fbt. L\u2019occasion pour la Suisse d\u2019\u0153uvrer en faveur d\u2019un trait\u00e9 ambitieux.<\/p>\n","protected":false},"author":76,"featured_media":117982,"comment_status":"closed","ping_status":"open","sticky":false,"template":"","format":"standard","meta":{"_acf_changed":false,"_planet4_optimize_post_is_variant":false,"_planet4_optimize_experiment_name":"","_planet4_optimize_variant_name":"","ep_exclude_from_search":false,"p4_og_title":"","p4_og_description":"","p4_og_image":"","p4_og_image_id":"","p4_seo_canonical_url":"","p4_campaign_name":"","p4_local_project":"","p4_basket_name":"","p4_department":"","footnotes":""},"categories":[22],"tags":[74],"p4-page-type":[73],"gpch-article-type":[],"class_list":["post-117981","post","type-post","status-publish","format-standard","has-post-thumbnail","hentry","category-non-classifiee","tag-zero-dechet","p4-page-type-communique-de-presse"],"acf":[],"_links":{"self":[{"href":"https:\/\/www.greenpeace.ch\/fr\/wp-json\/wp\/v2\/posts\/117981","targetHints":{"allow":["GET"]}}],"collection":[{"href":"https:\/\/www.greenpeace.ch\/fr\/wp-json\/wp\/v2\/posts"}],"about":[{"href":"https:\/\/www.greenpeace.ch\/fr\/wp-json\/wp\/v2\/types\/post"}],"author":[{"embeddable":true,"href":"https:\/\/www.greenpeace.ch\/fr\/wp-json\/wp\/v2\/users\/76"}],"replies":[{"embeddable":true,"href":"https:\/\/www.greenpeace.ch\/fr\/wp-json\/wp\/v2\/comments?post=117981"}],"version-history":[{"count":2,"href":"https:\/\/www.greenpeace.ch\/fr\/wp-json\/wp\/v2\/posts\/117981\/revisions"}],"predecessor-version":[{"id":117992,"href":"https:\/\/www.greenpeace.ch\/fr\/wp-json\/wp\/v2\/posts\/117981\/revisions\/117992"}],"wp:featuredmedia":[{"embeddable":true,"href":"https:\/\/www.greenpeace.ch\/fr\/wp-json\/wp\/v2\/media\/117982"}],"wp:attachment":[{"href":"https:\/\/www.greenpeace.ch\/fr\/wp-json\/wp\/v2\/media?parent=117981"}],"wp:term":[{"taxonomy":"category","embeddable":true,"href":"https:\/\/www.greenpeace.ch\/fr\/wp-json\/wp\/v2\/categories?post=117981"},{"taxonomy":"post_tag","embeddable":true,"href":"https:\/\/www.greenpeace.ch\/fr\/wp-json\/wp\/v2\/tags?post=117981"},{"taxonomy":"p4-page-type","embeddable":true,"href":"https:\/\/www.greenpeace.ch\/fr\/wp-json\/wp\/v2\/p4-page-type?post=117981"},{"taxonomy":"gpch-article-type","embeddable":true,"href":"https:\/\/www.greenpeace.ch\/fr\/wp-json\/wp\/v2\/gpch-article-type?post=117981"}],"curies":[{"name":"wp","href":"https:\/\/api.w.org\/{rel}","templated":true}]}}