{"id":123132,"date":"2025-07-03T11:17:18","date_gmt":"2025-07-03T09:17:18","guid":{"rendered":"https:\/\/www.greenpeace.ch\/?p=123132"},"modified":"2025-07-03T12:06:00","modified_gmt":"2025-07-03T10:06:00","slug":"extraction-miniere-en-eaux-profondes-la-pression-monte-sur-allseas","status":"publish","type":"post","link":"https:\/\/www.greenpeace.ch\/fr\/story-fr\/123132\/extraction-miniere-en-eaux-profondes-la-pression-monte-sur-allseas\/","title":{"rendered":"Extraction mini\u00e8re en eaux profondes: la pression monte sur Allseas"},"content":{"rendered":"\n<p><strong>La soci\u00e9t\u00e9 Allseas, bas\u00e9e dans le canton de Fribourg, attire de plus en plus l&rsquo;attention du public. L\u2019entreprise travaille en \u00e9troite collaboration avec la soci\u00e9t\u00e9 canadienne The Metals Company. Celle-ci a demand\u00e9 \u00e0 l\u2019administration Trump une licence d&rsquo;extraction mini\u00e8re en eaux profondes pour les eaux internationales. L&rsquo;entreprise contourne ainsi le droit international. 14\u2019510 personnes ont sign\u00e9 une lettre ouverte adress\u00e9e au PDG d&rsquo;Allseas. Elles lui demandent de se retirer de l&rsquo;accord avec Trump. Aujourd&rsquo;hui, nous avons remis les signatures au si\u00e8ge de l&rsquo;entreprise \u00e0 Ch\u00e2tel-Saint-Denis.<\/strong><\/p>\n\n<h2 class=\"wp-block-heading\"><strong>Lettre ouverte sign\u00e9e par 14\u2019510 personnes<\/strong><\/h2>\n\n<p>Allseas est le principal partenaire de la soci\u00e9t\u00e9 canadienne The Metals Company, qui veut lancer l\u2019extraction mini\u00e8re en eaux profondes sans l\u2019autorisation de l\u2019Autorit\u00e9 internationale des fonds marins (AIFM), l\u2019organisme onusien charg\u00e9 de r\u00e9guler les activit\u00e9s humaines et la protection des fonds marins. The Metals Company se r\u00e9f\u00e8re \u00e0 un d\u00e9cret du pr\u00e9sident am\u00e9ricain Donald Trump et transgresse ainsi le droit international.<\/p>\n\n<p>Aucune entreprise ne doit pouvoir piller les grands fonds marins! <strong>En moins de trois semaines, 14\u2019510 personnes ont apport\u00e9 leur soutien \u00e0 notre demande: \u201cAllseas, pas touche aux fonds marins!<\/strong>\u201d C&rsquo;est avec ce message que nous nous sommes rendus ce matin \u00e0 Ch\u00e2tel-Saint-Denis au si\u00e8ge d&rsquo;Allseas. &nbsp;Au moment de la remise de la lettre ouverte en Suisse, des militant\u00b7es Greenpeace ont \u00e9galement manifest\u00e9 contre Allseas \u00e0 Delft, aux Pays-Bas, o\u00f9 l&rsquo;entreprise poss\u00e8de d&rsquo;importantes installations de production.<\/p>\n\n<figure class=\"wp-block-image size-large\"><img loading=\"lazy\" decoding=\"async\" width=\"1024\" height=\"683\" src=\"https:\/\/www.greenpeace.ch\/static\/planet4-switzerland-stateless\/2025\/07\/ae105e04-gp0su62e5_pressmedia-2500px-1024x683.jpg\" alt=\"\" class=\"wp-image-123195\" srcset=\"https:\/\/www.greenpeace.ch\/static\/planet4-switzerland-stateless\/2025\/07\/ae105e04-gp0su62e5_pressmedia-2500px-1024x683.jpg 1024w, https:\/\/www.greenpeace.ch\/static\/planet4-switzerland-stateless\/2025\/07\/ae105e04-gp0su62e5_pressmedia-2500px-300x200.jpg 300w, https:\/\/www.greenpeace.ch\/static\/planet4-switzerland-stateless\/2025\/07\/ae105e04-gp0su62e5_pressmedia-2500px-768x512.jpg 768w, https:\/\/www.greenpeace.ch\/static\/planet4-switzerland-stateless\/2025\/07\/ae105e04-gp0su62e5_pressmedia-2500px-1536x1024.jpg 1536w, https:\/\/www.greenpeace.ch\/static\/planet4-switzerland-stateless\/2025\/07\/ae105e04-gp0su62e5_pressmedia-2500px-2048x1366.jpg 2048w, https:\/\/www.greenpeace.ch\/static\/planet4-switzerland-stateless\/2025\/07\/ae105e04-gp0su62e5_pressmedia-2500px-510x340.jpg 510w\" sizes=\"auto, (max-width: 1024px) 100vw, 1024px\" \/><figcaption class=\"wp-element-caption\">Action de protestation devant Allseas \u00e0 Delft, le 3 juillet 2025 \u00a9 Marten van Dijl <\/figcaption><\/figure>\n\n<h2 class=\"wp-block-heading\"><strong>Le Conseil f\u00e9d\u00e9ral demande le respect du droit international<\/strong><\/h2>\n\n<p>Il y a seulement quelques jours, le Conseil f\u00e9d\u00e9ral a donn\u00e9 une nouvelle dimension \u00e0 notre demande. Le d\u00e9put\u00e9 vaudois Rapha\u00ebl Mahaim a interpell\u00e9 le D\u00e9partement f\u00e9d\u00e9ral des affaires \u00e9trang\u00e8res pour savoir ce que le Conseil f\u00e9d\u00e9ral pense du comportement d\u2019Allseas. <a href=\"https:\/\/www.parlament.ch\/fr\/ratsbetrieb\/suche-curia-vista\/geschaeft?AffairId=20253508\">La r\u00e9ponse a \u00e9t\u00e9 tr\u00e8s claire<\/a>:<br><br>\u00abLa Conf\u00e9d\u00e9ration attend des entreprises \u00e9tablies ou actives en Suisse qu\u2019elles assument leur responsabilit\u00e9, en Suisse comme \u00e0 l\u2019\u00e9tranger, conform\u00e9ment aux normes et directives internationalement reconnues de responsabilit\u00e9 soci\u00e9tale des entreprises comme les principes directeurs de l\u2019OCDE \u00e0 l\u2019intention des entreprises multinationales pour une conduite responsable des entreprises.\u00bb&nbsp;<\/p>\n\n<p>Le Conseil f\u00e9d\u00e9ral s\u2019\u00e9tait d\u00e9j\u00e0 engag\u00e9 en juin 2023 en faveur d\u2019un <a href=\"https:\/\/www.news.admin.ch\/fr\/nsb?id=96138\">moratoire sur l\u2019extraction mini\u00e8re en eaux profondes<\/a>. \u00c0 ce jour, <a href=\"https:\/\/deep-sea-conservation.org\/solutions\/no-deep-sea-mining\/\">37 pays se prononcent contre cette industrie destructrice<\/a>.<\/p>\n\n<p><\/p>\n","protected":false},"excerpt":{"rendered":"<p>La soci\u00e9t\u00e9 Allseas, bas\u00e9e dans le canton de Fribourg, attire de plus en plus l&#8217;attention du public. L\u2019entreprise travaille en \u00e9troite collaboration avec la soci\u00e9t\u00e9 canadienne The Metals Company. Celle-ci&hellip;<\/p>\n","protected":false},"author":127,"featured_media":123203,"comment_status":"closed","ping_status":"open","sticky":false,"template":"","format":"standard","meta":{"_acf_changed":false,"_planet4_optimize_post_is_variant":false,"_planet4_optimize_experiment_name":"","_planet4_optimize_variant_name":"","ep_exclude_from_search":false,"p4_og_title":"","p4_og_description":"","p4_og_image":"","p4_og_image_id":"","p4_seo_canonical_url":"","p4_campaign_name":"","p4_local_project":"","p4_basket_name":"","p4_department":"","footnotes":""},"categories":[124],"tags":[56],"p4-page-type":[77],"gpch-article-type":[],"class_list":["post-123132","post","type-post","status-publish","format-standard","has-post-thumbnail","hentry","category-meer-fr","tag-oceans","p4-page-type-story-fr"],"acf":[],"_links":{"self":[{"href":"https:\/\/www.greenpeace.ch\/fr\/wp-json\/wp\/v2\/posts\/123132","targetHints":{"allow":["GET"]}}],"collection":[{"href":"https:\/\/www.greenpeace.ch\/fr\/wp-json\/wp\/v2\/posts"}],"about":[{"href":"https:\/\/www.greenpeace.ch\/fr\/wp-json\/wp\/v2\/types\/post"}],"author":[{"embeddable":true,"href":"https:\/\/www.greenpeace.ch\/fr\/wp-json\/wp\/v2\/users\/127"}],"replies":[{"embeddable":true,"href":"https:\/\/www.greenpeace.ch\/fr\/wp-json\/wp\/v2\/comments?post=123132"}],"version-history":[{"count":6,"href":"https:\/\/www.greenpeace.ch\/fr\/wp-json\/wp\/v2\/posts\/123132\/revisions"}],"predecessor-version":[{"id":123223,"href":"https:\/\/www.greenpeace.ch\/fr\/wp-json\/wp\/v2\/posts\/123132\/revisions\/123223"}],"wp:featuredmedia":[{"embeddable":true,"href":"https:\/\/www.greenpeace.ch\/fr\/wp-json\/wp\/v2\/media\/123203"}],"wp:attachment":[{"href":"https:\/\/www.greenpeace.ch\/fr\/wp-json\/wp\/v2\/media?parent=123132"}],"wp:term":[{"taxonomy":"category","embeddable":true,"href":"https:\/\/www.greenpeace.ch\/fr\/wp-json\/wp\/v2\/categories?post=123132"},{"taxonomy":"post_tag","embeddable":true,"href":"https:\/\/www.greenpeace.ch\/fr\/wp-json\/wp\/v2\/tags?post=123132"},{"taxonomy":"p4-page-type","embeddable":true,"href":"https:\/\/www.greenpeace.ch\/fr\/wp-json\/wp\/v2\/p4-page-type?post=123132"},{"taxonomy":"gpch-article-type","embeddable":true,"href":"https:\/\/www.greenpeace.ch\/fr\/wp-json\/wp\/v2\/gpch-article-type?post=123132"}],"curies":[{"name":"wp","href":"https:\/\/api.w.org\/{rel}","templated":true}]}}