{"id":124079,"date":"2025-08-04T17:19:30","date_gmt":"2025-08-04T15:19:30","guid":{"rendered":"https:\/\/www.greenpeace.ch\/?p=124079"},"modified":"2025-08-04T17:19:34","modified_gmt":"2025-08-04T15:19:34","slug":"traite-plastiques-rassemblement","status":"publish","type":"post","link":"https:\/\/www.greenpeace.ch\/fr\/communique-de-presse\/124079\/traite-plastiques-rassemblement\/","title":{"rendered":"Un trait\u00e9 international fort: la soci\u00e9t\u00e9 civile se mobilise avant les n\u00e9gociations finales \u00e0 Gen\u00e8ve contre la pollution plastique"},"content":{"rendered":"\n<p><strong>\u00c0 la veille du dernier cycle de n\u00e9gociations pour un trait\u00e9 international sur les plastiques, <\/strong><strong>des centaines<\/strong><strong> de citoyen\u00b7nes et de repr\u00e9sentant\u00b7es de la soci\u00e9t\u00e9 civile du monde entier se sont rassembl\u00e9\u00b7es sur la Place des Nations \u00e0 Gen\u00e8ve pour r\u00e9clamer un trait\u00e9 ambitieux et juridiquement contraignant qui donne la priorit\u00e9 \u00e0 la plan\u00e8te et ses habitant\u00b7es plut\u00f4t qu&rsquo;aux pollueurs.&nbsp;&nbsp;<\/strong><\/p>\n\n<p>La manifestation, organis\u00e9e par Greenpeace Suisse, le mouvement Break Free From Plastic, la Fondation Gallifrey et une coalition d\u2019associations environnementales et de justice sociale, a marqu\u00e9 le coup d&rsquo;envoi de la derni\u00e8re phase des n\u00e9gociations de l&rsquo;ONU qui se d\u00e9roulent du<strong> 5 au 14 ao\u00fbt au<\/strong> <strong>Palais des Nations<\/strong>. Les manifestant\u00b7es \u00e9taient v\u00eatu\u00b7es de jaune, d&rsquo;orange et de rouge pour symboliser l&rsquo;urgence de la crise et le danger que repr\u00e9sente la production effr\u00e9n\u00e9e de plastiques, qui proviennent essentiellement de combustibles fossiles. Leur message \u00e9tait inscrit dans une bulle g\u00e9ante fa\u00e7on bande-dessin\u00e9e de 8m sur 3m : \u201cCut Plastic Production or Fuel our destruction. Strong treaty now !\u201d (<em>R\u00e9duire la production de plastique ou attiser notre destruction. Pour un trait\u00e9 fort, maintenant!\u201d).<\/em><strong><em> <\/em><\/strong>En arri\u00e8re-fond des slogans, les noms des milliers de personnes en Suisse qui soutiennent un trait\u00e9 ambitieux.<\/p>\n\n<p>\u00ab<em>En tant que pays h\u00f4te des n\u00e9gociations, nous comptons sur la Suisse pour maintenir fermement l&rsquo;ambition du futur trait\u00e9 international. Avec une industrie qui s\u2019appr\u00eate \u00e0 g\u00e9n\u00e9rer trois fois plus de plastiques d&rsquo;ici 2050, le trait\u00e9 serait vou\u00e9 \u00e0 l&rsquo;\u00e9chec sans un objectif mondial de r\u00e9duction de la production de plastique. Nous devons mettre fin \u00e0 l&rsquo;\u00e8re du plastique pour prot\u00e9ger notre sant\u00e9, nos communaut\u00e9s et notre plan\u00e8te<\/em>\u00bb<strong>,<\/strong> indique <strong>Jo\u00eblle H\u00e9rin, experte en consommation et \u00e9conomie circulaire chez Greenpeace Suisse.<\/strong><\/p>\n\n<p>\u00c0 l&rsquo;approche des n\u00e9gociations, la soci\u00e9t\u00e9 civile d\u00e9nonce le r\u00f4le de l&rsquo;industrie des combustibles fossiles dans le blocage des progr\u00e8s et exhorte les d\u00e9l\u00e9gu\u00e9\u00b7es \u00e0 se concentrer sur des mesures en amont qui s&rsquo;attaquent \u00e0 la production de plastiques \u00e0 la source.<br><\/p>\n\n<p><em>\u00abLors des pr\u00e9c\u00e9dentes n\u00e9gociations, 221 lobbyistes de l\u2019industrie des combustibles fossiles et p\u00e9trochimiques \u00e9taient pr\u00e9sent\u00b7es. Ce nombre d\u00e9passe largement celui des d\u00e9l\u00e9gu\u00e9\u00b7es de l&rsquo;Union europ\u00e9enne et de ses \u00c9tats membres (191). Cette \u00e9crasante pr\u00e9sence montre \u00e0 quel point ces industries se sentent menac\u00e9es par un trait\u00e9 ambitieux. Gen\u00e8ve \u00e9tant une plaque tournante majeure du commerce du p\u00e9trole brut et des produits p\u00e9trochimiques, leur nombre pourrait \u00eatre encore plus \u00e9lev\u00e9. La soci\u00e9t\u00e9 civile en a assez de leurs manipulations et de leurs man\u0153uvres pour gagner du temps. Tout le monde s\u2019en rend d\u00e9sormais compte: les crises du plastique et du r\u00e9chauffement climatique sont aliment\u00e9es par l&rsquo;industrie des combustibles fossiles. Une poign\u00e9e d&rsquo;entreprises a un impact sur des milliards de vies. Nous avons besoin d&rsquo;un trait\u00e9 solide et juridiquement contraignant. Tous les regards sont braqu\u00e9s sur Gen\u00e8ve\u00bb,<\/em> d\u00e9clare <strong>Laurianne Trimoulla, responsable communication et projets pour la Fondation Gallifrey<\/strong>.&nbsp;<\/p>\n\n<p>Cette mobilisation t\u00e9moigne de la forte unit\u00e9 des citoyen\u00b7nes et des ONG d\u00e9termin\u00e9\u00b7es \u00e0 prot\u00e9ger la sant\u00e9, les droits humains et les \u00e9cosyst\u00e8mes face \u00e0 l&rsquo;aggravation de la crise de la pollution plastique.<\/p>\n\n<p><em>\u00abUn trait\u00e9 international fort sur les plastiques permettra non seulement de r\u00e9duire la pollution, mais c&rsquo;est aussi l&rsquo;occasion de mettre fin \u00e0 l&rsquo;injustice du commerce des d\u00e9chets et de garantir qu&rsquo;aucune communaut\u00e9 ne serve de d\u00e9charge pour les d\u00e9chets d&rsquo;une autre. Un trait\u00e9 significatif doit combler les lacunes qui permettent de dissimuler le commerce des d\u00e9chets sous couvert de recyclage. Les exportations de d\u00e9chets plastiques de la Suisse vers la Malaisie ont consid\u00e9rablement augment\u00e9, passant de 69\u2019820 kg en 2022 \u00e0 258\u2019897 kg en 2024, soit une hausse de 271%. En limitant le commerce des d\u00e9chets, le trait\u00e9 sur les plastiques peut inciter des pays comme la Suisse \u00e0 cesser d\u2019exporter leur pollution et \u00e0 investir dans des solutions en amont, afin d\u2019assumer la responsabilit\u00e9 de leurs propres d\u00e9chets<\/em>\u00bb<strong>, indique Mageswari Sangaralingam, de Sahabat Alam Malaysia.<\/strong><\/p>\n\n<h3 class=\"wp-block-heading\"><strong>Note&nbsp;<\/strong><\/h3>\n\n<p>Des photos et vid\u00e9os du rassemblement sont disponibles <a href=\"https:\/\/media.greenpeace.org\/Detail\/27MZIFJR1JQ08\" target=\"_blank\" rel=\"noreferrer noopener\">sur ce lien<\/a>.<\/p>\n\n<p><strong><em>\u00c0 propos de Greenpeace <\/em><\/strong>\u2014<strong><em> <\/em><\/strong><a href=\"https:\/\/www.greenpeace.org\/international\/\" target=\"_blank\" rel=\"noreferrer noopener\"><em>Greenpeace <\/em><\/a><em>est une organisation environnementale qui vise \u00e0 prot\u00e9ger la plan\u00e8te et ses habitant\u00b7es. Fond\u00e9e en 1971 par un groupe de citoyen\u00b7nes qui cherchaient \u00e0 mettre fin aux essais nucl\u00e9aires men\u00e9s par l&rsquo;arm\u00e9e am\u00e9ricaine au large des c\u00f4tes de l&rsquo;Alaska, Greenpeace est aujourd&rsquo;hui pr\u00e9sente dans 55 pays. La mission de l\u2019organisation est de prot\u00e9ger la biodiversit\u00e9 sous toutes ses formes et de lutter contre la crise climatique. Elle est guid\u00e9e par ses valeurs fondamentales que sont la non-violence, la responsabilit\u00e9 individuelle, l&rsquo;ind\u00e9pendance et l&rsquo;engagement \u00e0 mettre en lumi\u00e8re non seulement les probl\u00e8mes environnementaux, mais aussi \u00e0 proposer des solutions pratiques et porteuses d&rsquo;espoir.\u00a0<\/em><\/p>\n\n<p><strong><em>\u00c0 propos de la Fondation Gallifrey <\/em><\/strong>\u2014 <em>La <\/em><a href=\"https:\/\/gallifrey.foundation\/\" target=\"_blank\" rel=\"noreferrer noopener\"><em>Fondation Gallifrey <\/em><\/a><em>est une organisation de protection de l\u2019oc\u00e9an fond\u00e9e \u00e0 Gen\u00e8ve. Les sujets trait\u00e9s incluent mais ne se limitent pas \u00e0: pollution plastique et chimique associ\u00e9e, protection des requins, exploitation mini\u00e8re des fonds marins, \u00e9cocide, surp\u00eache, litige maritime. <\/em><a href=\"https:\/\/plasticfreecampus.org\/\" target=\"_blank\" rel=\"noreferrer noopener\"><em>Plastic Free Campus <\/em><\/a><em>est un programme gratuit de la Fondation propos\u00e9 aux \u00e9coles pour \u00ab\u00a0d\u00e9plastifier \u00bb leurs campus.<\/em><\/p>\n\n<p><strong><em>\u00c0 propos de BFFP <\/em><\/strong>\u2014 <em>#<\/em><a href=\"http:\/\/www.breakfreefromplastic.org.\" target=\"_blank\" rel=\"noreferrer noopener\"><em>BreakFreeFromPlastic<\/em><\/a><em> est un mouvement mondial qui ambitionne un avenir sans pollution plastique. Depuis son lancement en 2016, plus de 2\u2019700 organisations et 11\u2019000 sympathisant\u00b7es \u00e0 travers le monde ont rejoint le mouvement pour exiger une r\u00e9duction massive des plastiques \u00e0 usage unique et \u0153uvrer pour des solutions durables \u00e0 la crise de la pollution plastique. Les organisations et les individus membres de BFFP partagent les m\u00eames valeurs de protection de l&rsquo;environnement et de justice sociale et travaillent ensemble \u00e0 travers une approche globale pour induire un changement syst\u00e9mique. Cela implique de lutter contre la pollution sur toute la cha\u00eene de valeur du plastique, de l&rsquo;extraction \u00e0 l&rsquo;\u00e9limination, en privil\u00e9giant la pr\u00e9vention plut\u00f4t que la gu\u00e9rison et en proposant des solutions efficaces.<\/em><\/p>\n\n<h3 class=\"wp-block-heading\"><strong>Contacts presse internationaux<\/strong><\/h3>\n\n<ul class=\"wp-block-list\">\n<li>Greenpeace International: Angelica Pago | <a href=\"mailto:angelica.pago@greenpeace.org\">angelica.pago@greenpeace.org<\/a> | +63 917 112 4492<\/li>\n\n\n\n<li>Greenpeace Suisse: Fanny Eternod | <a href=\"mailto:fanny.eternod@greenpeace.org\">fanny.eternod@greenpeace.org<\/a> | +41 78 662 07 31\u00a0<\/li>\n\n\n\n<li>BreakFreeFromPlastic: Caro Gonzalez | <a href=\"mailto:Caro@breakfreefromplastic.org\">Caro@breakfreefromplastic.org<\/a> | +1 646 991-1013<\/li>\n<\/ul>\n\n<h3 class=\"wp-block-heading\"><strong>Contacts presse r\u00e9gionaux<\/strong><\/h3>\n\n<ul class=\"wp-block-list\">\n<li>Europe: Bethany Spendlove Keeley | <a href=\"mailto:Bethany@breakfreefromplastic.org\">Bethany@breakfreefromplastic.org<\/a> | +49 176 595 87 941<\/li>\n\n\n\n<li>Suisse: Fondation Gallifrey, Laurianne Trimoulla | <a href=\"mailto:laurianne@gallifrey.foundation\">laurianne@gallifrey.foundation<\/a> | +41 79 860 08 45<\/li>\n\n\n\n<li>Afrique: Masego Mokgwetsi | <a href=\"mailto:masego@breakfreefromplastic.org\">masego@breakfreefromplastic.org<\/a> | +27 71-412-2314<\/li>\n\n\n\n<li>\u00c9tats-Unis: Brett Nadrich | <a href=\"mailto:Brett@breakfreefromplastic.org\">Brett@breakfreefromplastic.org<\/a> | +1 929 269-4480<\/li>\n\n\n\n<li>Am\u00e9rique latine et Cara\u00efbes: Mafe | <a href=\"mailto:Mafe@breakfreefromplastic.org\">Mafe@breakfreefromplastic.org<\/a> | +58 424 210-8017\u00a0<\/li>\n\n\n\n<li>Asie et Pacifique: Eah Antonio | <a href=\"mailto:Eah@breakfreefromplastic.org\">Eah@breakfreefromplastic.org<\/a> | +91 9899747422<\/li>\n<\/ul>\n\n<p><\/p>\n","protected":false},"excerpt":{"rendered":"<p>Rassemblement de centaines de citoyen\u00b7nes et de repr\u00e9sentant\u00b7es de la soci\u00e9t\u00e9 civile du monde entier sur la Place des Nations \u00e0 Gen\u00e8ve la veille du dernier cycle de n\u00e9gociations pour un trait\u00e9 international sur les plastiques pour r\u00e9clamer un trait\u00e9 ambitieux et juridiquement contraignant qui donne la priorit\u00e9 \u00e0 la plan\u00e8te et ses habitant\u00b7es plut\u00f4t qu&rsquo;aux pollueurs.\u00a0\u00a0<\/p>\n","protected":false},"author":37,"featured_media":124096,"comment_status":"closed","ping_status":"open","sticky":false,"template":"","format":"standard","meta":{"_acf_changed":false,"_planet4_optimize_post_is_variant":false,"_planet4_optimize_experiment_name":"","_planet4_optimize_variant_name":"","ep_exclude_from_search":false,"p4_og_title":"","p4_og_description":"","p4_og_image":"","p4_og_image_id":"","p4_seo_canonical_url":"","p4_campaign_name":"","p4_local_project":"","p4_basket_name":"","p4_department":"","footnotes":""},"categories":[22],"tags":[74,218],"p4-page-type":[73],"gpch-article-type":[],"class_list":["post-124079","post","type-post","status-publish","format-standard","has-post-thumbnail","hentry","category-non-classifiee","tag-zero-dechet","tag-consommation","p4-page-type-communique-de-presse"],"acf":[],"_links":{"self":[{"href":"https:\/\/www.greenpeace.ch\/fr\/wp-json\/wp\/v2\/posts\/124079","targetHints":{"allow":["GET"]}}],"collection":[{"href":"https:\/\/www.greenpeace.ch\/fr\/wp-json\/wp\/v2\/posts"}],"about":[{"href":"https:\/\/www.greenpeace.ch\/fr\/wp-json\/wp\/v2\/types\/post"}],"author":[{"embeddable":true,"href":"https:\/\/www.greenpeace.ch\/fr\/wp-json\/wp\/v2\/users\/37"}],"replies":[{"embeddable":true,"href":"https:\/\/www.greenpeace.ch\/fr\/wp-json\/wp\/v2\/comments?post=124079"}],"version-history":[{"count":2,"href":"https:\/\/www.greenpeace.ch\/fr\/wp-json\/wp\/v2\/posts\/124079\/revisions"}],"predecessor-version":[{"id":124081,"href":"https:\/\/www.greenpeace.ch\/fr\/wp-json\/wp\/v2\/posts\/124079\/revisions\/124081"}],"wp:featuredmedia":[{"embeddable":true,"href":"https:\/\/www.greenpeace.ch\/fr\/wp-json\/wp\/v2\/media\/124096"}],"wp:attachment":[{"href":"https:\/\/www.greenpeace.ch\/fr\/wp-json\/wp\/v2\/media?parent=124079"}],"wp:term":[{"taxonomy":"category","embeddable":true,"href":"https:\/\/www.greenpeace.ch\/fr\/wp-json\/wp\/v2\/categories?post=124079"},{"taxonomy":"post_tag","embeddable":true,"href":"https:\/\/www.greenpeace.ch\/fr\/wp-json\/wp\/v2\/tags?post=124079"},{"taxonomy":"p4-page-type","embeddable":true,"href":"https:\/\/www.greenpeace.ch\/fr\/wp-json\/wp\/v2\/p4-page-type?post=124079"},{"taxonomy":"gpch-article-type","embeddable":true,"href":"https:\/\/www.greenpeace.ch\/fr\/wp-json\/wp\/v2\/gpch-article-type?post=124079"}],"curies":[{"name":"wp","href":"https:\/\/api.w.org\/{rel}","templated":true}]}}