{"id":127386,"date":"2025-11-04T13:21:13","date_gmt":"2025-11-04T12:21:13","guid":{"rendered":"https:\/\/www.greenpeace.ch\/article-de-magazine\/127386\/die-luft-im-amazonas-ist-schlechter-als-in-den-groessten-staedten-der-welt\/"},"modified":"2025-11-05T10:49:37","modified_gmt":"2025-11-05T09:49:37","slug":"air-amazonie-pollue-villes","status":"publish","type":"post","link":"https:\/\/www.greenpeace.ch\/fr\/story-fr\/127386\/air-amazonie-pollue-villes\/","title":{"rendered":"L&rsquo;air en Amazonie est plus pollu\u00e9 que dans les plus grandes villes du monde"},"content":{"rendered":"\n<p><strong>La qualit\u00e9 de l&rsquo;air dans la r\u00e9gion amazonienne se d\u00e9grade dangereusement. Les incendies allum\u00e9s pour cr\u00e9er de nouveaux p\u00e2turages empoisonnent l&rsquo;air et aggravent la crise climatique. Selon une nouvelle \u00e9tude, les habitant\u00b7es y respirent souvent un air o\u00f9 les concentrations de particules nocives sont souvent plus \u00e9lev\u00e9es que dans de grandes villes comme P\u00e9kin, S\u00e3o Paulo ou Santiago. Un comble pour ce qui \u00e9tait autrefois l&rsquo;\u00e9cosyst\u00e8me le plus florissant au monde. Les dirigeant\u00b7es politiques du monde entier doivent s&rsquo;engager en faveur de la protection de l&rsquo;Amazonie et de ses habitant\u00b7es lors de la COP 30 sur le climat qui se tiendra cette ann\u00e9e \u00e0 Bel\u00e9m, au Br\u00e9sil.<\/strong><\/p>\n\n<h2 class=\"wp-block-heading\"><strong>Des d\u00e9couvertes alarmantes<\/strong><\/h2>\n\n<p>La nouvelle \u00e9tude de Greenpeace International &#8211; <a href=\"https:\/\/www.greenpeace.org\/international\/publication\/79477\/toxic-skies-how-agribusiness-is-choking-the-amazon\/\"><em>Toxic Skies: How Agribusiness Is Choking the Amazon<\/em><\/a> &#8211; montre comment les incendies li\u00e9s \u00e0 l&rsquo;agriculture industrielle polluent l&rsquo;air de la for\u00eat tropicale. Les chercheur\u00b7ses ont surveill\u00e9 la qualit\u00e9 de l&rsquo;air dans deux villes de la r\u00e9gion amazonienne (Porto Velho et L\u00e1brea) en combinant des donn\u00e9es satellitaires et terrestres.\u00a0Les r\u00e9sultats sont alarmants:<\/p>\n\n<ul class=\"wp-block-list\">\n<li>Pendant la saison des incendies de 2024, les niveaux de particules fines ont d\u00e9pass\u00e9 de plus de 20 fois les directives de l&rsquo;Organisation mondiale de la sant\u00e9 (OMS).<\/li>\n\n\n\n<li>M\u00eame\u00a0 si en 2025 les incendies ont \u00e9t\u00e9 beaucoup moins nombreux, la pollution de l&rsquo;air \u00e9tait encore largement sup\u00e9rieure aux valeurs recommand\u00e9es.<\/li>\n\n\n\n<li>Entre 2019 et 2024, la pollution atmosph\u00e9rique moyenne annuelle \u00e0 Porto Velho \u00e9tait sup\u00e9rieure \u00e0 celle de nombreuses grandes m\u00e9gapoles. Cela s\u2019explique par la forte hausse des niveaux de particules fines pendant la saison des incendies.<\/li>\n\n\n\n<li>Autour de Porto Velho, environ 75% des terres d\u00e9frich\u00e9es par des incendies en 2024 servent de p\u00e2turages pour la production bovine. Une preuve que la plupart des incendies sont li\u00e9s au d\u00e9veloppement de l\u2019\u00e9levage.<\/li>\n\n\n\n<li>Plus de la moiti\u00e9 de la superficie totale br\u00fbl\u00e9e dans le biome amazonien en 2024 se trouve dans un rayon de 360 km autour des installations du plus grand transformateur de viande br\u00e9silien, JBS. JBS exporte ses produits carn\u00e9s dans le monde entier, y compris en Suisse.<\/li>\n<\/ul>\n\n<figure class=\"wp-block-image size-full\"><img loading=\"lazy\" decoding=\"async\" width=\"1200\" height=\"800\" src=\"https:\/\/www.greenpeace.ch\/static\/planet4-switzerland-stateless\/2025\/11\/18e510a3-gp0su6o3s_medium-res-1200px.jpg\" alt=\"\" class=\"wp-image-127361\" srcset=\"https:\/\/www.greenpeace.ch\/static\/planet4-switzerland-stateless\/2025\/11\/18e510a3-gp0su6o3s_medium-res-1200px.jpg 1200w, https:\/\/www.greenpeace.ch\/static\/planet4-switzerland-stateless\/2025\/11\/18e510a3-gp0su6o3s_medium-res-1200px-300x200.jpg 300w, https:\/\/www.greenpeace.ch\/static\/planet4-switzerland-stateless\/2025\/11\/18e510a3-gp0su6o3s_medium-res-1200px-1024x683.jpg 1024w, https:\/\/www.greenpeace.ch\/static\/planet4-switzerland-stateless\/2025\/11\/18e510a3-gp0su6o3s_medium-res-1200px-768x512.jpg 768w, https:\/\/www.greenpeace.ch\/static\/planet4-switzerland-stateless\/2025\/11\/18e510a3-gp0su6o3s_medium-res-1200px-510x340.jpg 510w\" sizes=\"auto, (max-width: 1200px) 100vw, 1200px\" \/><figcaption class=\"wp-element-caption\">Mesure de la qualit\u00e9 de l&rsquo;air en Amazonie. \u00a9 Marizilda Cruppe \/ Greenpeace\u00a0\u00bb<\/figcaption><\/figure>\n\n<h2 class=\"wp-block-heading\"><strong>La sant\u00e9 menac\u00e9e<\/strong><\/h2>\n\n<p>Les incendies en Amazonie sont allum\u00e9s intentionnellement pour d\u00e9fricher la for\u00eat, notamment pour cr\u00e9er des p\u00e2turages pour le b\u00e9tail. L&rsquo;impact pour la sant\u00e9 des habitant\u00b7es est d\u00e9sastreux. Hilda Barabad\u00e1 Karitiana, originaire du territoire indien Karitiana pr\u00e8s de Porto Velho, d\u00e9crit comment sa communaut\u00e9 vit avec la fum\u00e9e:<\/p>\n\n<p>\u201cPendant la saison s\u00e8che, l&rsquo;air est rempli de fum\u00e9e. M\u00eame si le feu est loin, nous le ressentons. Maux de gorge, toux persistante et yeux irrit\u00e9s. Tout le monde en souffre.\u201d<\/p>\n\n<p>Plus qu\u2019une nuisance saisonni\u00e8re, la fum\u00e9e est un danger pour la sant\u00e9 publique. L&rsquo;exposition \u00e0 des niveaux \u00e9lev\u00e9s de particules fines provoque des infections respiratoires, des maladies cardiaques et de l&rsquo;asthme, en particulier chez les enfants et les personnes \u00e2g\u00e9es.<\/p>\n\n<div class=\"wp-block-group is-style-background-1 is-layout-constrained wp-block-group-is-layout-constrained\">\n<h2 class=\"wp-block-heading\"><strong>Un tournant d\u00e9cisif \u00e0 la COP 30?\u00a0<\/strong><\/h2>\n\n\n\n<p>En novembre, la COP 30 se tiendra \u00e0 Bel\u00e9m, \u00e0 la lisi\u00e8re de la for\u00eat amazonienne. C\u2019est le premier sommet des Nations unies sur le climat organis\u00e9 dans une for\u00eat tropicale. C\u2019est l&rsquo;occasion de faire entendre les voix des habitant\u00b7es de l&rsquo;Amazonie, afin notamment de mettre en lumi\u00e8re la question de la qualit\u00e9 de l&rsquo;air lors des n\u00e9gociations internationales sur le climat. Voici nos revendications aupr\u00e8s des dirigeant\u00b7es politiques:<\/p>\n\n\n\n<ul class=\"wp-block-list\">\n<li>La COP 30 doit pr\u00e9senter un plan d&rsquo;action pour mettre en \u0153uvre l&rsquo;objectif de la Convention-cadre des Nations Unies sur les changements climatiques (CCNUCC) pour 2030 afin d&rsquo;arr\u00eater et d&rsquo;inverser la d\u00e9forestation et la d\u00e9gradation des for\u00eats dans le monde. Il est temps de passer \u00e0 l&rsquo;action.<\/li>\n\n\n\n<li>Les gouvernements doivent de toute urgence r\u00e9glementer mettre les entreprises du secteur agro-industriel et les institutions financi\u00e8res en conformit\u00e9 avec les objectifs de l&rsquo;accord de Paris, la Convention sur la diversit\u00e9 biologique ainsi que et les objectifs de d\u00e9veloppement durable des Nations Unies.<\/li>\n\n\n\n<li>Les \u00c9tats doivent assurer la transition vers des syst\u00e8mes alimentaires v\u00e9ritablement \u00e9cologiques et \u00e9quitables, mettre fin \u00e0 la d\u00e9forestation et r\u00e9duire les \u00e9missions li\u00e9es \u00e0 l&rsquo;agriculture, y compris le m\u00e9thane.<\/li>\n\n\n\n<li>Les dirigeant\u00b7es du monde entier doivent garantir le financement de solutions efficaces pour la protection et la restauration des for\u00eats et mettre \u00e0 disposition des fonds directement accessibles aux populations autochtones et aux communaut\u00e9s locales.<\/li>\n<\/ul>\n<\/div>\n\t\t\t<section\n\t\t\tclass=\"boxout post-118881 \"\n\t\t\t\n\t\t>\n\t\t\t<a\n\t\t\t\tdata-ga-category=\"Take Action Boxout\"\n\t\t\t\tdata-ga-action=\"Image\"\n\t\t\t\tdata-ga-label=\"n\/a\"\n\t\t\t\tclass=\"cover-card-overlay\"\n\t\t\t\thref=\"https:\/\/www.greenpeace.ch\/fr\/agir\/proteger-amazonie\/\" \n\t\t\t><\/a>\n\t\t\t\t\t\t\t<img\n\t\t\t\t\t\tsrc=\"https:\/\/www.greenpeace.ch\/static\/planet4-switzerland-stateless\/2025\/12\/851e9d33-nl-header-13-1024x438.png\"\n\t\t\t\t\t\tsrcset=\"https:\/\/www.greenpeace.ch\/static\/planet4-switzerland-stateless\/2025\/12\/851e9d33-nl-header-13-300x128.png 300w, https:\/\/www.greenpeace.ch\/static\/planet4-switzerland-stateless\/2025\/12\/851e9d33-nl-header-13-1024x438.png 1024w, https:\/\/www.greenpeace.ch\/static\/planet4-switzerland-stateless\/2025\/12\/851e9d33-nl-header-13-768x328.png 768w, https:\/\/www.greenpeace.ch\/static\/planet4-switzerland-stateless\/2025\/12\/851e9d33-nl-header-13-510x218.png 510w, https:\/\/www.greenpeace.ch\/static\/planet4-switzerland-stateless\/2025\/12\/851e9d33-nl-header-13.png 1160w\"\n\t\t\t\t\t\tsizes=\"(min-width: 1000px) 358px, (min-width: 780px) 313px, 88px\"\n\t\t\t\t\t\talt=\"\" title=\"\"\n\t\t\t\t\/>\n            \t\t\t<div class=\"boxout-content\">\n\t\t\t\t\t\t\t\t\t<a\n\t\t\t\t\t\tclass=\"boxout-heading medium\"\n\t\t\t\t\t\tdata-ga-category=\"Take Action Boxout\"\n\t\t\t\t\t\tdata-ga-action=\"Title\"\n\t\t\t\t\t\tdata-ga-label=\"n\/a\"\n\t\t\t\t\t\thref=\"https:\/\/www.greenpeace.ch\/fr\/agir\/proteger-amazonie\/\"\n\t\t\t\t\t\t\n\t\t\t\t\t>\n\t\t\t\t\t\tProt\u00e9ger l&rsquo;Amazonie\n\t\t\t\t\t<\/a>\n\t\t\t\t\t\t\t\t\t\t\t\t\t<p class=\"boxout-excerpt\">Exigeons une action mondiale en faveur de l\u2019Amazonie!<\/p>\n\t\t\t\t                                    <a\n                        class=\"btn btn-primary\"\n                        data-ga-category=\"Take Action Boxout\"\n                        data-ga-action=\"Call to Action\"\n                        data-ga-label=\"n\/a\"\n                        href=\"https:\/\/www.greenpeace.ch\/fr\/agir\/proteger-amazonie\/\"\n                        \n                    >\n                        Impliquez-vous\n                    <\/a>\n                \t\t\t<\/div>\n\t\t\t\t\t<\/section>\n\t","protected":false},"excerpt":{"rendered":"<p>La qualit\u00e9 de l&rsquo;air dans la r\u00e9gion amazonienne se d\u00e9grade dangereusement. Les incendies allum\u00e9s pour cr\u00e9er de nouveaux p\u00e2turages empoisonnent l&rsquo;air et aggravent la crise climatique. Selon une nouvelle \u00e9tude, les habitant\u00b7es y respirent souvent un air o\u00f9 les concentrations de particules nocives sont souvent plus \u00e9lev\u00e9es que dans de grandes villes comme P\u00e9kin, S\u00e3o Paulo ou Santiago.<\/p>\n","protected":false},"author":89,"featured_media":127356,"comment_status":"closed","ping_status":"open","sticky":false,"template":"","format":"standard","meta":{"_acf_changed":false,"_planet4_optimize_post_is_variant":false,"_planet4_optimize_experiment_name":"","_planet4_optimize_variant_name":"","ep_exclude_from_search":false,"p4_og_title":"","p4_og_description":"","p4_og_image":"","p4_og_image_id":"","p4_seo_canonical_url":"","p4_campaign_name":"","p4_local_project":"","p4_basket_name":"","p4_department":"","footnotes":""},"categories":[22],"tags":[58,66],"p4-page-type":[77],"gpch-article-type":[],"class_list":["post-127386","post","type-post","status-publish","format-standard","has-post-thumbnail","hentry","category-non-classifiee","tag-climat","tag-forets","p4-page-type-story-fr"],"acf":[],"_links":{"self":[{"href":"https:\/\/www.greenpeace.ch\/fr\/wp-json\/wp\/v2\/posts\/127386","targetHints":{"allow":["GET"]}}],"collection":[{"href":"https:\/\/www.greenpeace.ch\/fr\/wp-json\/wp\/v2\/posts"}],"about":[{"href":"https:\/\/www.greenpeace.ch\/fr\/wp-json\/wp\/v2\/types\/post"}],"author":[{"embeddable":true,"href":"https:\/\/www.greenpeace.ch\/fr\/wp-json\/wp\/v2\/users\/89"}],"replies":[{"embeddable":true,"href":"https:\/\/www.greenpeace.ch\/fr\/wp-json\/wp\/v2\/comments?post=127386"}],"version-history":[{"count":4,"href":"https:\/\/www.greenpeace.ch\/fr\/wp-json\/wp\/v2\/posts\/127386\/revisions"}],"predecessor-version":[{"id":127397,"href":"https:\/\/www.greenpeace.ch\/fr\/wp-json\/wp\/v2\/posts\/127386\/revisions\/127397"}],"wp:featuredmedia":[{"embeddable":true,"href":"https:\/\/www.greenpeace.ch\/fr\/wp-json\/wp\/v2\/media\/127356"}],"wp:attachment":[{"href":"https:\/\/www.greenpeace.ch\/fr\/wp-json\/wp\/v2\/media?parent=127386"}],"wp:term":[{"taxonomy":"category","embeddable":true,"href":"https:\/\/www.greenpeace.ch\/fr\/wp-json\/wp\/v2\/categories?post=127386"},{"taxonomy":"post_tag","embeddable":true,"href":"https:\/\/www.greenpeace.ch\/fr\/wp-json\/wp\/v2\/tags?post=127386"},{"taxonomy":"p4-page-type","embeddable":true,"href":"https:\/\/www.greenpeace.ch\/fr\/wp-json\/wp\/v2\/p4-page-type?post=127386"},{"taxonomy":"gpch-article-type","embeddable":true,"href":"https:\/\/www.greenpeace.ch\/fr\/wp-json\/wp\/v2\/gpch-article-type?post=127386"}],"curies":[{"name":"wp","href":"https:\/\/api.w.org\/{rel}","templated":true}]}}